{"id":1068399,"date":"2026-06-04T03:39:36","date_gmt":"2026-06-04T03:39:36","guid":{"rendered":"https:\/\/www.europesays.com\/de\/1068399\/"},"modified":"2026-06-04T03:39:36","modified_gmt":"2026-06-04T03:39:36","slug":"tsg-hoffenheim-verpflichtet-patrick-wimmer-tsg-hoffenheim","status":"publish","type":"post","link":"https:\/\/www.europesays.com\/de\/1068399\/","title":{"rendered":"TSG Hoffenheim verpflichtet Patrick Wimmer \u00bb TSG Hoffenheim"},"content":{"rendered":"<p>Die TSG Hoffenheim hat den \u00f6sterreichischen Nationalspieler und WM-Teilnehmer Patrick Wimmer verpflichtet. Der 25 Jahre alte Offensivakteur wechselt vom VfL Wolfsburg in den Kraichgau. <\/p>\n<p>Die TSG arbeitet weiter konsequent am Kader f\u00fcr die anstehende Spielzeit: Der \u00f6sterreichische Offensivspieler Patrick Wimmer wechselt vom VfL Wolfsburg nach Hoffenheim. Der 25-J\u00e4hrige, der in den n\u00e4chsten Wochen mit \u00d6sterreich bei der WM antreten wird, unterschrieb im Kraichgau einen langfristigen Vertrag. Wimmer verschafft Trainer Christian Ilzer damit eine weitere starke Option f\u00fcr das Angriffsspiel.<\/p>\n<p>\u00a0\u201ePatrick ist mit seinem Profil offensiv variabel einsetzbar und hat seine Qualit\u00e4ten in der Bundesliga bereits nachhaltig unter Beweis gestellt. Er passt aufgrund seiner intensiven Spielweise und Duell-Qualit\u00e4t hervorragend in unsere Spielidee\u201c, sagt TSG-Sportdirektor Paul Pajduch. \u201eNach dem Abstieg des VfL Wolfsburg hatte Patrick eine Vielzahl von Angeboten aus dem In- und Ausland. Umso mehr freut es uns, dass wir ihn f\u00fcr unseren TSG-Weg gewinnen konnten. Wir sind \u00fcberzeugt davon, dass er uns nicht nur auf Anhieb verst\u00e4rken wird, sondern auch selbst noch weitere Schritte in seiner Entwicklung gehen kann.\u201c<\/p>\n<p>Auch Wimmer freut sich auf die neue Herausforderung im Kraichgau: \u201eDie TSG Hoffenheim hat in der vergangenen Saison eine beeindruckende Entwicklung genommen, mit spannenden Spielern und einem intensiven wie attraktiven Fu\u00dfball. Zudem kenne ich den Trainer noch aus unserer gemeinsamen Zeit bei Austria Wien, als ich unter Chris Ilzer zum Profi wurde. Ich freue mich sehr, nun in Hoffenheim wieder unter ihm arbeiten zu k\u00f6nnen. Besonders bedanken m\u00f6chte ich mich zudem bei Andreas Schicker und Paul Pajduch f\u00fcr die guten Gespr\u00e4che, die mich vollends \u00fcberzeugt haben.\u201c<\/p>\n<p>Patrick Wimmer begann das Fu\u00dfballspielen beim nieder\u00f6sterreichischen Dorfverein SC Sitzenberg-Reidling. \u00dcber den Nachwuchs der SG Waidhofen\/Ybbs und des viertklassigen SV Gaflenz empfahl sich der \u00d6sterreicher f\u00fcr h\u00f6here Aufgaben. Zun\u00e4chst lief Wimmer f\u00fcr die Zweitvertretung von Austria Wien auf, ehe der heutige TSG-Coach Christian Ilzer dem damals 18-J\u00e4hrigen zum Deb\u00fct in der \u00f6sterreichischen Bundesliga verhalf. Im August 2021 sicherte sich Arminia Bielefeld die Dienste des Offensivakteurs, der ein Jahr sp\u00e4ter zum VfL Wolfsburg wechselte.<\/p>\n<p>In der Bundesliga absolvierte Wimmer bislang 125 Eins\u00e4tze, in denen ihm 16 Tore und 23 Vorlagen gelangen. F\u00fcr die \u00f6sterreichische Nationalmannschaft lief Wimmer bislang 30-mal auf (1 Tor) und nahm auch an der EURO 2024 in Deutschland teil. Nun reist der 25-J\u00e4hrige mit dem \u00d6FB-Team um Trainer Ralf Rangnick nach Kalifornien, um an der Fu\u00dfball-WM in den USA, Kanada und Mexiko teilzunehmen.\u00a0\u00a0\u00a0\u00a0<\/p>\n<p>    <img decoding=\"async\" src=\"https:\/\/www.europesays.com\/de\/wp-content\/uploads\/2026\/02\/tsg-app-icon.png\" alt=\"TSG App Icon\" class=\"logo\"\/><\/p>\n","protected":false},"excerpt":{"rendered":"Die TSG Hoffenheim hat den \u00f6sterreichischen Nationalspieler und WM-Teilnehmer Patrick Wimmer verpflichtet. Der 25 Jahre alte Offensivakteur wechselt&hellip;\n","protected":false},"author":2,"featured_media":1068400,"comment_status":"","ping_status":"","sticky":false,"template":"","format":"standard","meta":{"footnotes":"","_share_on_mastodon":"0"},"categories":[5],"tags":[299,13,8844,14,15,12,10,8,9,11,8550],"class_list":["post-1068399","post","type-post","status-publish","format-standard","has-post-thumbnail","category-nachrichten","tag-bundesliga","tag-headlines","tag-hoffenheim","tag-nachrichten","tag-news","tag-schlagzeilen","tag-top-news","tag-top-meldungen","tag-topmeldungen","tag-topnews","tag-tsg"],"share_on_mastodon":{"url":"https:\/\/pubeurope.com\/@de\/116689762433582316","error":""},"_links":{"self":[{"href":"https:\/\/www.europesays.com\/de\/wp-json\/wp\/v2\/posts\/1068399","targetHints":{"allow":["GET"]}}],"collection":[{"href":"https:\/\/www.europesays.com\/de\/wp-json\/wp\/v2\/posts"}],"about":[{"href":"https:\/\/www.europesays.com\/de\/wp-json\/wp\/v2\/types\/post"}],"author":[{"embeddable":true,"href":"https:\/\/www.europesays.com\/de\/wp-json\/wp\/v2\/users\/2"}],"replies":[{"embeddable":true,"href":"https:\/\/www.europesays.com\/de\/wp-json\/wp\/v2\/comments?post=1068399"}],"version-history":[{"count":0,"href":"https:\/\/www.europesays.com\/de\/wp-json\/wp\/v2\/posts\/1068399\/revisions"}],"wp:featuredmedia":[{"embeddable":true,"href":"https:\/\/www.europesays.com\/de\/wp-json\/wp\/v2\/media\/1068400"}],"wp:attachment":[{"href":"https:\/\/www.europesays.com\/de\/wp-json\/wp\/v2\/media?parent=1068399"}],"wp:term":[{"taxonomy":"category","embeddable":true,"href":"https:\/\/www.europesays.com\/de\/wp-json\/wp\/v2\/categories?post=1068399"},{"taxonomy":"post_tag","embeddable":true,"href":"https:\/\/www.europesays.com\/de\/wp-json\/wp\/v2\/tags?post=1068399"}],"curies":[{"name":"wp","href":"https:\/\/api.w.org\/{rel}","templated":true}]}}