{"id":1068447,"date":"2026-06-04T04:07:15","date_gmt":"2026-06-04T04:07:15","guid":{"rendered":"https:\/\/www.europesays.com\/de\/1068447\/"},"modified":"2026-06-04T04:07:15","modified_gmt":"2026-06-04T04:07:15","slug":"ruecklaeufiger-markt-in-frankreich-agrartechnik","status":"publish","type":"post","link":"https:\/\/www.europesays.com\/de\/1068447\/","title":{"rendered":"R\u00fcckl\u00e4ufiger Markt in Frankreich | Agrartechnik"},"content":{"rendered":"<p>Die Ende Mai vom franz\u00f6sischen Verband der Landmaschinenhersteller Axema vorgelegte Branchenbilanz best\u00e4tigt einen R\u00fcckgang im Landmaschinenmarkt, dessen Umsatz nach dem historischen H\u00f6chststand von 9,38 Mrd. Euro im Jahr 2023 nun bei 7,1 Mrd. Euro liegt. Zwei aufeinanderfolgende Jahre mit R\u00fcckg\u00e4ngen haben den franz\u00f6sischen Markt auf das Niveau von 2021 gebracht, wodurch sich der kumulierte R\u00fcckgang seit 2023 auf 22% bel\u00e4uft. Nach Angaben von Axema d\u00fcrfte er in diesem Jahr weiter schrumpfen. Besonders betroffen sind Hersteller, die auf Maschinen f\u00fcr den Ackerbau und den Weinbau spezialisiert sind. Die Verk\u00e4ufe von Standardtraktoren, M\u00e4hdreschern und Weinlesemaschinen erreichen historische Tiefstst\u00e4nde. Im Gegensatz dazu halten sich die Maschinen f\u00fcr die Tierhaltung dank Investitionen in Milchviehbetriebe besser. Trotz dieser Rahmenbedingungen bleibt die franz\u00f6sische Produktion im Exportbereich dynamisch: Sie profitiert von einem Anstieg der Verk\u00e4ufe nach Afrika (+46 %), Osteuropa (+17 %) und Westeuropa (+11 %). Axema rechnet jedoch nicht mit einer allgemeinen Erholung vor 2027. Die Organisation setzt insbesondere auf die Elektrifizierung von Landmaschinen, die die Wettbewerbsf\u00e4higkeit in den kommenden Jahren st\u00e4rken d\u00fcrfte.<\/p>\n<p>Bild: David Targy, Direktor f\u00fcr Wirtschafts- und internationale Angelegenheiten bei Axema<\/p>\n","protected":false},"excerpt":{"rendered":"Die Ende Mai vom franz\u00f6sischen Verband der Landmaschinenhersteller Axema vorgelegte Branchenbilanz best\u00e4tigt einen R\u00fcckgang im Landmaschinenmarkt, dessen Umsatz&hellip;\n","protected":false},"author":2,"featured_media":1068448,"comment_status":"","ping_status":"","sticky":false,"template":"","format":"standard","meta":{"footnotes":"","_share_on_mastodon":"0"},"categories":[3974],"tags":[4641,331,332,548,663,3934,3980,156,13,4642,4640,14,15,12,4637,4639,4638],"class_list":["post-1068447","post","type-post","status-publish","format-standard","has-post-thumbnail","category-frankreich","tag-agartechnik","tag-aktuelle-nachrichten","tag-aktuelle-news","tag-eu","tag-europa","tag-europe","tag-france","tag-frankreich","tag-headlines","tag-landtechnik","tag-mediadaten","tag-nachrichten","tag-news","tag-schlagzeilen","tag-schweizer-landtechnik","tag-svlt","tag-zeitschrift"],"share_on_mastodon":{"url":"https:\/\/pubeurope.com\/@de\/116689871978857747","error":""},"_links":{"self":[{"href":"https:\/\/www.europesays.com\/de\/wp-json\/wp\/v2\/posts\/1068447","targetHints":{"allow":["GET"]}}],"collection":[{"href":"https:\/\/www.europesays.com\/de\/wp-json\/wp\/v2\/posts"}],"about":[{"href":"https:\/\/www.europesays.com\/de\/wp-json\/wp\/v2\/types\/post"}],"author":[{"embeddable":true,"href":"https:\/\/www.europesays.com\/de\/wp-json\/wp\/v2\/users\/2"}],"replies":[{"embeddable":true,"href":"https:\/\/www.europesays.com\/de\/wp-json\/wp\/v2\/comments?post=1068447"}],"version-history":[{"count":0,"href":"https:\/\/www.europesays.com\/de\/wp-json\/wp\/v2\/posts\/1068447\/revisions"}],"wp:featuredmedia":[{"embeddable":true,"href":"https:\/\/www.europesays.com\/de\/wp-json\/wp\/v2\/media\/1068448"}],"wp:attachment":[{"href":"https:\/\/www.europesays.com\/de\/wp-json\/wp\/v2\/media?parent=1068447"}],"wp:term":[{"taxonomy":"category","embeddable":true,"href":"https:\/\/www.europesays.com\/de\/wp-json\/wp\/v2\/categories?post=1068447"},{"taxonomy":"post_tag","embeddable":true,"href":"https:\/\/www.europesays.com\/de\/wp-json\/wp\/v2\/tags?post=1068447"}],"curies":[{"name":"wp","href":"https:\/\/api.w.org\/{rel}","templated":true}]}}