{"id":1068562,"date":"2026-06-04T05:15:28","date_gmt":"2026-06-04T05:15:28","guid":{"rendered":"https:\/\/www.europesays.com\/de\/1068562\/"},"modified":"2026-06-04T05:15:28","modified_gmt":"2026-06-04T05:15:28","slug":"sv-wehen-wiesbaden-so-laeuft-das-scouting-im-kinder-und-jugendfussball-2","status":"publish","type":"post","link":"https:\/\/www.europesays.com\/de\/1068562\/","title":{"rendered":"SV Wehen Wiesbaden: So l\u00e4uft das Scouting im Kinder- und Jugendfu\u00dfball"},"content":{"rendered":"<p>Wie ist der Scoutingprozess im Nachwuchsbereich organisiert (Sichtungen, Kooperationen mit Vereinen, St\u00fctzpunkte)? Welche Kriterien spielen bei der Bewertung junger Talente eine zentrale Rolle?<\/p>\n<p>\u201eUnser Scoutingprozess basiert auf mehreren Bausteinen. Dazu geh\u00f6ren das Live-Scouting im regionalen Umfeld, Empfehlungen aus bestehenden Netzwerken und Sichtungstage sowie Probetrainings. Die Bewertung junger Talente erfolgt ganzheitlich. Neben den technischen F\u00e4higkeiten achten wir insbesondere darauf, dass eine gro\u00dfe Leidenschaft vorhanden ist, der Wille besteht, sich weiterzuentwickeln, und entsprechender Flei\u00df erkennbar ist. Zudem spielen auch soziale Kompetenzen, wie Lern- und Teamf\u00e4higkeit, eine wichtige Rolle. Uns ist es wichtig, das Gef\u00fchl zu haben, dass der Spieler sowohl zum Verein als auch zur Mannschaft passt.\u201c<\/p>\n","protected":false},"excerpt":{"rendered":"Wie ist der Scoutingprozess im Nachwuchsbereich organisiert (Sichtungen, Kooperationen mit Vereinen, St\u00fctzpunkte)? Welche Kriterien spielen bei der Bewertung&hellip;\n","protected":false},"author":2,"featured_media":1068268,"comment_status":"","ping_status":"","sticky":false,"template":"","format":"standard","meta":{"footnotes":"","_share_on_mastodon":"0"},"categories":[1847],"tags":[5650,5651,5652,5654,5655,3364,29,548,663,3934,30,5660,13,2052,5656,5653,5657,1427,14,15,5659,5658,5661,12,4544,5662],"class_list":["post-1068562","post","type-post","status-publish","format-standard","has-post-thumbnail","category-wiesbaden","tag-alzey","tag-bad-kreuznach","tag-bad-sobernheim","tag-bingen","tag-buerstadt","tag-de","tag-deutschland","tag-eu","tag-europa","tag-europe","tag-germany","tag-guntersblum","tag-headlines","tag-hessen","tag-ingelheim","tag-kirn","tag-lampertheim","tag-mainz","tag-nachrichten","tag-news","tag-nierstein","tag-oppenheim","tag-ruesselsheim","tag-schlagzeilen","tag-wiesbaden","tag-worms"],"share_on_mastodon":{"url":"https:\/\/pubeurope.com\/@de\/116690139672457275","error":""},"_links":{"self":[{"href":"https:\/\/www.europesays.com\/de\/wp-json\/wp\/v2\/posts\/1068562","targetHints":{"allow":["GET"]}}],"collection":[{"href":"https:\/\/www.europesays.com\/de\/wp-json\/wp\/v2\/posts"}],"about":[{"href":"https:\/\/www.europesays.com\/de\/wp-json\/wp\/v2\/types\/post"}],"author":[{"embeddable":true,"href":"https:\/\/www.europesays.com\/de\/wp-json\/wp\/v2\/users\/2"}],"replies":[{"embeddable":true,"href":"https:\/\/www.europesays.com\/de\/wp-json\/wp\/v2\/comments?post=1068562"}],"version-history":[{"count":0,"href":"https:\/\/www.europesays.com\/de\/wp-json\/wp\/v2\/posts\/1068562\/revisions"}],"wp:featuredmedia":[{"embeddable":true,"href":"https:\/\/www.europesays.com\/de\/wp-json\/wp\/v2\/media\/1068268"}],"wp:attachment":[{"href":"https:\/\/www.europesays.com\/de\/wp-json\/wp\/v2\/media?parent=1068562"}],"wp:term":[{"taxonomy":"category","embeddable":true,"href":"https:\/\/www.europesays.com\/de\/wp-json\/wp\/v2\/categories?post=1068562"},{"taxonomy":"post_tag","embeddable":true,"href":"https:\/\/www.europesays.com\/de\/wp-json\/wp\/v2\/tags?post=1068562"}],"curies":[{"name":"wp","href":"https:\/\/api.w.org\/{rel}","templated":true}]}}