{"id":1068683,"date":"2026-06-04T06:28:16","date_gmt":"2026-06-04T06:28:16","guid":{"rendered":"https:\/\/www.europesays.com\/de\/1068683\/"},"modified":"2026-06-04T06:28:16","modified_gmt":"2026-06-04T06:28:16","slug":"switch-2-nintendo-bestaetigt-eu-version-mit-austauschbarem-akku","status":"publish","type":"post","link":"https:\/\/www.europesays.com\/de\/1068683\/","title":{"rendered":"Switch 2: Nintendo best\u00e4tigt EU-Version mit austauschbarem Akku"},"content":{"rendered":"<p>F\u00fcr den europ\u00e4ischen Markt wird <a href=\"https:\/\/www.heise.de\/thema\/Nintendo\" rel=\"external noopener nofollow\" target=\"_blank\">Nintendo<\/a> eine Version der Switch 2 bereitstellen, deren Akkus die Nutzerinnen und Nutzer selbst wechseln k\u00f6nnen. Das geht aus der Compliance-Seite von Nintendo hervor.<\/p>\n<p>        Weiterlesen nach der Anzeige<\/p>\n<p>Auf der <a href=\"https:\/\/www.nintendo.com\/en-gb\/Corporate\/Consumer-Information\/Compliance-with-EU-Directives-and-Regulations\/Compliance-with-EU-Directives-and-Regulations-625942.html\" rel=\"external noopener nofollow\" target=\"_blank\">Compliance-Seite<\/a> begr\u00fcndet Nintendo den Schritt mit der EU-Batterieverordnung, die ab dem 18. Februar 2027 in Kraft tritt. Sie schreibt vor, dass Akkus in bestimmten Ger\u00e4ten jederzeit vom User austauschbar sein m\u00fcssen. <a class=\"heiseplus-lnk\" href=\"https:\/\/www.heise.de\/hintergrund\/Wie-die-EU-das-Recht-auf-Reparatur-staerken-will-10355449.html\" rel=\"nofollow noopener\" target=\"_blank\">Die Vorgabe gilt unter anderem f\u00fcr Kopfh\u00f6rer, Saugroboter, M\u00e4hroboter, Bluetooth-Boxen sowie E-Bikes, E-Scooter und Spielkonsolen<\/a>.<\/p>\n<p>Die Switch 2 und ihr Zubeh\u00f6r tragen allesamt Modellnummern, die mit \u201eBEE\u201c beginnen: Die Konsole selbst hat die Bezeichnung BEE-001, die Joy-Con-2-Controller BEE-012 und BEE-014. F\u00fcr Produkte dieser Modellreihe werden laut Nintendo k\u00fcnftig verordnungskonforme Versionen erscheinen. Das deutet darauf hin, dass auch die Joy-Con so \u00fcberarbeitet werden, dass sich ihr Akku wechseln l\u00e4sst.<\/p>\n<p>Preisanstieg bereits angek\u00fcndigt<\/p>\n<p>Aktuell braucht es f\u00fcr den Akkutausch bei einer Switch 2 Sachverstand und Geschick, das <a href=\"https:\/\/de.ifixit.com\/Device\/Nintendo_Switch_2\" rel=\"external noopener nofollow\" target=\"_blank\">Reparatur-Magazin iFixit<\/a> gibt der Switch 2 nur 3 von m\u00f6glichen 10 Punkten auf der Reparierbarkeits-Skala. Ob sich durch den Wechselakku auch andere Hardware-Spezifikationen und Abmessungen \u00e4ndern, ist nicht klar. Nintendo macht keine Angaben dazu, wann genau die \u00fcberarbeitete Version der Switch 2 in den Handel kommt und ob sie auch au\u00dferhalb der EU verf\u00fcgbar wird. Eine Nachfrage von heise online hat Nintendo nicht unmittelbar beantwortet.<\/p>\n<p>Eine Preiserh\u00f6hung f\u00fcr die Switch 2 steht ohnehin an: Am 1. September will Nintendo die <a href=\"https:\/\/www.heise.de\/news\/Nintendo-Switch-2-koennte-in-Europa-bald-mit-austauschbarem-Akku-erscheinen-11221327.html\" rel=\"nofollow noopener\" target=\"_blank\">Europa-Preisempfehlung f\u00fcr die Handheld-Konsole von 470 auf 500 Euro anheben<\/a>. Mit dem Umstieg auf eine Wechselakku-Version scheint das nicht zusammenzuh\u00e4ngen \u2013 die Preise steigen in den USA und in Japan ebenfalls.<\/p>\n<p>        Weiterlesen nach der Anzeige<\/p>\n<p>Bereits im M\u00e4rz berichtete die <a href=\"https:\/\/asia.nikkei.com\/business\/electronics\/nintendo-switch-2-to-let-eu-users-change-batteries-on-their-own\" rel=\"external noopener nofollow\" target=\"_blank\">Wirtschaftszeitung Nikkei Asia<\/a> \u00fcber Pl\u00e4ne von Nintendo, eine Switch-2-Version mit Wechselakku f\u00fcr den EU-Markt herzustellen.<\/p>\n<p>(<a class=\"redakteurskuerzel__link\" href=\"https:\/\/www.heise.de\/news\/mailto:dahe@heise.de\" title=\"Daniel Herbig\" rel=\"nofollow noopener\" target=\"_blank\">dahe<\/a>)<\/p>\n<p>\n      Dieser Link ist leider nicht mehr g\u00fcltig.\n    <\/p>\n<p>Links zu verschenkten Artikeln werden ung\u00fcltig,<br \/>\n      wenn diese \u00e4lter als 7\u00a0Tage sind oder zu oft aufgerufen wurden.\n    <\/p>\n<p><strong>Sie ben\u00f6tigen ein heise+ Paket, um diesen Artikel zu lesen. Jetzt eine Woche unverbindlich testen \u2013 ohne Verpflichtung!<\/strong><\/p>\n","protected":false},"excerpt":{"rendered":"F\u00fcr den europ\u00e4ischen Markt wird Nintendo eine Version der Switch 2 bereitstellen, deren Akkus die Nutzerinnen und Nutzer&hellip;\n","protected":false},"author":2,"featured_media":1068684,"comment_status":"","ping_status":"","sticky":false,"template":"","format":"standard","meta":{"footnotes":"","_share_on_mastodon":"0"},"categories":[135],"tags":[29,214,30,205,207,190,189,8267,194,191,193,192],"class_list":["post-1068683","post","type-post","status-publish","format-standard","has-post-thumbnail","category-wissenschaft-technik","tag-deutschland","tag-entertainment","tag-germany","tag-nintendo","tag-nintendo-switch-2","tag-science","tag-science-technology","tag-spiele","tag-technik","tag-technology","tag-wissenschaft","tag-wissenschaft-technik"],"share_on_mastodon":{"url":"https:\/\/pubeurope.com\/@de\/116690426940300144","error":""},"_links":{"self":[{"href":"https:\/\/www.europesays.com\/de\/wp-json\/wp\/v2\/posts\/1068683","targetHints":{"allow":["GET"]}}],"collection":[{"href":"https:\/\/www.europesays.com\/de\/wp-json\/wp\/v2\/posts"}],"about":[{"href":"https:\/\/www.europesays.com\/de\/wp-json\/wp\/v2\/types\/post"}],"author":[{"embeddable":true,"href":"https:\/\/www.europesays.com\/de\/wp-json\/wp\/v2\/users\/2"}],"replies":[{"embeddable":true,"href":"https:\/\/www.europesays.com\/de\/wp-json\/wp\/v2\/comments?post=1068683"}],"version-history":[{"count":0,"href":"https:\/\/www.europesays.com\/de\/wp-json\/wp\/v2\/posts\/1068683\/revisions"}],"wp:featuredmedia":[{"embeddable":true,"href":"https:\/\/www.europesays.com\/de\/wp-json\/wp\/v2\/media\/1068684"}],"wp:attachment":[{"href":"https:\/\/www.europesays.com\/de\/wp-json\/wp\/v2\/media?parent=1068683"}],"wp:term":[{"taxonomy":"category","embeddable":true,"href":"https:\/\/www.europesays.com\/de\/wp-json\/wp\/v2\/categories?post=1068683"},{"taxonomy":"post_tag","embeddable":true,"href":"https:\/\/www.europesays.com\/de\/wp-json\/wp\/v2\/tags?post=1068683"}],"curies":[{"name":"wp","href":"https:\/\/api.w.org\/{rel}","templated":true}]}}