{"id":1068762,"date":"2026-06-04T07:14:29","date_gmt":"2026-06-04T07:14:29","guid":{"rendered":"https:\/\/www.europesays.com\/de\/1068762\/"},"modified":"2026-06-04T07:14:29","modified_gmt":"2026-06-04T07:14:29","slug":"stadtteil-geschichten-in-dresden-tolkewitz","status":"publish","type":"post","link":"https:\/\/www.europesays.com\/de\/1068762\/","title":{"rendered":"Stadtteil-Geschichten in Dresden: Tolkewitz"},"content":{"rendered":"<p>So ruhig und friedlich wie in Tolkewitz ist es sonst nirgends, findet Martin Kaden. Seit 1989 lebt der geb\u00fcrtige Vogtl\u00e4nder hier und m\u00f6chte seinen Stadtteil auch nicht mehr verlassen.<\/p>\n<p>Er kennt nicht nur jede Ecke, sondern auch die Geschichte des Ortes: Aus ersten Recherchen f\u00fcr eine Ausstellung in der Kirchgemeinde der Bethlehemkirche entstand ein umfangreiches Archiv \u2013 und schlie\u00dflich ein komplettes Buch \u00fcber die Geschichte von Tolkewitz. Martin Kaden erz\u00e4hlt, was den Stadtteil zwischen Blasewitz und Leuben so besonders macht:<\/p>\n<p>Tolkewitz ist f\u00fcr Sie der sch\u00f6nste Stadtteil, weil\u2026<\/p>\n<p>\u2026 man hier einfach gut leben kann. Der Stadtteil ist gr\u00fcn, er liegt an der Elbe, er ist gut an den \u00f6ffentlichen Nahverkehr angeschlossen. Es gibt ruhige Wohnlagen, hier leben tolle Menschen \u2013 und Tolkewitz hat eine sehr interessante Geschichte.<\/p>\n<p><img loading=\"lazy\" decoding=\"async\" width=\"1024\" height=\"600\" src=\"https:\/\/www.europesays.com\/de\/wp-content\/uploads\/2026\/06\/Tolkewitz_Bethlehemkirche_Michael-R.-Hennig-DML-BY.jpg\" alt=\"\" class=\"wp-image-44977\"  \/>Die Bethlehemkirche an der Marienberger Stra\u00dfe geh\u00f6rt zu den ersten Kirchenneubauten in der DDR. Foto: Michael R. Hennig (DML-BY)<\/p>\n<p>Welche Menschen f\u00fchlen sich in Tolkewitz besonders zuhause?<\/p>\n<p>In Tolkewitz sind alle Generationen vertreten. Es gibt Menschen, die hier von Geburt an leben, und andere, die hierherziehen und dann bleiben. Eine ehemalige Pfarrerin der Bethlehemkirche, Maria Ziemer, hat einmal gesagt: \u201eAus Tolkewitz zieht man nicht fort, in Tolkewitz zieht man h\u00f6chstens um.\u201c Das trifft es f\u00fcr mich sehr gut.<\/p>\n<p>Welcher Weg vom Dresdner Zentrum nach Tolkewitz ist der schnellste \u2013 und welcher der sch\u00f6nste?<\/p>\n<p>Am schnellsten erreicht man Tolkewitz von der Altst\u00e4dter Seite mit der Stra\u00dfenbahnlinie 9, von der Neust\u00e4dter Seite mit der Linie 6. Am sch\u00f6nsten ist der Weg entlang der Elbe: von der Johannstadt elbaufw\u00e4rts, vorbei an Blasewitz und dem Blauen Wunder bis nach Tolkewitz \u2013 zu Fu\u00df oder mit dem Fahrrad.<\/p>\n<p><img loading=\"lazy\" decoding=\"async\" width=\"1024\" height=\"600\" src=\"https:\/\/www.europesays.com\/de\/wp-content\/uploads\/2026\/06\/Tolkewitz_Historisches-Wasserwerk_Michael-R.-Henning-DML-BY-1.jpg\" alt=\"Historisches Backsteingeb\u00e4ude mit vielen Spitzt\u00fcrmen und hohen Fenstern, umgeben von B\u00e4umen und gr\u00fcner Wiese  \" class=\"wp-image-44994\"  \/>Das historische Wasserwerk wurde nach der Wende modernisiert und erweitert, bis heute versorgt es Dresden mit Trinkwasser. Foto: Michael R. Henning (DML-BY)<\/p>\n<p>Wie w\u00fcrden Sie Tolkewitz jemandem beschreiben, der noch nie hier war?<\/p>\n<p>F\u00fcr viele Dresdner ist Tolkewitz die \u201aFriedhofsecke\u2018 der Stadt \u2013 wegen dem Johannisfriedhof und Urnenhain, zwei besonders sch\u00f6ne, sogar ausgezeichnete, Friedh\u00f6fe.<\/p>\n<p>Gleichzeitig kann man hier die bauliche Entwicklung vom Dorf zum Stadtteil sehr gut ablesen: vom alten Dorfanger mit kleinen H\u00e4usern \u00fcber Mietvillen aus 1900 und Siedlungsbauten der 1920er Jahre bis zu DDR\u2011 und Neubauten. Wer sich f\u00fcr die st\u00e4dtebauliche Entwicklung interessiert, ist in Tolkewitz gut aufgehoben.<\/p>\n<ul class=\"wp-block-jetpack-slideshow_swiper-wrapper swiper-wrapper\">\n<li class=\"wp-block-jetpack-slideshow_slide swiper-slide\"><img loading=\"lazy\" decoding=\"async\" width=\"1024\" height=\"600\" alt=\"Grabmale des Johannisfriedhof im Dresdner Stadtteil Tolkewitz.\" class=\"wp-block-jetpack-slideshow_image wp-image-44586\" data-id=\"44586\" data-aspect-ratio=\"1024 \/ 600\" src=\"https:\/\/www.europesays.com\/de\/wp-content\/uploads\/2026\/06\/Beitragsbild_Tolkewitz-Dresden-Johannisfriedhof-c-Martin-Kaden.jpg\"  \/>Grabmale vom Beginn des 20. Jahrhunderts pr\u00e4gen den Johannisfriedhof. Foto: Martin Kaden<\/li>\n<li class=\"wp-block-jetpack-slideshow_slide swiper-slide\"><img loading=\"lazy\" decoding=\"async\" width=\"1024\" height=\"650\" alt=\"Symmetrische Trauerhalle mit zentraler Kuppel, Kreuz, S\u00e4ulenportikus und langen Seitenfl\u00fcgeln vor blauem Sommerhimmel\" class=\"wp-block-jetpack-slideshow_image wp-image-44988\" data-id=\"44988\" data-aspect-ratio=\"1024 \/ 650\" src=\"https:\/\/www.europesays.com\/de\/wp-content\/uploads\/2026\/06\/Tolkewitz_Krematorium-Tolkewitz_Michael-R.-Hennig-DML-BY.jpg\"  \/>Neben dem Johannisfriedhof befindet sich der Urnenhain Tolkewitz mit Krematorium  und Urnenhof. Foto: Michael R. Hennig (DML-BY)<\/li>\n<\/ul>\n<p><a class=\"wp-block-jetpack-slideshow_button-prev swiper-button-prev swiper-button-white\" role=\"button\"\/><a class=\"wp-block-jetpack-slideshow_button-next swiper-button-next swiper-button-white\" role=\"button\"\/><a aria-label=\"Pause Slideshow\" class=\"wp-block-jetpack-slideshow_button-pause\" role=\"button\"\/><\/p>\n<p>Welcher Geheimtipp steht in keinem Reisef\u00fchrer?<\/p>\n<p>Die beiden gro\u00dfen Friedh\u00f6fe in Tolkewitz stehen komplett unter Denkmalschutz. Dazu kommen rund 1000 gesch\u00fctzte Einzelgrabmale, viele von bedeutenden Bildhauern wie Johann Schilling. Vermutlich hat kein anderer Dresdner Stadtteil so viele einzelne Denkmale, doch in keinem Dresden-Reisef\u00fchrer habe ich das bisher gelesen.<\/p>\n<p>Gibt es eine Geschichte, ein Ereignis oder eine Pers\u00f6nlichkeit, die Tolkewitz aus Ihrer Sicht besonders gepr\u00e4gt hat und die man kennen sollte?<\/p>\n<p>Der Tolkewitzer Christian G\u00e4rtner war ein leidenschaftlicher Sternbeobachter, der sogar den kurf\u00fcrstlichen Hof mit astronomischen Mitteilungen versorgte. Er sagte 1757 die Wiederkunft des Halleychen Kometen voraus, die durch den Prohliser Bauernastronom Georg Palitzsch im Jahr 1758 best\u00e4tigt wurde.<\/p>\n<p>Zu G\u00e4rtners Ehren tr\u00e4gt heute ein knapp \u00fcber 100 Kilometer gro\u00dfer Mondkrater seinen Namen. Damit ist unser kleines Tolkewitz sogar auf dem Mond vertreten \u2013 das muss ein Stadtteil erstmal nachmachen.<\/p>\n<p>Wenn Sie jemanden auf einen Spaziergang durch Tolkewitz mitnehmen w\u00fcrden: Welche Route w\u00fcrden Sie w\u00e4hlen und warum?<\/p>\n<p>Ich w\u00fcrde die Tour am Schulcampus beginnen und zun\u00e4chst zur Bethlehem-Kirche gehen, einem schlichten Kirchenbau aus DDR-Zeiten. Von dort f\u00fchrt der Weg in den Toeplerpark, am Niedersedlitzer Flutgraben entlang, und anschlie\u00dfend weiter zum <a href=\"https:\/\/www.eisgartenhuss.de\/eisundpreise.html\" rel=\"nofollow noopener\" target=\"_blank\">Eisgarten Hu\u00df in Alttolkewitz<\/a>. Das ist ein Familienbetrieb, bei dem es das beste Speiseeis gibt.<\/p>\n<p>Anschlie\u00dfend f\u00fchrt der Spaziergang durch das alte Dorf und am Wasserwerk vorbei in Richtung Biergarten \u201aTrollgarten\u2018. Kurz davor zweigt der Weg zu den Friedh\u00f6fen ab, wo man in park\u00e4hnlicher Umgebung die Atmosph\u00e4re der historischen Grabst\u00e4tten auf sich wirken lassen kann, bevor man wieder am Schulcampus ankommt.<\/p>\n<ul class=\"wp-block-jetpack-slideshow_swiper-wrapper swiper-wrapper\">\n<li class=\"wp-block-jetpack-slideshow_slide swiper-slide\"><img loading=\"lazy\" decoding=\"async\" width=\"1024\" height=\"600\" alt=\"Gr\u00fcner Garten mit Caf\u00e9-Terrasse im Schatten gro\u00dfer B\u00e4ume, Palmen im Vordergrund, helles Geb\u00e4ude am rechten Bildrand\" class=\"wp-block-jetpack-slideshow_image wp-image-44980\" data-id=\"44980\" data-aspect-ratio=\"1024 \/ 600\" src=\"https:\/\/www.europesays.com\/de\/wp-content\/uploads\/2026\/06\/Tolekwitz_Eisgarten-Huss_Michael-R.-Hennig-DML-BY.jpg\"  \/>Der Eisgarten Hu\u00df ist f\u00fcr Martin Kaden eine gute Adresse f\u00fcr eine leckere Pause. Foto: Michael R. Hennig (DML-BY)<\/li>\n<li class=\"wp-block-jetpack-slideshow_slide swiper-slide\"><img loading=\"lazy\" decoding=\"async\" width=\"1024\" height=\"600\" alt=\"Symmetrische Trauerhalle mit zentraler Kuppel, Kreuz, S\u00e4ulenportikus und langen Seitenfl\u00fcgeln vor blauem Sommerhimmel\" class=\"wp-block-jetpack-slideshow_image wp-image-45001\" data-id=\"45001\" data-aspect-ratio=\"1024 \/ 600\" src=\"https:\/\/www.europesays.com\/de\/wp-content\/uploads\/2026\/06\/Tolkewitz_DS_-Kapelle-Johannesfriedhof-von-Paul-Wallot-1894_Michael-R.-Hennig-DML-BY.jpg\"  \/>Der Johannisfriedhof mit seiner Kapelle im Stil der Neorennaissance gilt als einer der sch\u00f6nsten Friedhofsanlagen in Deutschland. Foto: Michael R. Hennig (DML-BY)<\/li>\n<li class=\"wp-block-jetpack-slideshow_slide swiper-slide\"><img loading=\"lazy\" decoding=\"async\" width=\"1024\" height=\"600\" alt=\"Der Schulcampus in Tolkewitz.\" class=\"wp-block-jetpack-slideshow_image wp-image-44590\" data-id=\"44590\" data-aspect-ratio=\"1024 \/ 600\" src=\"https:\/\/www.europesays.com\/de\/wp-content\/uploads\/2026\/06\/Beitragsbild_Tolkewitz-Dresden-Schulcampus-c-Martin-Kaden.jpg\"  \/>Der Schulcampus in Tolkewitz wurde im Jahr 2018 er\u00f6ffnet. Foto: Martin Kaden<\/li>\n<\/ul>\n<p><a class=\"wp-block-jetpack-slideshow_button-prev swiper-button-prev swiper-button-white\" role=\"button\"\/><a class=\"wp-block-jetpack-slideshow_button-next swiper-button-next swiper-button-white\" role=\"button\"\/><a aria-label=\"Pause Slideshow\" class=\"wp-block-jetpack-slideshow_button-pause\" role=\"button\"\/><\/p>\n<p>Was w\u00e4re der passende Soundtrack dazu?<\/p>\n<p>F\u00fcr mich besteht der Klang von Tolkewitz nicht aus Liedern, sondern aus Ger\u00e4uschen: dem Abendl\u00e4uten der Glocken der Bethlehemkirche, dass eine d\u00f6rfliche Ruhe entstehen l\u00e4sst, dem Tuten der Schaufelraddampfer der Wei\u00dfen Flotte auf der Elbe, das zu Dresden einfach dazugeh\u00f6rt \u2013 und manchmal auch einfach die Stille. Tolkewitz ist ein Dresdner Stadtteil, in dem es wirklich still sein kann.<\/p>\n<p>Welche kulinarische Adresse steht f\u00fcr Tolkewitz \u2013 und was bestellt man dort unbedingt?<\/p>\n<p>Eine Institution ist die <a href=\"https:\/\/www.gradel.com\/\" rel=\"nofollow noopener\" target=\"_blank\">Konditorei Gradel<\/a> an der Wehlener Stra\u00dfe, die es seit den 1920er Jahren gibt. Die Spezialit\u00e4t des Hauses ist der Baumkuchen \u2013 in stetig hoher Qualit\u00e4t, das ganze Jahr \u00fcber. Au\u00dferdem gibt es ein gro\u00dfes Tortensortiment und selbstgemachtes Eis. Daneben hat Tolkewitz f\u00fcr seine Gr\u00f6\u00dfe erstaunlich viele Gastst\u00e4tten, die ich allesamt empfehlen kann.<\/p>\n<p><strong>Martin Kaden<\/strong> (Jahrgang 1964) arbeitet als Gesteinspr\u00e4parator in den Senckenberg Naturhistorischen Sammlungen in Dresden. In seiner Freizeit engagiert er sich in der Kirchgemeinde der Betlehemkirche.<\/p>\n<p>Aus einer kleinen Ausstellung mit historischen Ansichten im Jahr 2003 entwickelte Kaden mit Unterst\u00fctzung ein umfangreiches Tolkewitz-Archiv \u2013 das ganze 40 Aktenordner f\u00fcllte. Gemeinsam mit etwa 60 Autorinnen und Autoren gab er das 460-seitige Buch \u201e<a href=\"https:\/\/elbhang-kurier.de\/produkt\/tolkewitz-illustrierte-ortsgeschichte\/\" target=\"_blank\" rel=\"noopener nofollow\">Tolkewitz: Illustrierte Ortsgeschichte<\/a>\u201c heraus, eine 700 Jahre-Chronik des Stadtteils. Deren Ver\u00f6ffentlichung Ende 2025 beschreibt er als einen der sch\u00f6nsten Momente seines Lebens.<\/p>\n<p>Was ist das wichtigste Fest oder Kultur-Event in Tolkewitz?<\/p>\n<p>Tolkewitz hat keine eigene Festkultur. F\u00fcr mich ist eher die Bethlehemkirche der kulturelle Mittelpunkt. Im Sommer, von etwa Mitte Juni bis Mitte September, ist sie immer mittwochs ge\u00f6ffnet. Die Leute kommen einfach vorbei, setzen sich in die Kirche, manchmal spielt jemand Orgel \u2013 und dazu gibt es jedes Jahr eine Sommerausstellung, diesmal mit Arbeiten der Dresdner K\u00fcnstlerin Angela Hampel.<\/p>\n<p>Was ist Ihr pers\u00f6nlicher Lieblingsplatz in Tolkewitz?<\/p>\n<p>An der Elbe unterhalb der Villa Emmaus haben wir 2016 in einer Gemeinschaftsaktion der Senckenberg Naturhistorischen Sammlungen Dresden und der Arch\u00e4ologischen Gesellschaft in Sachsen einen Hungerstein gesetzt, der den damaligen Tiefststand markiert. Jedes Jahr, wenn er bei Niedrigwasser auftaucht, kehren wir dorthin zur\u00fcck. F\u00fcr mich ist das ein sch\u00f6ner, ruhiger, aber auch nachdenklicher Ort.<\/p>\n<p><img loading=\"lazy\" decoding=\"async\" width=\"1024\" height=\"600\" src=\"https:\/\/www.europesays.com\/de\/wp-content\/uploads\/2026\/06\/Beitragsbild_Tolekwitz-Dresden-Hungerstein-28.Juni2025-c-Martin-Kaden.jpg\" alt=\"\" class=\"wp-image-44579\"  \/>Der 2016 markierte Hungerstein kommt immer fr\u00fcher im Jahr zum Vorschein \u2013 wie hier am 28. Juni 2025. Foto: Martin Kaden<\/p>\n<p>Welche Ver\u00e4nderung im Stadtteil haben Sie in den letzten Jahren am st\u00e4rksten gesp\u00fcrt?<\/p>\n<p>Sp\u00fcrbar ist der R\u00fcckzug der traditionsreichen G\u00e4rtnerei Elsner an der Kipsdorfer Stra\u00dfe, auf deren Gel\u00e4nde nun Wohnungsbau geplant ist. Ich hoffe, dass dort gen\u00fcgend Gr\u00fcnfl\u00e4chen und Spielpl\u00e4tze entstehen. Ein positives Beispiel daf\u00fcr ist der Toeplerpark, der samt Spielplatz f\u00fcr fast eine Million Euro gerade saniert und Ende Mai neu er\u00f6ffnet wurde.<\/p>\n<p><img loading=\"lazy\" decoding=\"async\" width=\"1024\" height=\"600\" src=\"https:\/\/www.europesays.com\/de\/wp-content\/uploads\/2026\/06\/Beitragsnbild_Tolkewitz-Dresden-Toeplerpark-c-Martin-Kaden.jpg\" alt=\"Der Toeplerpark in Dresden-Tolkewitz - kurz vor der Neuer\u00f6ffnung.\" class=\"wp-image-44588\"  \/>Kurz vor der Freigabe des neuen Spielplatzes im Toeplerpark Mitte Mai 2026: Der Blick durch den Bauzaun. Foto: Martin Kaden<\/p>\n<p>Was w\u00fcnschen Sie sich f\u00fcr Tolkewitz?<\/p>\n<p>Ich hoffe, dass uns Hochwasser wie 2002 und 2013 erspart bleiben. Sollte es doch wieder passieren, w\u00fcnsche ich mir denselben Zusammenhalt wie damals am Wasserwerk, als wir Sands\u00e4cke von Hand zu Hand gereicht haben und aus Fremden Bekannte wurden. Au\u00dferdem w\u00fcnsche ich mir, dass Tolkewitz gr\u00fcn und kinderfreundlich bleibt, die Menschen den Stadtteil sch\u00e4tzen \u2013 und andere sich ermutigen lassen, hierherzuziehen.<\/p>\n<p>\tLesen Sie auch \u2026\t<\/p>\n<ul class=\"rp4wp-posts-list\">\n<li class=\"rp4wp-col rp4wp-col-first\">\n\t<a href=\"https:\/\/dresden-magazin.com\/stadtteile\/stadtteil-geschichten-striesen\/\" rel=\"nofollow noopener\" target=\"_blank\"><img loading=\"lazy\" decoding=\"async\" width=\"800\" height=\"450\" src=\"https:\/\/www.europesays.com\/de\/wp-content\/uploads\/2026\/06\/06_Striesen_Haeuser_header-800x450.jpg\" class=\"attachment-rp4wp-thumbnail-post size-rp4wp-thumbnail-post wp-post-image\" alt=\"Dresdner Stadtteil Striesen mit historischen Geb\u00e4uden und urbanem Flair.\"  \/><\/a><\/p>\n<p>Striesen ist ein Stadtteil von Dresden im Stadtbezirk Blasewitz. Er begeistert mit Gr\u00fcnderzeit-Charme, gr\u00fcnen Alleen und einer entspannten Atmosph\u00e4re.<\/p>\n<\/li>\n<li class=\"rp4wp-col\">\n\t<a href=\"https:\/\/dresden-magazin.com\/stadtteile\/wir-feiern-die-stadtteile-9-hellerau\/\" rel=\"nofollow noopener\" target=\"_blank\"><img loading=\"lazy\" decoding=\"async\" width=\"800\" height=\"450\" src=\"https:\/\/www.europesays.com\/de\/wp-content\/uploads\/2026\/06\/02_Hellerau_Gartenstadt_header-800x450.jpg\" class=\"attachment-rp4wp-thumbnail-post size-rp4wp-thumbnail-post wp-post-image\" alt=\"Reihenh\u00e4user in Hellerau, Deutschlands erster Gartenstadt, im Stil der Reformarchitektur.\"  \/><\/a><\/p>\n<p>Hellerau, Deutschlands erste Gartenstadt, bezaubert mit einzigartiger Architektur, Geschichte und internationaler Avantgarde-Kunst.<\/p>\n<\/li>\n<li class=\"rp4wp-col rp4wp-col-last\">\n\t<a href=\"https:\/\/dresden-magazin.com\/stadtteile\/schoenfeld-weissig-stadtteil-portraet\/\" rel=\"nofollow noopener\" target=\"_blank\"><img loading=\"lazy\" decoding=\"async\" width=\"800\" height=\"450\" src=\"https:\/\/www.europesays.com\/de\/wp-content\/uploads\/2026\/06\/08_Schoenfeld-Weissig_header_imago0101170217h-800x450.jpg\" class=\"attachment-rp4wp-thumbnail-post size-rp4wp-thumbnail-post wp-post-image\" alt=\"Sch\u00f6nfeld-Wei\u00dfig im Sch\u00f6nfelder Hochland\"  \/><\/a><\/p>\n<p>Sch\u00f6nfeld-Wei\u00dfig umfasst zehn ehemalige D\u00f6rfer, malerisch gelegen im Sch\u00f6nfelder Hochland mit weiten, gr\u00fcnen Ausblicken &#8211; ein Paradies f\u00fcr Wanderer und\u2026<\/p>\n<\/li>\n<\/ul>\n","protected":false},"excerpt":{"rendered":"So ruhig und friedlich wie in Tolkewitz ist es sonst nirgends, findet Martin Kaden. Seit 1989 lebt der&hellip;\n","protected":false},"author":2,"featured_media":1068763,"comment_status":"","ping_status":"","sticky":false,"template":"","format":"standard","meta":{"footnotes":"","_share_on_mastodon":"0"},"categories":[1835],"tags":[37751,3364,29,2386,2314,30,859],"class_list":["post-1068762","post","type-post","status-publish","format-standard","has-post-thumbnail","category-dresden","tag-blasewitz","tag-de","tag-deutschland","tag-dresden","tag-featured","tag-germany","tag-sachsen"],"share_on_mastodon":{"url":"https:\/\/pubeurope.com\/@de\/116690609903552026","error":""},"_links":{"self":[{"href":"https:\/\/www.europesays.com\/de\/wp-json\/wp\/v2\/posts\/1068762","targetHints":{"allow":["GET"]}}],"collection":[{"href":"https:\/\/www.europesays.com\/de\/wp-json\/wp\/v2\/posts"}],"about":[{"href":"https:\/\/www.europesays.com\/de\/wp-json\/wp\/v2\/types\/post"}],"author":[{"embeddable":true,"href":"https:\/\/www.europesays.com\/de\/wp-json\/wp\/v2\/users\/2"}],"replies":[{"embeddable":true,"href":"https:\/\/www.europesays.com\/de\/wp-json\/wp\/v2\/comments?post=1068762"}],"version-history":[{"count":0,"href":"https:\/\/www.europesays.com\/de\/wp-json\/wp\/v2\/posts\/1068762\/revisions"}],"wp:featuredmedia":[{"embeddable":true,"href":"https:\/\/www.europesays.com\/de\/wp-json\/wp\/v2\/media\/1068763"}],"wp:attachment":[{"href":"https:\/\/www.europesays.com\/de\/wp-json\/wp\/v2\/media?parent=1068762"}],"wp:term":[{"taxonomy":"category","embeddable":true,"href":"https:\/\/www.europesays.com\/de\/wp-json\/wp\/v2\/categories?post=1068762"},{"taxonomy":"post_tag","embeddable":true,"href":"https:\/\/www.europesays.com\/de\/wp-json\/wp\/v2\/tags?post=1068762"}],"curies":[{"name":"wp","href":"https:\/\/api.w.org\/{rel}","templated":true}]}}