{"id":1068788,"date":"2026-06-04T07:28:21","date_gmt":"2026-06-04T07:28:21","guid":{"rendered":"https:\/\/www.europesays.com\/de\/1068788\/"},"modified":"2026-06-04T07:28:21","modified_gmt":"2026-06-04T07:28:21","slug":"3332-in-goeppingen-linus-schmid-wirft-den-tvb-stuttgart-zum-ersten-auswaertssieg-tvb-stuttgart-news-aus-der-handball-bundesliga","status":"publish","type":"post","link":"https:\/\/www.europesays.com\/de\/1068788\/","title":{"rendered":"33:32 in G\u00f6ppingen: Linus Schmid wirft den TVB Stuttgart zum ersten Ausw\u00e4rtssieg &#8211; TVB Stuttgart: News aus der Handball-Bundesliga"},"content":{"rendered":"<p><strong>G\u00f6ppingen. <\/strong> Der Handball-Erstligist TVB Stuttgart hat die letzte Ausfahrt doch nicht verpasst: In einem hitzigen Schwaben-Derby behielt er vor 5600 Zuschauern in der G\u00f6ppinger EWS-Arena die Ruhe und holte sich beim 33:32 (16:14) den ersten und einzigen Ausw\u00e4rtssieg in dieser Saison. Das Team von Trainer Misha Kaufmann f\u00fchrte fast \u00fcber die gesamte Spielzeit hinweg in der \u201eH\u00f6lle S\u00fcd\u201c, kassierte drei Rote Karten und geriet 80 Sekunden vor dem Ende mit 31:32 ins Hintertreffen.<\/p>\n","protected":false},"excerpt":{"rendered":"G\u00f6ppingen. Der Handball-Erstligist TVB Stuttgart hat die letzte Ausfahrt doch nicht verpasst: In einem hitzigen Schwaben-Derby behielt er&hellip;\n","protected":false},"author":2,"featured_media":1068789,"comment_status":"","ping_status":"","sticky":false,"template":"","format":"standard","meta":{"footnotes":"","_share_on_mastodon":"0"},"categories":[1830],"tags":[4808,1634,3364,29,30,1391,51891,227690,227691,1441,7401],"class_list":["post-1068788","post","type-post","status-publish","format-standard","has-post-thumbnail","category-stuttgart","tag-1-bundesliga","tag-baden-wuerttemberg","tag-de","tag-deutschland","tag-germany","tag-handball","tag-misha-kaufmann","tag-rens-murr-handball","tag-rens-murr-sport","tag-stuttgart","tag-tvb-stuttgart"],"share_on_mastodon":{"url":"https:\/\/pubeurope.com\/@de\/116690662800682607","error":""},"_links":{"self":[{"href":"https:\/\/www.europesays.com\/de\/wp-json\/wp\/v2\/posts\/1068788","targetHints":{"allow":["GET"]}}],"collection":[{"href":"https:\/\/www.europesays.com\/de\/wp-json\/wp\/v2\/posts"}],"about":[{"href":"https:\/\/www.europesays.com\/de\/wp-json\/wp\/v2\/types\/post"}],"author":[{"embeddable":true,"href":"https:\/\/www.europesays.com\/de\/wp-json\/wp\/v2\/users\/2"}],"replies":[{"embeddable":true,"href":"https:\/\/www.europesays.com\/de\/wp-json\/wp\/v2\/comments?post=1068788"}],"version-history":[{"count":0,"href":"https:\/\/www.europesays.com\/de\/wp-json\/wp\/v2\/posts\/1068788\/revisions"}],"wp:featuredmedia":[{"embeddable":true,"href":"https:\/\/www.europesays.com\/de\/wp-json\/wp\/v2\/media\/1068789"}],"wp:attachment":[{"href":"https:\/\/www.europesays.com\/de\/wp-json\/wp\/v2\/media?parent=1068788"}],"wp:term":[{"taxonomy":"category","embeddable":true,"href":"https:\/\/www.europesays.com\/de\/wp-json\/wp\/v2\/categories?post=1068788"},{"taxonomy":"post_tag","embeddable":true,"href":"https:\/\/www.europesays.com\/de\/wp-json\/wp\/v2\/tags?post=1068788"}],"curies":[{"name":"wp","href":"https:\/\/api.w.org\/{rel}","templated":true}]}}