{"id":1068906,"date":"2026-06-04T08:38:29","date_gmt":"2026-06-04T08:38:29","guid":{"rendered":"https:\/\/www.europesays.com\/de\/1068906\/"},"modified":"2026-06-04T08:38:29","modified_gmt":"2026-06-04T08:38:29","slug":"hannover-zugausfaelle-und-verspaetungen-durch-beschaedigte-oberleitung","status":"publish","type":"post","link":"https:\/\/www.europesays.com\/de\/1068906\/","title":{"rendered":"Hannover: Zugausf\u00e4lle und Versp\u00e4tungen durch besch\u00e4digte Oberleitung"},"content":{"rendered":"<p>Defekte Oberleitung <\/p>\n<p>Verkehrschaos: Zugausf\u00e4lle und Versp\u00e4tungen in Hannover<\/p>\n<p>04.06.2026 &#8211; 09:52 UhrLesedauer: 1 Min.<\/p>\n<p><a href=\"#focus-0\" class=\"transition-colors duration-200 block text-current relative\" data-sctrack=\"FocusGalleryImage.Reference\"><img fetchpriority=\"high\" data-testid=\"Opener.Image\"   loading=\"eager\" src=\"https:\/\/www.europesays.com\/de\/wp-content\/uploads\/2026\/06\/1780562308_79_image.jpg\" alt=\"Menschen am Bahnsteig (Symbolbild): Am Donnerstag m\u00fcssen Reisende Geduld mitbringen.\" title=\"Menschen am Bahnsteig (Symbolbild): Am Donnerstag m\u00fcssen Reisende Geduld mitbringen.\" width=\"3514\" height=\"1977\" class=\"bg-[url:var(--lqipURL)] bg-cover bg-center flex h-full w-full max-w-full\" style=\"--lqipURL:url('https:\/\/images.t-online.de\/2025\/11\/3E8503ei-e2g\/0x183:3514x1977\/fit-in\/150x0\/filters:blur(25)\/image.jpg')\" decoding=\"async\"\/><img loading=\"lazy\" src=\"https:\/\/hannover.t-online.de\/s\/paper\/_next\/static\/media\/zoom-in.f7dae02f.svg\" alt=\"Vergr\u00f6\u00dfern des Bildes\" title=\"Vergr\u00f6\u00dfern des Bildes\" class=\"block h-[calc(var(--height)_\/_16_*_1rem)] w-[calc(var(--width)_\/_16_*_1rem)] max-w-none absolute bottom-8 right-8 rounded-4 bg-snow p-8\" style=\"--width:32;--height:32\" decoding=\"async\"\/><\/a><\/p>\n<p>Menschen am Bahnsteig (Symbolbild): Am Donnerstag m\u00fcssen Reisende Geduld mitbringen. (Quelle: IMAGO\/Maximilian Koch\/imago)<\/p>\n<p><img loading=\"lazy\" src=\"https:\/\/hannover.t-online.de\/s\/paper\/_next\/static\/media\/audio-volume.6689034c.svg\" alt=\"\" title=\"\" class=\"block h-[calc(var(--height)_\/_16_*_1rem)] w-[calc(var(--width)_\/_16_*_1rem)] max-w-none group-hover:brightness-0 group-hover:invert\" style=\"--width:16;--height:16\" decoding=\"async\"\/>Vorlesen<\/p>\n<p>Aktuelle Zeit:0:00Gesamtdauer:0:00<\/p>\n<p>1x<\/p>\n<p class=\"text-center\">Jetzt neu bei t-online:<\/p>\n<p class=\"text-center\">Schriftgr\u00f6\u00dfe anpassen!<\/p>\n<p><img loading=\"lazy\" src=\"https:\/\/hannover.t-online.de\/s\/paper\/_next\/static\/media\/font-sizes.32942e33.svg\" alt=\"\" title=\"\" class=\"block h-[calc(var(--height)_\/_16_*_1rem)] w-[calc(var(--width)_\/_16_*_1rem)] max-w-none group-hover:hidden group-aria-expanded:hidden\" style=\"--width:16;--height:16\" decoding=\"async\"\/><img loading=\"lazy\" src=\"https:\/\/hannover.t-online.de\/s\/paper\/_next\/static\/media\/font-sizes-dark-mode.e382645c.svg\" alt=\"\" title=\"\" class=\"block h-[calc(var(--height)_\/_16_*_1rem)] w-[calc(var(--width)_\/_16_*_1rem)] max-w-none hidden group-hover:block group-aria-expanded:block\" style=\"--width:16;--height:16\" decoding=\"async\"\/><img loading=\"lazy\" src=\"https:\/\/hannover.t-online.de\/s\/paper\/_next\/static\/media\/sharing-menu-icon.1eb71368.svg\" alt=\"\" title=\"\" class=\"block h-[calc(var(--height)_\/_16_*_1rem)] w-[calc(var(--width)_\/_16_*_1rem)] max-w-none group-hover:brightness-0 group-hover:invert\" style=\"--width:16;--height:16\" decoding=\"async\"\/>Artikel teilen<\/p>\n<p class=\"font-bold text-18 leading-17 user-text-lg:text-22 user-text-xl:text-24\">Nach einem Schaden an der Oberleitung kommt es in Hannover zu erheblichen Einschr\u00e4nkungen im Bahnverkehr. Betroffen sind nicht nur Fernz\u00fcge Richtung Berlin.<\/p>\n<p class=\"text-18 leading-17 user-text-lg:text-22 user-text-xl:text-24\">Zugreisende m\u00fcssen sich in Hannover am Donnerstag auf erhebliche Probleme einstellen. Wegen einer besch\u00e4digten Oberleitung im Bereich der Station Karl-Wiechert-Allee ist eine wichtige Bahnstrecke gesperrt.<\/p>\n<p class=\"text-18 leading-17 user-text-lg:text-22 user-text-xl:text-24\">Nach Angaben der Deutschen Bahn war in der Nacht bei einem ICE ein Stromabnehmer abgerissen. In der Folge kam es zu Sch\u00e4den an der Oberleitung. Zahlreiche Z\u00fcge versp\u00e4ten sich oder fallen aus. Besonders betroffen sind Fernverkehrsverbindungen zwischen Hannover und Berlin. Auch Verbindungen nach Hamburg, K\u00f6ln, Frankfurt, Dresden und Amsterdam sind von Einschr\u00e4nkungen betroffen.<\/p>\n<p>St\u00f6rung soll bis 18 Uhr dauern<\/p>\n<p class=\"text-18 leading-17 user-text-lg:text-22 user-text-xl:text-24\">Im Regionalverkehr f\u00e4hrt die Linie RE30 derzeit nur zwischen Lehrte, Gifhorn und Wolfsburg. Der Zugbetreiber Metronom teilte zudem mit, dass die Regionalbahn &#8222;enno&#8220; Hannover aktuell nicht anf\u00e4hrt. F\u00fcr Fahrg\u00e4ste wurde ein Ersatzverkehr mit Bussen eingerichtet.<\/p>\n<p class=\"text-18 leading-17 user-text-lg:text-22 user-text-xl:text-24\">Auch bei den S-Bahn-Linien S3, S6, S61 und S7 kommt es zu Versp\u00e4tungen von bis zu zehn Minuten sowie einzelnen Teilausf\u00e4llen.<\/p>\n<p class=\"text-18 leading-17 user-text-lg:text-22 user-text-xl:text-24\">Die Deutsche Bahn arbeitet an der Behebung des Schadens. Nach Angaben der S-Bahn Hannover wird derzeit mit einer St\u00f6rungsdauer bis etwa 18 Uhr gerechnet.<\/p>\n","protected":false},"excerpt":{"rendered":"Defekte Oberleitung Verkehrschaos: Zugausf\u00e4lle und Versp\u00e4tungen in Hannover 04.06.2026 &#8211; 09:52 UhrLesedauer: 1 Min. Menschen am Bahnsteig (Symbolbild):&hellip;\n","protected":false},"author":2,"featured_media":1068907,"comment_status":"","ping_status":"","sticky":false,"template":"","format":"standard","meta":{"footnotes":"","_share_on_mastodon":"0"},"categories":[1836],"tags":[722,2227,296,3364,2030,29,45107,30,46,2229,1411,2228,11864,2898,6427],"class_list":["post-1068906","post","type-post","status-publish","format-standard","has-post-thumbnail","category-hannover","tag-722","tag-bahnverkehr","tag-berlin","tag-de","tag-deutsche-bahn","tag-deutschland","tag-fernzug","tag-germany","tag-hannover","tag-ice","tag-niedersachsen","tag-oberleitung","tag-verkehrschaos","tag-verspaetung","tag-zugausfall"],"share_on_mastodon":{"url":"https:\/\/pubeurope.com\/@de\/116690939851522609","error":""},"_links":{"self":[{"href":"https:\/\/www.europesays.com\/de\/wp-json\/wp\/v2\/posts\/1068906","targetHints":{"allow":["GET"]}}],"collection":[{"href":"https:\/\/www.europesays.com\/de\/wp-json\/wp\/v2\/posts"}],"about":[{"href":"https:\/\/www.europesays.com\/de\/wp-json\/wp\/v2\/types\/post"}],"author":[{"embeddable":true,"href":"https:\/\/www.europesays.com\/de\/wp-json\/wp\/v2\/users\/2"}],"replies":[{"embeddable":true,"href":"https:\/\/www.europesays.com\/de\/wp-json\/wp\/v2\/comments?post=1068906"}],"version-history":[{"count":0,"href":"https:\/\/www.europesays.com\/de\/wp-json\/wp\/v2\/posts\/1068906\/revisions"}],"wp:featuredmedia":[{"embeddable":true,"href":"https:\/\/www.europesays.com\/de\/wp-json\/wp\/v2\/media\/1068907"}],"wp:attachment":[{"href":"https:\/\/www.europesays.com\/de\/wp-json\/wp\/v2\/media?parent=1068906"}],"wp:term":[{"taxonomy":"category","embeddable":true,"href":"https:\/\/www.europesays.com\/de\/wp-json\/wp\/v2\/categories?post=1068906"},{"taxonomy":"post_tag","embeddable":true,"href":"https:\/\/www.europesays.com\/de\/wp-json\/wp\/v2\/tags?post=1068906"}],"curies":[{"name":"wp","href":"https:\/\/api.w.org\/{rel}","templated":true}]}}