{"id":1068963,"date":"2026-06-04T09:07:20","date_gmt":"2026-06-04T09:07:20","guid":{"rendered":"https:\/\/www.europesays.com\/de\/1068963\/"},"modified":"2026-06-04T09:07:20","modified_gmt":"2026-06-04T09:07:20","slug":"barry-manilow-er-gibt-beautyeingriffe-zu-ich-sehe-fantastisch-aus","status":"publish","type":"post","link":"https:\/\/www.europesays.com\/de\/1068963\/","title":{"rendered":"Barry Manilow: Er gibt Beautyeingriffe zu: &#8222;Ich sehe fantastisch aus&#8220;"},"content":{"rendered":"<p>&#8222;Ich bin so eitel wie jeder andere&#8220; <\/p>\n<p>Barry Manilow gibt Beautyeingriffe zu<\/p>\n<p>04.06.2026 &#8211; 09:45 UhrLesedauer: 2 Min.<\/p>\n<p><a href=\"#focus-0\" class=\"transition-colors duration-200 block text-current relative\" data-sctrack=\"FocusGalleryImage.Reference\"><img fetchpriority=\"high\" data-testid=\"Opener.Image\"   loading=\"eager\" src=\"https:\/\/www.europesays.com\/de\/wp-content\/uploads\/2026\/06\/barry-manilow-er-steht-seit-jahrzehnten-auf-der-buehne.jpg\" alt=\"Barry Manilow: Er steht seit Jahrzehnten auf der B\u00fchne.\" title=\"Barry Manilow: Er steht seit Jahrzehnten auf der B\u00fchne.\" width=\"3249\" height=\"1827\" class=\"bg-[url:var(--lqipURL)] bg-cover bg-center flex h-full w-full max-w-full\" style=\"--lqipURL:url('https:\/\/images.t-online.de\/2026\/06\/xluskm7hIfAQ\/0x604:3249x1827\/fit-in\/150x0\/filters:blur(25)\/barry-manilow-er-steht-seit-jahrzehnten-auf-der-buehne.jpg')\" decoding=\"async\"\/><img loading=\"lazy\" src=\"https:\/\/www.t-online.de\/s\/paper\/_next\/static\/media\/zoom-in.f7dae02f.svg\" alt=\"Vergr\u00f6\u00dfern des Bildes\" title=\"Vergr\u00f6\u00dfern des Bildes\" class=\"block h-[calc(var(--height)_\/_16_*_1rem)] w-[calc(var(--width)_\/_16_*_1rem)] max-w-none absolute bottom-8 right-8 rounded-4 bg-snow p-8\" style=\"--width:32;--height:32\" decoding=\"async\"\/><\/a><\/p>\n<p>Barry Manilow: Er steht seit Jahrzehnten auf der B\u00fchne. (Quelle: IMAGO \/ ZUMA Press Wire)<\/p>\n<p><img loading=\"lazy\" src=\"https:\/\/www.t-online.de\/s\/paper\/_next\/static\/media\/audio-volume.6689034c.svg\" alt=\"\" title=\"\" class=\"block h-[calc(var(--height)_\/_16_*_1rem)] w-[calc(var(--width)_\/_16_*_1rem)] max-w-none group-hover:brightness-0 group-hover:invert\" style=\"--width:16;--height:16\" decoding=\"async\"\/>Vorlesen<\/p>\n<p>Aktuelle Zeit:0:00Gesamtdauer:0:00<\/p>\n<p>1x<\/p>\n<p class=\"text-center\">Jetzt neu bei t-online:<\/p>\n<p class=\"text-center\">Schriftgr\u00f6\u00dfe anpassen!<\/p>\n<p><img loading=\"lazy\" src=\"https:\/\/www.t-online.de\/s\/paper\/_next\/static\/media\/font-sizes.32942e33.svg\" alt=\"\" title=\"\" class=\"block h-[calc(var(--height)_\/_16_*_1rem)] w-[calc(var(--width)_\/_16_*_1rem)] max-w-none group-hover:hidden group-aria-expanded:hidden\" style=\"--width:16;--height:16\" decoding=\"async\"\/><img loading=\"lazy\" src=\"https:\/\/www.t-online.de\/s\/paper\/_next\/static\/media\/font-sizes-dark-mode.e382645c.svg\" alt=\"\" title=\"\" class=\"block h-[calc(var(--height)_\/_16_*_1rem)] w-[calc(var(--width)_\/_16_*_1rem)] max-w-none hidden group-hover:block group-aria-expanded:block\" style=\"--width:16;--height:16\" decoding=\"async\"\/><img loading=\"lazy\" src=\"https:\/\/www.t-online.de\/s\/paper\/_next\/static\/media\/sharing-menu-icon.1eb71368.svg\" alt=\"\" title=\"\" class=\"block h-[calc(var(--height)_\/_16_*_1rem)] w-[calc(var(--width)_\/_16_*_1rem)] max-w-none group-hover:brightness-0 group-hover:invert\" style=\"--width:16;--height:16\" decoding=\"async\"\/>Artikel teilen<\/p>\n<p class=\"font-bold text-18 leading-17 user-text-lg:text-22 user-text-xl:text-24\">Erst verneint er die Frage, dann redet er doch. Barry Manilow spricht offen \u00fcber Eingriffe an seinem Gesicht.<\/p>\n<p class=\"text-18 leading-17 user-text-lg:text-22 user-text-xl:text-24\">Musiker Barry Manilow hat in einem Interview \u00fcber Beautyeingriffe gesprochen. Auf die Frage, ob er etwas an sich &#8222;machen lassen&#8220; habe, antwortete der 82-J\u00e4hrige im Gespr\u00e4ch mit der &#8222;Los Angeles Times&#8220; zun\u00e4chst mit Nein, relativierte das dann aber.<\/p>\n<p class=\"text-18 leading-17 user-text-lg:text-22 user-text-xl:text-24\">&#8222;Ich muss sagen: Es gab eine Zeit, als wir in L.A. lebten, da habe ich mir ein Facelifting machen lassen. Aber danach war es nur noch hier ein bisschen, da ein bisschen&#8220;, erkl\u00e4rte der S\u00e4nger. Weiter sagte Manilow: &#8222;&#8218;Eingriffe&#8216; sind so etwas wie ein Facelifting, und davon hatte ich nur eines. Der Rest \u2013 wenn ich sehe, dass etwas schlaff wird, klar, dann mache ich das.&#8220; Er bezeichnete sich selbst als &#8222;so eitel wie jeder andere auch&#8220;. Eine alte Freundin habe ihm erz\u00e4hlt, dass ihre Mutter \u00fcber ihn gesagt hat: &#8222;Ich wusste immer, dass er talentiert ist, aber wann ist er so gut aussehend geworden?&#8220;<\/p>\n<p>&#8222;Ich sehe fantastisch aus&#8220;<\/p>\n<p class=\"text-18 leading-17 user-text-lg:text-22 user-text-xl:text-24\">Zuvor hatte Manilow in dem Gespr\u00e4ch gewitzelt: &#8222;Ich sehe fantastisch aus, aber ich bin ja schon hundert Jahre alt, oder? Ich wei\u00df \u00fcbrigens gar nicht, wie das passiert ist \u2013 ich nehme kein Botox oder so.&#8220;<\/p>\n<p><a href=\"#focus-1\" class=\"transition-colors duration-200 block text-current relative\" data-sctrack=\"FocusGalleryImage.Reference\"><img   loading=\"lazy\" src=\"https:\/\/www.europesays.com\/de\/wp-content\/uploads\/2026\/06\/barry-manilow-in-den-siebzigerjahren.jpg\" alt=\"Barry Manilow in den Siebzigerjahren.\" title=\"Barry Manilow in den Siebzigerjahren.\" width=\"2713\" height=\"3597\" class=\"h-full w-full max-w-full rounded-8\" decoding=\"async\"\/><img loading=\"lazy\" src=\"https:\/\/www.t-online.de\/s\/paper\/_next\/static\/media\/zoom-in.f7dae02f.svg\" alt=\"Vergr\u00f6\u00dfern des Bildes\" title=\"Vergr\u00f6\u00dfern des Bildes\" class=\"block h-[calc(var(--height)_\/_16_*_1rem)] w-[calc(var(--width)_\/_16_*_1rem)] max-w-none absolute bottom-8 right-8 rounded-4 bg-snow p-8\" style=\"--width:32;--height:32\" decoding=\"async\"\/>Barry Manilow in den Siebzigerjahren. (Quelle: IMAGO \/ Cinema Publishers Collection)<\/a><\/p>\n<ul class=\"text-18 leading-17 block pl-24 *:pb-16 *:before:inline-block *:before:size-8 *:before:bg-magenta *:before:-ml-[20px] *:before:mb-2 *:before:mr-12 *:before:mt-0\">\n<li><strong class=\"font-bold\">Nach Krebsdiagnose:<\/strong> <a class=\"transition-colors duration-200 cursor-pointer text-inherit no-underline text-salemsfur md:hover:text-magenta md:hover:border-magenta md:focus:text-magenta border-current border-b border-solid break-words\" data-tracking=\"{&quot;action&quot;:&quot;click&quot;,&quot;category&quot;:&quot;intextLink&quot;,&quot;label&quot;:&quot;\/unterhaltung\/stars\/id_101115148\/barry-manilow-muss-buehnenrueckkehr-verschieben.html&quot;}\" href=\"https:\/\/www.t-online.de\/unterhaltung\/stars\/id_101115148\/barry-manilow-muss-buehnenrueckkehr-verschieben.html\" data-sctrack=\"BodyAnchor\" rel=\"nofollow noopener\" target=\"_blank\">Barry Manilow muss B\u00fchnenr\u00fcckkehr verschieben<\/a><\/li>\n<\/ul>\n<p><img loading=\"lazy\" src=\"https:\/\/www.t-online.de\/s\/paper\/_next\/static\/media\/video-carousel-play.6f25714b.svg\" alt=\"\" title=\"\" class=\"block h-[calc(var(--height)_\/_16_*_1rem)] w-[calc(var(--width)_\/_16_*_1rem)] max-w-none undefined\" style=\"--height:12\" decoding=\"async\"\/><\/p>\n<p class=\"text-18 leading-17 user-text-lg:text-22 user-text-xl:text-24\"><a class=\"transition-colors duration-200 cursor-pointer text-inherit no-underline text-salemsfur md:hover:text-magenta md:hover:border-magenta md:focus:text-magenta border-current border-b border-solid break-words\" data-tracking=\"{&quot;action&quot;:&quot;click&quot;,&quot;category&quot;:&quot;intextLink&quot;,&quot;label&quot;:&quot;\/unterhaltung\/stars\/id_101055986\/barry-manilow-saenger-teilt-krebsdiagnose-konzerte-verschoben.html&quot;}\" href=\"https:\/\/www.t-online.de\/unterhaltung\/stars\/id_101055986\/barry-manilow-saenger-teilt-krebsdiagnose-konzerte-verschoben.html\" data-sctrack=\"BodyAnchor\" rel=\"nofollow noopener\" target=\"_blank\">In dem Interview sprach Manilow au\u00dferdem \u00fcber seine Lungenkrebserkrankung, die im Dezember bekannt wurde.<\/a> Der Tumor wurde operativ entfernt, ein Teil des linken Lungenfl\u00fcgels musste dabei herausgenommen werden. Nach dem Eingriff traten Komplikationen auf: Herzrhythmusst\u00f6rungen, Sodbrennen und eine <a class=\"transition-colors duration-200 cursor-pointer text-inherit no-underline text-salemsfur md:hover:text-magenta md:hover:border-magenta md:focus:text-magenta border-current border-b border-solid break-words\" data-tracking=\"{&quot;action&quot;:&quot;click&quot;,&quot;category&quot;:&quot;intextLink&quot;,&quot;label&quot;:&quot;\/gesundheit\/krankheiten-symptome\/atemwegserkrankungen\/id_91273632\/lungenentzuendung-symptome-dauer-behandlung.html&quot;}\" href=\"https:\/\/www.t-online.de\/gesundheit\/krankheiten-symptome\/atemwegserkrankungen\/id_91273632\/lungenentzuendung-symptome-dauer-behandlung.html\" data-sctrack=\"BodyAnchor\" rel=\"nofollow noopener\" target=\"_blank\">Lungenentz\u00fcndung<\/a> folgten, Manilow verbrachte sieben Tage auf der Intensivstation. Nach eigenen Angaben wog er danach nur noch 58 Kilogramm.<\/p>\n<p class=\"text-18 leading-17 user-text-lg:text-22 user-text-xl:text-24\">Seitdem ist er nicht mehr aufgetreten. Er trainiere aber t\u00e4glich, um die n\u00f6tige Kraft f\u00fcr seine Shows zur\u00fcckzugewinnen, so Manilow. F\u00fcr Juli seien Auftritte in <a class=\"transition-colors duration-200 cursor-pointer text-inherit no-underline text-salemsfur md:hover:text-magenta md:hover:border-magenta md:focus:text-magenta border-current border-b border-solid break-words\" data-tracking=\"{&quot;action&quot;:&quot;click&quot;,&quot;category&quot;:&quot;intextLink&quot;,&quot;label&quot;:&quot;\/themen\/las-vegas\/&quot;}\" href=\"https:\/\/www.t-online.de\/themen\/las-vegas\/\" data-sctrack=\"BodyAnchor\" rel=\"nofollow noopener\" target=\"_blank\">Las Vegas<\/a> geplant, ob diese stattfinden k\u00f6nnten, sei aber noch offen.<\/p>\n","protected":false},"excerpt":{"rendered":"&#8222;Ich bin so eitel wie jeder andere&#8220; Barry Manilow gibt Beautyeingriffe zu 04.06.2026 &#8211; 09:45 UhrLesedauer: 2 Min.&hellip;\n","protected":false},"author":2,"featured_media":1068964,"comment_status":"","ping_status":"","sticky":false,"template":"","format":"standard","meta":{"footnotes":"","_share_on_mastodon":"0"},"categories":[1776],"tags":[722,17161,96753,1801,29,214,30,1802,215],"class_list":["post-1068963","post","type-post","status-publish","format-standard","has-post-thumbnail","category-prominente","tag-722","tag-17161","tag-barry-manilow","tag-celebrities","tag-deutschland","tag-entertainment","tag-germany","tag-prominente","tag-unterhaltung"],"share_on_mastodon":{"url":"https:\/\/pubeurope.com\/@de\/116691052495580115","error":""},"_links":{"self":[{"href":"https:\/\/www.europesays.com\/de\/wp-json\/wp\/v2\/posts\/1068963","targetHints":{"allow":["GET"]}}],"collection":[{"href":"https:\/\/www.europesays.com\/de\/wp-json\/wp\/v2\/posts"}],"about":[{"href":"https:\/\/www.europesays.com\/de\/wp-json\/wp\/v2\/types\/post"}],"author":[{"embeddable":true,"href":"https:\/\/www.europesays.com\/de\/wp-json\/wp\/v2\/users\/2"}],"replies":[{"embeddable":true,"href":"https:\/\/www.europesays.com\/de\/wp-json\/wp\/v2\/comments?post=1068963"}],"version-history":[{"count":0,"href":"https:\/\/www.europesays.com\/de\/wp-json\/wp\/v2\/posts\/1068963\/revisions"}],"wp:featuredmedia":[{"embeddable":true,"href":"https:\/\/www.europesays.com\/de\/wp-json\/wp\/v2\/media\/1068964"}],"wp:attachment":[{"href":"https:\/\/www.europesays.com\/de\/wp-json\/wp\/v2\/media?parent=1068963"}],"wp:term":[{"taxonomy":"category","embeddable":true,"href":"https:\/\/www.europesays.com\/de\/wp-json\/wp\/v2\/categories?post=1068963"},{"taxonomy":"post_tag","embeddable":true,"href":"https:\/\/www.europesays.com\/de\/wp-json\/wp\/v2\/tags?post=1068963"}],"curies":[{"name":"wp","href":"https:\/\/api.w.org\/{rel}","templated":true}]}}