{"id":1069071,"date":"2026-06-04T10:06:16","date_gmt":"2026-06-04T10:06:16","guid":{"rendered":"https:\/\/www.europesays.com\/de\/1069071\/"},"modified":"2026-06-04T10:06:16","modified_gmt":"2026-06-04T10:06:16","slug":"er-schoss-auf-polizisten-geiselnehmer-von-dortmund-terrorisierte-familie-regional","status":"publish","type":"post","link":"https:\/\/www.europesays.com\/de\/1069071\/","title":{"rendered":"Er schoss auf Polizisten: Geiselnehmer von Dortmund terrorisierte Familie | Regional"},"content":{"rendered":"<p><b>Mehr als acht Stunden hielt Enez C. seine drei T\u00f6chter in einer Dortmunder Wohnung fest, schoss auf einen Polizisten und l\u00f6ste einen gro\u00dfen SEK-Einsatz aus. Nachbarn berichten von jahrelanger Angst, von Gewalt in der Familie und vergeblichen Versuchen der Vermieterin, ihn loszuwerden.<\/b><\/p>\n<p>Jetzt zeigen neue Details, wie der Alltag mit dem Mann wirklich aussah, welche Rolle Polizei und Jugendamt spielten und mit welcher Strategie sein Strafverteidiger die Tat darstellen will. Lesen Sie alle Hintergr\u00fcnde und Einsch\u00e4tzungen \u2013 mit BILDplus.<\/p>\n","protected":false},"excerpt":{"rendered":"Mehr als acht Stunden hielt Enez C. seine drei T\u00f6chter in einer Dortmunder Wohnung fest, schoss auf einen&hellip;\n","protected":false},"author":2,"featured_media":1069072,"comment_status":"","ping_status":"","sticky":false,"template":"","format":"standard","meta":{"footnotes":"","_share_on_mastodon":"0"},"categories":[1833],"tags":[13811,3364,29,217,127,980,2796,30,77484,6452,1114,1209,9116,14177,138370,4853,14465],"class_list":["post-1069071","post","type-post","status-publish","format-standard","has-post-thumbnail","category-dortmund","tag-pistole","tag-de","tag-deutschland","tag-dortmund","tag-ehefrau","tag-festnahme","tag-geiselnahme","tag-germany","tag-gewalt-gegen-polizeibeamte","tag-haeusliche-gewalt","tag-kinder","tag-nordrhein-westfalen","tag-schiessen","tag-spezialeinsatzkommando","tag-team-first","tag-untersuchungshaft","tag-verteidiger"],"share_on_mastodon":{"url":"https:\/\/pubeurope.com\/@de\/116691284160683311","error":""},"_links":{"self":[{"href":"https:\/\/www.europesays.com\/de\/wp-json\/wp\/v2\/posts\/1069071","targetHints":{"allow":["GET"]}}],"collection":[{"href":"https:\/\/www.europesays.com\/de\/wp-json\/wp\/v2\/posts"}],"about":[{"href":"https:\/\/www.europesays.com\/de\/wp-json\/wp\/v2\/types\/post"}],"author":[{"embeddable":true,"href":"https:\/\/www.europesays.com\/de\/wp-json\/wp\/v2\/users\/2"}],"replies":[{"embeddable":true,"href":"https:\/\/www.europesays.com\/de\/wp-json\/wp\/v2\/comments?post=1069071"}],"version-history":[{"count":0,"href":"https:\/\/www.europesays.com\/de\/wp-json\/wp\/v2\/posts\/1069071\/revisions"}],"wp:featuredmedia":[{"embeddable":true,"href":"https:\/\/www.europesays.com\/de\/wp-json\/wp\/v2\/media\/1069072"}],"wp:attachment":[{"href":"https:\/\/www.europesays.com\/de\/wp-json\/wp\/v2\/media?parent=1069071"}],"wp:term":[{"taxonomy":"category","embeddable":true,"href":"https:\/\/www.europesays.com\/de\/wp-json\/wp\/v2\/categories?post=1069071"},{"taxonomy":"post_tag","embeddable":true,"href":"https:\/\/www.europesays.com\/de\/wp-json\/wp\/v2\/tags?post=1069071"}],"curies":[{"name":"wp","href":"https:\/\/api.w.org\/{rel}","templated":true}]}}