{"id":1069154,"date":"2026-06-04T10:52:21","date_gmt":"2026-06-04T10:52:21","guid":{"rendered":"https:\/\/www.europesays.com\/de\/1069154\/"},"modified":"2026-06-04T10:52:21","modified_gmt":"2026-06-04T10:52:21","slug":"ludwigshafen-unfallflucht-im-q-park-parkhaus","status":"publish","type":"post","link":"https:\/\/www.europesays.com\/de\/1069154\/","title":{"rendered":"Ludwigshafen &#8211; Unfallflucht im Q-Park-Parkhaus"},"content":{"rendered":"<p><img loading=\"lazy\" decoding=\"async\" src=\"https:\/\/www.europesays.com\/de\/wp-content\/uploads\/2026\/06\/Polizei-rlp.jpg\" alt=\"Polizei rlp\" width=\"991\" height=\"644\" class=\"alignnone size-full wp-image-640037\"  \/>Ludwigshafen \/ Metropolregion Rhein-Neckar \u2013 Nach einer Verkehrsunfallflucht im Parkhaus Q-Park in der Dammstra\u00dfe bittet die Polizei Ludwigshafen um Hinweise aus der Bev\u00f6lkerung.<\/p>\n<p>Nach bisherigen Erkenntnissen ereignete sich der Vorfall im Zeitraum zwischen Dienstag, 2. Juni 2026, 00:00 Uhr, und Mittwoch, 3. Juni 2026, 10:30 Uhr. Ein bislang unbekannter Fahrzeugf\u00fchrer kollidierte im Parkhaus mit einem ordnungsgem\u00e4\u00df abgestellten Pkw und verursachte dabei einen Schaden.<\/p>\n<p>Anstatt sich um die Schadensregulierung zu k\u00fcmmern oder die Polizei zu informieren, entfernte sich der Verursacher unerlaubt von der Unfallstelle und beging damit Fahrerflucht.<\/p>\n<p>Polizei ermittelt wegen unerlaubten Entfernens vom Unfallort<\/p>\n<p>Die Polizei hat Ermittlungen aufgenommen und sucht nun Zeugen, die den Unfall beobachtet haben oder Angaben zum fl\u00fcchtigen Fahrzeug beziehungsweise dessen Fahrer machen k\u00f6nnen.<\/p>\n<p>Wer im genannten Zeitraum verd\u00e4chtige Beobachtungen im Bereich des Q-Park-Parkhauses in der Dammstra\u00dfe gemacht hat, wird gebeten, sich mit der Polizei in Verbindung zu setzen.<\/p>\n<p>Zeugen gesucht<\/p>\n<p>Hinweise nimmt die Polizei Ludwigshafen entgegen.<\/p>\n<p>MRN-News wird nachberichten.<\/p>\n<p>Quelle: Polizei Ludwigshafen \/ MRN-News<\/p>\n<p class=\"post-modified-info\">Zuletzt aktualisiert am 4. Juni 2026, 11:40<\/p>\n","protected":false},"excerpt":{"rendered":"Ludwigshafen \/ Metropolregion Rhein-Neckar \u2013 Nach einer Verkehrsunfallflucht im Parkhaus Q-Park in der Dammstra\u00dfe bittet die Polizei Ludwigshafen&hellip;\n","protected":false},"author":2,"featured_media":1069155,"comment_status":"","ping_status":"","sticky":false,"template":"","format":"standard","meta":{"footnotes":"","_share_on_mastodon":"0"},"categories":[1845],"tags":[4067,14589,1634,18412,227764,3364,29,548,663,3934,4731,5516,227765,30,52624,13,14996,25476,227766,2096,25488,25489,81901,217038,14,227767,14480,15,1892,121,223367,227768,5206,28951,4936,12,1284,18270,227769,227770,76699,14733,4996,2542,223369],"class_list":["post-1069154","post","type-post","status-publish","format-standard","has-post-thumbnail","category-mannheim","tag-ermittlungen","tag-14589","tag-baden-wuerttemberg","tag-bereich","tag-dammstrasse-ludwigshafen","tag-de","tag-deutschland","tag-eu","tag-europa","tag-europe","tag-fahrer","tag-fahrerflucht","tag-fahrerflucht-ludwigshafen","tag-germany","tag-gesucht","tag-headlines","tag-hinweise","tag-ludwigshafen","tag-ludwigshafen-unfallflucht","tag-mannheim","tag-metropolregion","tag-metropolregion-rhein-neckar","tag-mrn-news","tag-mrn-news-ludwigshafen","tag-nachrichten","tag-nachrichten-ludwigshafen","tag-neckar","tag-news","tag-pkw","tag-polizei","tag-polizei-ludwigshafen","tag-q-park-ludwigshafen","tag-rhein","tag-rhein-neckar","tag-schaden","tag-schlagzeilen","tag-unfall","tag-unfallflucht","tag-unfallflucht-parkhaus-q-park","tag-verkehrsunfall-parkhaus","tag-verkehrsunfallflucht","tag-vorfall","tag-zeugen","tag-zeugen-gesucht","tag-zeugen-gesucht-ludwigshafen"],"share_on_mastodon":{"url":"","error":"Validation failed: Text character limit of 500 exceeded"},"_links":{"self":[{"href":"https:\/\/www.europesays.com\/de\/wp-json\/wp\/v2\/posts\/1069154","targetHints":{"allow":["GET"]}}],"collection":[{"href":"https:\/\/www.europesays.com\/de\/wp-json\/wp\/v2\/posts"}],"about":[{"href":"https:\/\/www.europesays.com\/de\/wp-json\/wp\/v2\/types\/post"}],"author":[{"embeddable":true,"href":"https:\/\/www.europesays.com\/de\/wp-json\/wp\/v2\/users\/2"}],"replies":[{"embeddable":true,"href":"https:\/\/www.europesays.com\/de\/wp-json\/wp\/v2\/comments?post=1069154"}],"version-history":[{"count":0,"href":"https:\/\/www.europesays.com\/de\/wp-json\/wp\/v2\/posts\/1069154\/revisions"}],"wp:featuredmedia":[{"embeddable":true,"href":"https:\/\/www.europesays.com\/de\/wp-json\/wp\/v2\/media\/1069155"}],"wp:attachment":[{"href":"https:\/\/www.europesays.com\/de\/wp-json\/wp\/v2\/media?parent=1069154"}],"wp:term":[{"taxonomy":"category","embeddable":true,"href":"https:\/\/www.europesays.com\/de\/wp-json\/wp\/v2\/categories?post=1069154"},{"taxonomy":"post_tag","embeddable":true,"href":"https:\/\/www.europesays.com\/de\/wp-json\/wp\/v2\/tags?post=1069154"}],"curies":[{"name":"wp","href":"https:\/\/api.w.org\/{rel}","templated":true}]}}