{"id":1069184,"date":"2026-06-04T11:14:16","date_gmt":"2026-06-04T11:14:16","guid":{"rendered":"https:\/\/www.europesays.com\/de\/1069184\/"},"modified":"2026-06-04T11:14:16","modified_gmt":"2026-06-04T11:14:16","slug":"nba-macht-jetzt-ernst-mit-europa-auch-fussball-klubs-dabei-sportmix","status":"publish","type":"post","link":"https:\/\/www.europesays.com\/de\/1069184\/","title":{"rendered":"NBA macht jetzt ernst mit Europa! Auch Fu\u00dfball-Klubs dabei? | Sportmix"},"content":{"rendered":"<p><a class=\"skip-content skip-content--link\" href=\"#in-content-skip-link-target-v-0-0\">TTS-Player \u00fcberspringen\u21b5<\/a><a id=\"in-content-skip-link-target-v-0-0\" class=\"skip-content--target-link-hidden skip-content skip-content--target-link\" href=\"#in-content-skip-link-target-v-0-0\">Artikel weiterlesen<\/a><\/p>\n<p><b>Die <\/b><a href=\"https:\/\/sportbild.bild.de\/us-sport\/nba\/nba\/home-33310776.sport.html\" class=\"text-link\" rel=\"nofollow noopener\" target=\"_blank\"><b>NBA<\/b><\/a><b> macht Ernst mit ihren Europa-Pl\u00e4nen! W\u00e4hrend in den USA die Finals laufen, treiben die Verantwortlichen hinter den Kulissen eines der gr\u00f6\u00dften Basketball-Projekte der vergangenen Jahrzehnte voran. Die geplante NBA Europe soll bereits in knapp zwei Jahren starten und das Interesse daran ist offenbar riesig.<\/b><\/p>\n<p>NBA-Commissioner Adam Silver (64) lieferte vor dem Auftakt der Finalserie zwischen den San Antonio Spurs und den New York Knicks ein vielversprechendes Update. Der Liga-Boss erkl\u00e4rte, dass die Planungen f\u00fcr die neue Europa-Liga \u201evoll im Zeitplan\u201c liegen. Das Ziel bleibt unver\u00e4ndert: der Start zur Saison 2027\/28.<\/p>\n<p>Besonders bemerkenswert: Laut Silver ist das Interesse potenzieller Investoren sogar \u201erekordverd\u00e4chtig\u201c. Bis Ende Juni m\u00fcssen die finalen Bewerbungen f\u00fcr die Franchises eingereicht werden.<\/p>\n<p>Mehr zum ThemaBerlin soll Teil der NBA Europe werden<\/p>\n<p>Nach aktuellem Stand soll die Liga aus 16 Teams bestehen. Zw\u00f6lf Franchises erhalten einen festen Platz, vier weitere Teams k\u00f6nnen sich sportlich qualifizieren. Als m\u00f6gliche Standorte gelten unter anderem Berlin, Paris, London, Madrid, Mailand und Rom.<\/p>\n<p>\u201eEs ist unsere Hoffnung und Erwartung, dass die Liga in der Saison 2027\/28 in Europa an den Start gehen wird\u201c, sagte Silver. \u201eWir sind auf Kurs. Die finalen Gebote der Franchises m\u00fcssen bis Ende dieses Monats eingereicht werden. Wir haben ein rekordverd\u00e4chtiges Interesse verzeichnet und blicken voller Begeisterung auf die sich bietenden M\u00f6glichkeiten sowie auf die enge Zusammenarbeit mit der FIBA.\u201c<\/p>\n<p>Damit r\u00fcckt erstmals auch ein NBA-Team in Deutschland in greifbare N\u00e4he. Gerade Berlin gilt aufgrund seiner Gr\u00f6\u00dfe, Infrastruktur und Basketball-Tradition als einer der aussichtsreichsten Kandidaten f\u00fcr einen festen Standort.<\/p>\n<p>Fu\u00dfball-Klubs sollen mitmischen<\/p>\n<p>Besonders spannend: Die NBA denkt offenbar gr\u00f6\u00dfer als nur an klassische Basketballvereine. Auch Fu\u00dfballklubs wie Paris Saint-Germain, Inter Mailand oder der AC Mailand wurden bereits kontaktiert und k\u00f6nnten eigene Teams stellen.<\/p>\n<p>Parallel laufen weiter Gespr\u00e4che mit der EuroLeague. Silver betonte zwar, dass man eine Verzahnung anstrebt, machte aber auch klar: \u201eWir hoffen, einen Weg zu finden, diese Aktivit\u00e4ten mit der EuroLeague zu verbinden. Wir werden jedoch so oder so weitermachen.\u201c<\/p>\n<p>W\u00e4hrend in Nordamerika noch \u00fcber neue Teams in Seattle oder Las Vegas diskutiert wird, nimmt das Europa-Projekt immer konkretere Formen an. F\u00fcr deutsche Fans k\u00f6nnte das bald NBA-Basketball direkt vor der Haust\u00fcr bedeuten.<\/p>\n","protected":false},"excerpt":{"rendered":"TTS-Player \u00fcberspringen\u21b5Artikel weiterlesen Die NBA macht Ernst mit ihren Europa-Pl\u00e4nen! W\u00e4hrend in den USA die Finals laufen, treiben&hellip;\n","protected":false},"author":2,"featured_media":1069185,"comment_status":"","ping_status":"","sticky":false,"template":"","format":"standard","meta":{"footnotes":"","_share_on_mastodon":"0"},"categories":[3933],"tags":[331,332,2471,2493,2472,548,5842,663,158,3934,3935,20285,3890,13,14,15918,165598,15,12,227784],"class_list":["post-1069184","post","type-post","status-publish","format-standard","has-post-thumbnail","category-eu","tag-aktuelle-nachrichten","tag-aktuelle-news","tag-alba-berlin","tag-basketball","tag-bbl","tag-eu","tag-euroleague","tag-europa","tag-europaeische-union","tag-europe","tag-european-union","tag-fc-bayern-muenchen-baskets","tag-graubrot","tag-headlines","tag-nachrichten","tag-nba","tag-nba-playoffs","tag-news","tag-schlagzeilen","tag-us-basketballvereine"],"share_on_mastodon":{"url":"https:\/\/pubeurope.com\/@de\/116691551092082810","error":""},"_links":{"self":[{"href":"https:\/\/www.europesays.com\/de\/wp-json\/wp\/v2\/posts\/1069184","targetHints":{"allow":["GET"]}}],"collection":[{"href":"https:\/\/www.europesays.com\/de\/wp-json\/wp\/v2\/posts"}],"about":[{"href":"https:\/\/www.europesays.com\/de\/wp-json\/wp\/v2\/types\/post"}],"author":[{"embeddable":true,"href":"https:\/\/www.europesays.com\/de\/wp-json\/wp\/v2\/users\/2"}],"replies":[{"embeddable":true,"href":"https:\/\/www.europesays.com\/de\/wp-json\/wp\/v2\/comments?post=1069184"}],"version-history":[{"count":0,"href":"https:\/\/www.europesays.com\/de\/wp-json\/wp\/v2\/posts\/1069184\/revisions"}],"wp:featuredmedia":[{"embeddable":true,"href":"https:\/\/www.europesays.com\/de\/wp-json\/wp\/v2\/media\/1069185"}],"wp:attachment":[{"href":"https:\/\/www.europesays.com\/de\/wp-json\/wp\/v2\/media?parent=1069184"}],"wp:term":[{"taxonomy":"category","embeddable":true,"href":"https:\/\/www.europesays.com\/de\/wp-json\/wp\/v2\/categories?post=1069184"},{"taxonomy":"post_tag","embeddable":true,"href":"https:\/\/www.europesays.com\/de\/wp-json\/wp\/v2\/tags?post=1069184"}],"curies":[{"name":"wp","href":"https:\/\/api.w.org\/{rel}","templated":true}]}}