{"id":10692,"date":"2025-04-06T14:57:33","date_gmt":"2025-04-06T14:57:33","guid":{"rendered":"https:\/\/www.europesays.com\/de\/10692\/"},"modified":"2025-04-06T14:57:33","modified_gmt":"2025-04-06T14:57:33","slug":"ernst-august-von-hannover-tochter-alexandra-erobert-modewelt","status":"publish","type":"post","link":"https:\/\/www.europesays.com\/de\/10692\/","title":{"rendered":"Ernst August von Hannover: Tochter Alexandra erobert Modewelt"},"content":{"rendered":"<p>Prinzessin Alexandra <\/p>\n<p>Tochter von Ernst August von Hannover erobert Modewelt<\/p>\n<p>05.04.2025 &#8211; 13:25 UhrLesedauer: 2 Min.<\/p>\n<p><a href=\"#focus-0\" class=\"transition-colors duration-200 focus-within:text-magenta block text-current relative\" data-sctrack=\"FocusGalleryImage.Reference\"><img fetchpriority=\"high\" data-testid=\"Opener.Image\" style=\"--lqipURL:url('https:\/\/images.t-online.de\/2025\/04\/h46CfmJky3HC\/0x269:3000x1687\/fit-in\/150x0\/filters:blur(25)\/ernst-august-von-hannover-er-hat-insgesamt-drei-kinder.jpg')\"   loading=\"eager\" src=\"https:\/\/www.europesays.com\/de\/wp-content\/uploads\/2025\/04\/ernst-august-von-hannover-er-hat-insgesamt-drei-kinder.jpg\" alt=\"Ernst August von Hannover: Er hat insgesamt drei Kinder.\" title=\"Ernst August von Hannover: Er hat insgesamt drei Kinder.\" width=\"3000\" height=\"1687\" class=\"bg-[url:var(--lqipURL)] bg-cover bg-center flex w-full max-w-full h-full\" decoding=\"async\"\/><img style=\"--width:32;--height:32\" loading=\"lazy\" src=\"https:\/\/www.europesays.com\/de\/wp-content\/uploads\/2025\/03\/zoom-in.f7dae02f.svg.svg+xml\" alt=\"Vergr\u00f6\u00dfern des Bildes\" title=\"Vergr\u00f6\u00dfern des Bildes\" class=\"&#10;        block&#10;        h-[calc(var(--height)_\/_16_*_1rem)]&#10;        w-[calc(var(--width)_\/_16_*_1rem)]&#10;        max-w-none&#10;        absolute bottom-8 right-8 rounded-4 bg-snow p-8\" decoding=\"async\"\/><\/a><\/p>\n<p>Ernst August von Hannover: Er hat insgesamt drei Kinder. (Quelle: Krafft Angerer \/ Getty)<\/p>\n<p class=\"font-bold text-18 leading-17\">Alexandra von Hannover r\u00fcckt immer mehr ins Rampenlicht. Nun posierte die 25-J\u00e4hrige f\u00fcr die spanische Ausgabe des Modemagazins &#8222;Elle&#8220;.<\/p>\n<p class=\"text-18 leading-17\">Caroline von Monaco liebte einst <a class=\"transition-colors duration-200 cursor-pointer text-inherit no-underline text-salemsfur md:hover:text-magenta md:hover:border-magenta md:focus:text-magenta border-current border-b border-solid break-words\" href=\"https:\/\/www.t-online.de\/themen\/ernst-august-von-hannover\/\" data-sctrack=\"BodyAnchor\" target=\"_blank\" rel=\"noopener\">Ernst August von Hannover<\/a>. Sie wurden ein Paar, heirateten und bekam ein halbes Jahr sp\u00e4ter eine Tochter. Prinzessin Alexandra ist das einzige gemeinsame Kind der beiden. Sie ist mittlerweile 25 Jahre alt und wird als Mitglied der monegassischen F\u00fcrstenfamilie immer pr\u00e4senter. Seit 2024 tritt sie vermehrt in der \u00d6ffentlichkeit auf, unterst\u00fctzt unter anderem ihre Mutter bei offiziellen Terminen.<\/p>\n<p class=\"text-18 leading-17\">Nun erobert Alexandra von <a class=\"transition-colors duration-200 cursor-pointer text-inherit no-underline text-salemsfur md:hover:text-magenta md:hover:border-magenta md:focus:text-magenta border-current border-b border-solid break-words\" href=\"https:\/\/www.t-online.de\/region\/hannover\/\" data-sctrack=\"BodyAnchor\" target=\"_blank\" rel=\"noopener\">Hannover<\/a> auch die Modewelt. Die 25-J\u00e4hrige ziert das Cover der spanischen &#8222;Elle&#8220;. Auf Instagram hei\u00dft es: &#8222;Sie ist eine der am wenigsten bekannten europ\u00e4ischen &#8218;K\u00f6niglichen&#8216; auf dem Kontinent &#8230; f\u00fcr den Moment.&#8220; Die j\u00fcngste Tochter von Caroline von Monaco habe es geschafft, &#8222;das Familienerbe mit einem Leben in Einklang zu bringen, das von Einfachheit und ihrer Liebe zum Studium gepr\u00e4gt ist&#8220;.<\/p>\n<p class=\"text-18 leading-17\">Prinzessin Alexandra posierte nicht nur f\u00fcr das Modemagazin, sondern gab der &#8222;Elle&#8220; auch ein Interview. In dem gew\u00e4hrte sie Einblicke in ihr Seelenleben. &#8222;Manchmal f\u00fchle ich mich meiner monegassischen Seite sehr verbunden, und manchmal identifiziere ich mich mehr mit meinem deutschen und \u00f6sterreichischen Erbe.&#8220; Alexandra wurde 1999 in <a class=\"transition-colors duration-200 cursor-pointer text-inherit no-underline text-salemsfur md:hover:text-magenta md:hover:border-magenta md:focus:text-magenta border-current border-b border-solid break-words\" href=\"https:\/\/www.t-online.de\/themen\/oesterreich\/\" data-sctrack=\"BodyAnchor\" target=\"_blank\" rel=\"noopener\">\u00d6sterreich<\/a> geboren.<\/p>\n<p class=\"text-18 leading-17\">Besonders herzlich \u00e4u\u00dferte sich die Prinzessin \u00fcber die Beziehung zu ihren f\u00fcnf \u00e4lteren Halbgeschwistern. &#8222;Ich f\u00fchle mich ihnen sehr nah und sie geh\u00f6ren zu den wichtigsten Beziehungen in meinem Leben.&#8220; Der Altersunterschied sei dabei sogar ein Vorteil gewesen: &#8222;Dadurch ist der Prozess des Erwachsenwerdens weniger einsch\u00fcchternd geworden.&#8220;<\/p>\n<p class=\"text-18 leading-17\">Ihre Familie habe ihr wichtige Werte mit auf den Weg gegeben. &#8222;Freundlichkeit, gute Manieren und Sinn f\u00fcr Humor&#8220; seien die Qualit\u00e4ten, die sie in ihrer Erziehung vermittelt bekommen habe. Im Interview beschrieb sich die junge Frau selbst als &#8222;kreativ, sensibel und einf\u00fchlsam&#8220;.<\/p>\n<p class=\"text-18 leading-17\">Besonders bewegend sprach Alexandra \u00fcber ihre Mutter. Sie bewundere deren Widerstandsf\u00e4higkeit und innere Ruhe. &#8222;Sie ist sehr mutig und ger\u00e4t nie in Panik. Sie ist unglaublich stark, aber auch in verschiedenen Situationen ruhig. Ich wusste immer, dass ich mit jedem Problem zu ihr kommen kann und dass wir es gemeinsam in Ruhe und ohne Drama angehen.&#8220; \u00dcber ihren Vater Ernst August sprach Alexandra nicht.<\/p>\n","protected":false},"excerpt":{"rendered":"Prinzessin Alexandra Tochter von Ernst August von Hannover erobert Modewelt 05.04.2025 &#8211; 13:25 UhrLesedauer: 2 Min. Ernst August&hellip;\n","protected":false},"author":2,"featured_media":10693,"comment_status":"","ping_status":"","sticky":false,"template":"","format":"standard","meta":{"footnotes":""},"categories":[1836],"tags":[722,522,8066,3364,29,8065,8063,30,46,8067,8064,1411],"class_list":{"0":"post-10692","1":"post","2":"type-post","3":"status-publish","4":"format-standard","5":"has-post-thumbnail","7":"category-hannover","8":"tag-722","9":"tag-522","10":"tag-alexandra-von-hannover","11":"tag-de","12":"tag-deutschland","13":"tag-ernst-august","14":"tag-ernst-august-von-hannover","15":"tag-germany","16":"tag-hannover","17":"tag-modemagazin","18":"tag-modewelt","19":"tag-niedersachsen"},"share_on_mastodon":{"url":"https:\/\/pubeurope.com\/@de\/114291608417149016","error":""},"_links":{"self":[{"href":"https:\/\/www.europesays.com\/de\/wp-json\/wp\/v2\/posts\/10692","targetHints":{"allow":["GET"]}}],"collection":[{"href":"https:\/\/www.europesays.com\/de\/wp-json\/wp\/v2\/posts"}],"about":[{"href":"https:\/\/www.europesays.com\/de\/wp-json\/wp\/v2\/types\/post"}],"author":[{"embeddable":true,"href":"https:\/\/www.europesays.com\/de\/wp-json\/wp\/v2\/users\/2"}],"replies":[{"embeddable":true,"href":"https:\/\/www.europesays.com\/de\/wp-json\/wp\/v2\/comments?post=10692"}],"version-history":[{"count":0,"href":"https:\/\/www.europesays.com\/de\/wp-json\/wp\/v2\/posts\/10692\/revisions"}],"wp:featuredmedia":[{"embeddable":true,"href":"https:\/\/www.europesays.com\/de\/wp-json\/wp\/v2\/media\/10693"}],"wp:attachment":[{"href":"https:\/\/www.europesays.com\/de\/wp-json\/wp\/v2\/media?parent=10692"}],"wp:term":[{"taxonomy":"category","embeddable":true,"href":"https:\/\/www.europesays.com\/de\/wp-json\/wp\/v2\/categories?post=10692"},{"taxonomy":"post_tag","embeddable":true,"href":"https:\/\/www.europesays.com\/de\/wp-json\/wp\/v2\/tags?post=10692"}],"curies":[{"name":"wp","href":"https:\/\/api.w.org\/{rel}","templated":true}]}}