{"id":106928,"date":"2025-05-13T09:02:08","date_gmt":"2025-05-13T09:02:08","guid":{"rendered":"https:\/\/www.europesays.com\/de\/106928\/"},"modified":"2025-05-13T09:02:08","modified_gmt":"2025-05-13T09:02:08","slug":"schluss-mit-den-papierbergen-bauantraege-und-co-in-kernen-bald-digital-nachrichten-aus-kernen","status":"publish","type":"post","link":"https:\/\/www.europesays.com\/de\/106928\/","title":{"rendered":"Schluss mit den Papierbergen: Bauantr\u00e4ge und Co. in Kernen bald digital? &#8211; Nachrichten aus Kernen"},"content":{"rendered":"<p><strong>Kernen.\u00a0<\/strong> Jeder wei\u00df, sie ist im Gange &#8211; aber nicht immer und \u00fcberall ist es von au\u00dfen direkt sichtbar: Die Digitalisierung ist l\u00e4ngst auch im Kernener Rathaus angekommen, das sind keine Neuigkeiten &#8211; aber wie ist der Stand? Was passiert eigentlich mit den Originalen, wenn dann tats\u00e4chlich alle Akten digitalisiert worden sind? Und in welchen Bereichen des B\u00fcrgerservices werden digitale Akten auch f\u00fcr den Otto Normalverbraucher eine Rolle spielen?\u00a0<\/p>\n<p>Gro\u00dfe <\/p>\n","protected":false},"excerpt":{"rendered":"Kernen.\u00a0 Jeder wei\u00df, sie ist im Gange &#8211; aber nicht immer und \u00fcberall ist es von au\u00dfen direkt&hellip;\n","protected":false},"author":2,"featured_media":106929,"comment_status":"","ping_status":"","sticky":false,"template":"","format":"standard","meta":{"footnotes":"","_share_on_mastodon":"0"},"categories":[1830],"tags":[1634,17717,41322,3364,29,42108,1081,42109,42110,42111,30,14435,42112,42113,42114,1441],"class_list":["post-106928","post","type-post","status-publish","format-standard","has-post-thumbnail","category-stuttgart","tag-baden-wuerttemberg","tag-bauamt","tag-bauantrag","tag-de","tag-deutschland","tag-digitales-bauamt","tag-digitalisierung","tag-e-akte","tag-gemeinde-kernen","tag-gemeindeverwaltung","tag-germany","tag-kernen","tag-papierlos","tag-papierloses-rathaus","tag-rathaus-kernen","tag-stuttgart"],"share_on_mastodon":{"url":"https:\/\/pubeurope.com\/@de\/114499717971283257","error":""},"_links":{"self":[{"href":"https:\/\/www.europesays.com\/de\/wp-json\/wp\/v2\/posts\/106928","targetHints":{"allow":["GET"]}}],"collection":[{"href":"https:\/\/www.europesays.com\/de\/wp-json\/wp\/v2\/posts"}],"about":[{"href":"https:\/\/www.europesays.com\/de\/wp-json\/wp\/v2\/types\/post"}],"author":[{"embeddable":true,"href":"https:\/\/www.europesays.com\/de\/wp-json\/wp\/v2\/users\/2"}],"replies":[{"embeddable":true,"href":"https:\/\/www.europesays.com\/de\/wp-json\/wp\/v2\/comments?post=106928"}],"version-history":[{"count":0,"href":"https:\/\/www.europesays.com\/de\/wp-json\/wp\/v2\/posts\/106928\/revisions"}],"wp:featuredmedia":[{"embeddable":true,"href":"https:\/\/www.europesays.com\/de\/wp-json\/wp\/v2\/media\/106929"}],"wp:attachment":[{"href":"https:\/\/www.europesays.com\/de\/wp-json\/wp\/v2\/media?parent=106928"}],"wp:term":[{"taxonomy":"category","embeddable":true,"href":"https:\/\/www.europesays.com\/de\/wp-json\/wp\/v2\/categories?post=106928"},{"taxonomy":"post_tag","embeddable":true,"href":"https:\/\/www.europesays.com\/de\/wp-json\/wp\/v2\/tags?post=106928"}],"curies":[{"name":"wp","href":"https:\/\/api.w.org\/{rel}","templated":true}]}}