{"id":1069286,"date":"2026-06-04T12:09:30","date_gmt":"2026-06-04T12:09:30","guid":{"rendered":"https:\/\/www.europesays.com\/de\/1069286\/"},"modified":"2026-06-04T12:09:30","modified_gmt":"2026-06-04T12:09:30","slug":"timmy-obduktion-am-strand-einer-muss-es-ja-machen-news","status":"publish","type":"post","link":"https:\/\/www.europesays.com\/de\/1069286\/","title":{"rendered":"Timmy-Obduktion am Strand: Einer muss es ja machen | News"},"content":{"rendered":"<p><a class=\"skip-content skip-content--link\" href=\"#in-content-skip-link-target-v-0-0\">TTS-Player \u00fcberspringen\u21b5<\/a><a id=\"in-content-skip-link-target-v-0-0\" class=\"skip-content--target-link-hidden skip-content skip-content--target-link\" href=\"#in-content-skip-link-target-v-0-0\">Artikel weiterlesen<\/a><\/p>\n<p data-bbd632a7=\"0-1429\">Anholt (D\u00e4nemark) \u2013 <b>Es ist der wohl ekelhafteste Job des Tages \u2013 aber einer muss ihn ja machen! Heute soll der tote Buckelwal Timmy am Strand auseinandergenommen und obduziert werden. Der Kadaver liegt bereits seit drei Wochen an der K\u00fcste der d\u00e4nischen Insel Anholt, die Verwesung ist dementsprechend weit fortgeschritten. Wenn die Experten Timmy aufschneiden, wird ein bestialischer Gestank den Strand umh\u00fcllen.<\/b><\/p>\n<p><img decoding=\"async\" width=\"992\" height=\"558\" alt=\"Auch wenn die KI-generierten und dargestellten Gr\u00f6\u00dfenverh\u00e4ltnisse nicht ganz stimmen: Die Forscher werden sich in das Innere des Wals begeben m\u00fcssen\" src=\"https:\/\/www.europesays.com\/de\/wp-content\/uploads\/2026\/06\/7ce581422b21f23db2641183df48602e,13ac201a.jpeg\"   class=\"landscape\" loading=\"lazy\"\/><\/p>\n<p class=\"fig__caption__text\">Auch wenn die KI-generierten und dargestellten Gr\u00f6\u00dfenverh\u00e4ltnisse nicht ganz stimmen: Die Forscher werden sich in das Innere des Wals begeben m\u00fcssen<\/p>\n<p>Foto: BILD\/KI-generiert<\/p>\n<p data-bbd632a7=\"0-1429\">Das Obduktionsteam besteht laut BILD-Informationen aus f\u00fcnf bis sechs d\u00e4nischen Experten, darunter Pathologen, Tier\u00e4rzte und Forscher. Geleitet wird die Gruppe von Charlotte Bie Th\u00f8stesen. Sie ist eine d\u00e4nische Naturhistorikerin und Fachchefin f\u00fcr Naturgeschichte beim Museum Vest in D\u00e4nemark. Th\u00f8stesen und ihr Team werden nicht drum herumkommen, in den toten Wal zu steigen. Nur so lassen sich Magen, Darm und die riesigen Organe untersuchen, <a href=\"https:\/\/www.bild.de\/news\/ausland\/sektion-am-strand-csi-timmy-so-laeuft-die-obduktion-vom-buckelwal-ab-6a1d3b1eae59523b137e3aab\" class=\"text-link\" rel=\"nofollow noopener\" target=\"_blank\">erkl\u00e4rte Meeresbiologe und Walforscher Fabian Ritter<\/a>. Eine Wal-Obduktion ist f\u00fcr Pathologen keine Routine, sondern eine echte Mammutaufgabe und so spannend wie ein Krimi. CSI: Timmy!<\/p>\n<p><img decoding=\"async\" width=\"992\" height=\"1178\" alt=\"CSI-Ermittler am Strand, wie in der US-Krimiserie: Die k\u00fcnstliche Intelligenz von BILD sieht, wie Pathologen und Kriminologen vorgehen\" src=\"https:\/\/www.europesays.com\/de\/wp-content\/uploads\/2026\/06\/1aadbd6ba144ee25e904d65dcc1b583d,1b200004.jpeg\"   class=\"portrait\" loading=\"lazy\"\/><\/p>\n<p class=\"fig__caption__text\">CSI-Ermittler am Strand, wie in der US-Krimiserie: Die k\u00fcnstliche Intelligenz von BILD sieht, wie Pathologen und Kriminologen vorgehen<\/p>\n<p>Foto: BILD\/KI-generiert<\/p>\n<p>BILD-Reporter kurz vor der Timmy-Obduktion: \u201eDies wird ein blutiges Schauspiel werden\u201c<a class=\"anchor video-teaser__anchor\" href=\"https:\/\/www.bild.de\/news\/bild-vor-ort-bei-obduktion-von-timmy-dies-wird-ein-blutiges-schauspiel-werden-6a2128a9773243ee7a4d5f8a\" rel=\"nofollow noopener\" target=\"_blank\"><img decoding=\"async\" width=\"992\" height=\"558\" alt=\"BILD vor Ort bei Obduktion von Timmy: \u201eDies wird ein blutiges Schauspiel werden\u201c\" src=\"https:\/\/www.europesays.com\/de\/wp-content\/uploads\/2026\/06\/f30cce6436773e4db05b581189974b1e,c00b9d96.jpeg\"   class=\"landscape teaser__image\" loading=\"lazy\"\/><\/a><\/p>\n<p>Quelle: BILD04.06.2026<\/p>\n<p data-bbd632a7=\"0-1429\">Das Obduktionsteam wird heute Nachmittag mit der F\u00e4hre zur d\u00e4nischen Insel Anholt fahren \u2013 und dann z\u00fcgig loslegen! Bekleidet unter anderem mit Vollschutzanzug, Kapuze, Schutzbrille und Atemmaske, werden sie Timmy mit schweren Ger\u00e4ten aufschneiden. \u201eDas sind gro\u00dfe Flenzmesser an langen Stielen\u201c, sagt Ritter. <\/p>\n<p>Foto: diverse (BILD, AFP, DPA, AP)<\/p>\n<p data-bbd632a7=\"0-1429\">Mit dem Messer setzen die Experten die ersten Schnitte durch die 20 Zentimeter dicke Haut, durchdringen dabei Fett und Muskeln. Ritter: \u201eDie Pathologen haben ein Protokoll. Sie wissen, wo der erste Schnitt angesetzt wird.\u201c Schritt f\u00fcr Schritt arbeiten sie sich vor. Doch ungef\u00e4hrlich ist das Unterfangen nicht. Der aufgebl\u00e4hte Wal-K\u00f6rper steht unter Druck. Beim \u00d6ffnen k\u00f6nnen Gase und Fl\u00fcssigkeiten schlagartig entweichen. Im schlimmsten Fall <a href=\"https:\/\/www.bild.de\/news\/ausland\/experte-zu-wal-timmy-zu-entgasen-ist-wie-eine-bombe-zu-entschaerfen-6a17cd1a61be973b7ac9f68f\" class=\"text-link\" rel=\"nofollow noopener\" target=\"_blank\">fliegt sogar Gewebe durch die Luft<\/a>!<\/p>\n<p><img decoding=\"async\" width=\"992\" height=\"558\" alt=\"Ein Foto des echten toten Wals Timmy. Er wurde bei Anholt mit technischem Ger\u00e4t aus dem Wasser gezogen\" src=\"https:\/\/www.europesays.com\/de\/wp-content\/uploads\/2026\/06\/b8be46b4c87ef058fc0a8557b8a0e648,59682321.jpeg\"   class=\"landscape\" loading=\"lazy\"\/><\/p>\n<p class=\"fig__caption__text\">Ein Foto des echten toten Wals Timmy. Er wurde bei Anholt mit technischem Ger\u00e4t aus dem Wasser gezogen<\/p>\n<p>Foto: Marcus Golejewski\/dpa<\/p>\n<p data-bbd632a7=\"1430-1949\">\u201eDer n\u00e4chste Schritt besteht nun darin, den Buckelwal eingehender zu untersuchen und Proben f\u00fcr Forschungszwecke zu entnehmen. Bei Strandungen gr\u00f6\u00dferer <a href=\"https:\/\/www.bild.de\/themen\/specials\/wale\/news-natur-fotos-forschung-wissenschaft-videos-21431244.bild.html\" class=\"text-link\" rel=\"nofollow noopener\" target=\"_blank\">Wale<\/a> \u2013 sofern die Einsch\u00e4tzung besteht, dass der Wal eine Beeintr\u00e4chtigung darstellt und daher entfernt werden muss \u2013 ist es g\u00e4ngige Praxis, eine Obduktion durchzuf\u00fchren und wissenschaftliche Proben zu entnehmen\u201c, erkl\u00e4rt Jane Hansen, Abteilungsleiterin bei der d\u00e4nischen Umweltschutzbeh\u00f6rde. Auf diese Weise wollen die Forscher wertvolle Erkenntnisse gewinnen. Anschlie\u00dfend werde der Wal in einem blauen Container von Anholt abtransportiert. Die Obduktion soll kl\u00e4ren, wie und warum der Buckelwal nach seiner Freilassung in die Nordsee am 2. Mai gestorben ist. Das Timmy-R\u00e4tsel k\u00f6nnte endlich gel\u00f6st werden.<\/p>\n<p><img decoding=\"async\" width=\"992\" height=\"558\" alt=\"Am Strand wurden bereits blaue Container aufgestellt. In den werden die sterblichen \u00dcberreste von Timmy geladen und sp\u00e4ter aufs Festland gebracht\" src=\"https:\/\/www.europesays.com\/de\/wp-content\/uploads\/2026\/06\/3b936b8777c50a08f840fac1cd28b3db,77987a47.jpeg\"   class=\"landscape\" loading=\"lazy\"\/><\/p>\n<p class=\"fig__caption__text\">Am Strand wurden bereits blaue Container aufgestellt. In den werden die sterblichen \u00dcberreste von Timmy geladen und sp\u00e4ter aufs Festland gebracht<\/p>\n<p>Foto: emha<\/p>\n<p>Heute kommt Timmy unters Messer: Aber bitte nicht SO!<a class=\"anchor video-teaser__anchor\" href=\"https:\/\/www.bild.de\/news\/ausland\/heute-kommt-timmy-unters-messer-aber-bitte-nicht-so-6a213f6c1f46a650bff5ef6b\" rel=\"nofollow noopener\" target=\"_blank\"><img decoding=\"async\" width=\"992\" height=\"558\" alt=\"Heute wird Wal Timmy obduziert \u2013 aber bitte nicht SO!\" src=\"https:\/\/www.europesays.com\/de\/wp-content\/uploads\/2026\/06\/1353d92d6e89b371fdce4deaf39ef05e,5ba30d32.jpeg\"   class=\"landscape teaser__image\" loading=\"lazy\"\/><\/a><\/p>\n<p>Quelle: Newsflare\/kvf04.06.2026<\/p>\n","protected":false},"excerpt":{"rendered":"TTS-Player \u00fcberspringen\u21b5Artikel weiterlesen Anholt (D\u00e4nemark) \u2013 Es ist der wohl ekelhafteste Job des Tages \u2013 aber einer muss&hellip;\n","protected":false},"author":2,"featured_media":1069287,"comment_status":"","ping_status":"","sticky":false,"template":"","format":"standard","meta":{"footnotes":"","_share_on_mastodon":"0"},"categories":[2],"tags":[29,30,13,14367,73129,14,15,12251,92981,12,138370,3533,20527,10,8,9,11,16202],"class_list":["post-1069286","post","type-post","status-publish","format-standard","has-post-thumbnail","category-deutschland","tag-deutschland","tag-germany","tag-headlines","tag-meer","tag-meerestiere","tag-nachrichten","tag-news","tag-obduktion","tag-saeugetiere","tag-schlagzeilen","tag-team-first","tag-todesfall","tag-todesursachen","tag-top-news","tag-top-meldungen","tag-topmeldungen","tag-topnews","tag-wale"],"share_on_mastodon":{"url":"https:\/\/pubeurope.com\/@de\/116691768729729875","error":""},"_links":{"self":[{"href":"https:\/\/www.europesays.com\/de\/wp-json\/wp\/v2\/posts\/1069286","targetHints":{"allow":["GET"]}}],"collection":[{"href":"https:\/\/www.europesays.com\/de\/wp-json\/wp\/v2\/posts"}],"about":[{"href":"https:\/\/www.europesays.com\/de\/wp-json\/wp\/v2\/types\/post"}],"author":[{"embeddable":true,"href":"https:\/\/www.europesays.com\/de\/wp-json\/wp\/v2\/users\/2"}],"replies":[{"embeddable":true,"href":"https:\/\/www.europesays.com\/de\/wp-json\/wp\/v2\/comments?post=1069286"}],"version-history":[{"count":0,"href":"https:\/\/www.europesays.com\/de\/wp-json\/wp\/v2\/posts\/1069286\/revisions"}],"wp:featuredmedia":[{"embeddable":true,"href":"https:\/\/www.europesays.com\/de\/wp-json\/wp\/v2\/media\/1069287"}],"wp:attachment":[{"href":"https:\/\/www.europesays.com\/de\/wp-json\/wp\/v2\/media?parent=1069286"}],"wp:term":[{"taxonomy":"category","embeddable":true,"href":"https:\/\/www.europesays.com\/de\/wp-json\/wp\/v2\/categories?post=1069286"},{"taxonomy":"post_tag","embeddable":true,"href":"https:\/\/www.europesays.com\/de\/wp-json\/wp\/v2\/tags?post=1069286"}],"curies":[{"name":"wp","href":"https:\/\/api.w.org\/{rel}","templated":true}]}}