{"id":1069359,"date":"2026-06-04T12:54:22","date_gmt":"2026-06-04T12:54:22","guid":{"rendered":"https:\/\/www.europesays.com\/de\/1069359\/"},"modified":"2026-06-04T12:54:22","modified_gmt":"2026-06-04T12:54:22","slug":"kultur-am-pavillon-nur-noch-vier-konzerte","status":"publish","type":"post","link":"https:\/\/www.europesays.com\/de\/1069359\/","title":{"rendered":"Kultur am Pavillon: Nur noch vier Konzerte"},"content":{"rendered":"<p>Nach nur zwei Monaten ist die Saison von \u201eKultur am Pavillon\u201c bereits wieder vorbei. Nach vier erfolgreichen Konzerten im Mai stehen im Juni noch vier Sonntagskonzerte auf dem Programm. Danach endet die Reihe vorerst.<br \/>\n<img fetchpriority=\"high\" decoding=\"async\" src=\"https:\/\/www.europesays.com\/de\/wp-content\/uploads\/2025\/05\/2025-05-02-KulturAmPavi.jpg\" alt=\"Kultur am Pavillon - Foto: Ryke Waltz Studios\" width=\"2400\" height=\"1350\" class=\"size-full wp-image-225904\"  \/>Kultur am Pavillon \u2013 Foto: Ryke Waltz Studios\n<\/p>\n<p>Weniger Geld aus dem Stadthaushalt<\/p>\n<p>Der Grund liegt im Dresdner Stadthaushalt. Die Stadtr\u00e4te haben sich bislang nicht auf einen Nachtragshaushalt geeinigt. Auch in der heutigen Sitzung steht das Thema nicht auf der Tagesordnung. Im Ergebnis gilt weiterhin die Haushaltssperre von 50 Prozent. Die Folge: Im Stadtbezirksbudget stehen aktuell keine weiteren Mittel f\u00fcr die Pavillon-Kultur zur Verf\u00fcgung.\n<\/p>\n<p>Maria Helm dankt im Namen des Teams und der Besucherinnen und Besucher dem Stadtbezirksbeirat Dresden-Neustadt, dem Amt f\u00fcr Kultur und Denkmalschutz, den Sponsoren 4source, dem Villandry Restaurant, dem Sankt Pauli Restaurant und Teilauto sowie den privaten Spenderinnen und Spendern, die sich am Crowdfunding beteiligt haben. Ihr Dank gilt au\u00dferdem dem ehrenamtlichen Team und allen Unterst\u00fctzern des Konzertformats.\n<\/p>\n<p>Hoffnung auf eine Fortsetzung im September<\/p>\n<p>Ob die Reihe im September fortgesetzt werden kann, ist derzeit offen. Helm hofft auf zus\u00e4tzliche Mittel aus einem m\u00f6glichen Nachtragshaushalt der Landeshauptstadt Dresden sowie aus noch offenen Kulturf\u00f6rderantr\u00e4gen. Sollten entsprechende F\u00f6rderzusagen erfolgen, k\u00f6nnten zumindest die f\u00fcr September geplanten Konzerte stattfinden. Andernfalls richtet sich der Blick auf das Jahr 2027.<\/p>\n<p>Kultur am Pavillon im Juni 2026<\/p>\n<p>Alle Konzerte finden am Pavillon an der Albertbr\u00fccke statt, jeweils von 16 bis 17 Uhr.\n<\/p>\n<p>Sonntag, 7. Juni 2026<\/p>\n<p>Big Fat Shakin\u2018\n<\/p>\n<p>Sonntag, 14. Juni 2026<\/p>\n<p>Jo Aldingers Downbeatclub\n<\/p>\n<p>Sonntag, 21. Juni 2026<\/p>\n<p>Reni &amp; The Rhythm Boys<\/p>\n<p>Sonntag, 28. Juni 2026<\/p>\n<p>Die Gabys<\/p>\n","protected":false},"excerpt":{"rendered":"Nach nur zwei Monaten ist die Saison von \u201eKultur am Pavillon\u201c bereits wieder vorbei. Nach vier erfolgreichen Konzerten&hellip;\n","protected":false},"author":2,"featured_media":1069360,"comment_status":"","ping_status":"","sticky":false,"template":"","format":"standard","meta":{"footnotes":"","_share_on_mastodon":"0"},"categories":[1835],"tags":[3364,29,2386,9614,30,80,227798,4229,34724,859],"class_list":["post-1069359","post","type-post","status-publish","format-standard","has-post-thumbnail","category-dresden","tag-de","tag-deutschland","tag-dresden","tag-elberadweg","tag-germany","tag-kultur","tag-maria-helm","tag-neustadt","tag-pavillon","tag-sachsen"],"share_on_mastodon":{"url":"https:\/\/pubeurope.com\/@de\/116691944908126881","error":""},"_links":{"self":[{"href":"https:\/\/www.europesays.com\/de\/wp-json\/wp\/v2\/posts\/1069359","targetHints":{"allow":["GET"]}}],"collection":[{"href":"https:\/\/www.europesays.com\/de\/wp-json\/wp\/v2\/posts"}],"about":[{"href":"https:\/\/www.europesays.com\/de\/wp-json\/wp\/v2\/types\/post"}],"author":[{"embeddable":true,"href":"https:\/\/www.europesays.com\/de\/wp-json\/wp\/v2\/users\/2"}],"replies":[{"embeddable":true,"href":"https:\/\/www.europesays.com\/de\/wp-json\/wp\/v2\/comments?post=1069359"}],"version-history":[{"count":0,"href":"https:\/\/www.europesays.com\/de\/wp-json\/wp\/v2\/posts\/1069359\/revisions"}],"wp:featuredmedia":[{"embeddable":true,"href":"https:\/\/www.europesays.com\/de\/wp-json\/wp\/v2\/media\/1069360"}],"wp:attachment":[{"href":"https:\/\/www.europesays.com\/de\/wp-json\/wp\/v2\/media?parent=1069359"}],"wp:term":[{"taxonomy":"category","embeddable":true,"href":"https:\/\/www.europesays.com\/de\/wp-json\/wp\/v2\/categories?post=1069359"},{"taxonomy":"post_tag","embeddable":true,"href":"https:\/\/www.europesays.com\/de\/wp-json\/wp\/v2\/tags?post=1069359"}],"curies":[{"name":"wp","href":"https:\/\/api.w.org\/{rel}","templated":true}]}}