{"id":1069409,"date":"2026-06-04T13:20:15","date_gmt":"2026-06-04T13:20:15","guid":{"rendered":"https:\/\/www.europesays.com\/de\/1069409\/"},"modified":"2026-06-04T13:20:15","modified_gmt":"2026-06-04T13:20:15","slug":"neuer-job-fuer-ex-staatssekretaer-florian-tursky-in-berlin","status":"publish","type":"post","link":"https:\/\/www.europesays.com\/de\/1069409\/","title":{"rendered":"Neuer Job f\u00fcr Ex-Staatssekret\u00e4r Florian Tursky in Berlin"},"content":{"rendered":"<p _ngcontent-tt-com-www-c3071245697=\"\" data-cy=\"body\">Florian Tursky hat einen neuen Job: Der 38-j\u00e4hrige Tiroler leitet seit dem 1. Juni das \u201eGlobal Government Technology Centre\u201c (GGTC) in Berlin, wie Tursky best\u00e4tigte. Die Plattform vernetzt laut eigenen Angaben Regierungen weltweit mit Technologieunternehmen, Wissenschaft und internationalen Organisationen.<\/p>\n<p _ngcontent-tt-com-www-c3071245697=\"\" data-cy=\"body\">Die Initiative \u201ef\u00fcr staatliche Innovation und digitalen Wissenstransfer\u201c war vom Weltwirtschaftsforum (WEF) und GovTech Deutschland, einem Netzwerk zur Modernisierung der Verwaltung, ins Leben gerufen worden. <\/p>\n<p _ngcontent-tt-com-www-c3071245697=\"\" data-cy=\"body\">F\u00fcr Tursky handelt es sich um eine weitere Aufgabe mit F\u00fchrungsfunktion in Deutschland, nachdem er bereits Anfang vergangenen Jahres zum Leiter des \u201eVodafone Institut Europe\u201c des gleichnamigen britischen Telekommunikationsunternehmens mit Standorten in D\u00fcsseldorf und Berlin bestellt worden war.<\/p>\n<p _ngcontent-tt-com-www-c3071245697=\"\" data-cy=\"body\">Der Staatssekret\u00e4r im deutschen Bundesministerium f\u00fcr Digitales und Staatsmodernisierung, Markus Richter (CDU), lobte Tursky unterdessen in einer Aussendung von GGTC. Dieser verbinde \u201epolitische Erfahrung mit einem tiefen Verst\u00e4ndnis f\u00fcr staatliche Modernisierung und internationale Technologiepolitik\u201c und sei w\u00e4hrend seiner Staatssekret\u00e4rszeit ein \u201einternational hervorragend vernetzter und technologisch versierter Digitalisierungspolitiker\u201c gewesen. <\/p>\n<p _ngcontent-tt-com-www-c3071245697=\"\" data-cy=\"body\">Tursky hat seinen privaten Lebensmittelpunkt mit seiner Familie mittlerweile in der Schweiz und pendelt zwischen dort und Deutschland.<\/p>\n<p _ngcontent-tt-com-www-c3071245697=\"\" data-cy=\"body\">Der ehemalige B\u00fcroleiter von Tirols Ex-Landeshauptmann G\u00fcnther Platter (\u00d6VP) war von Mai 2022 bis M\u00e4rz 2024 Staatssekret\u00e4r. Im April 2024 kandidierte er bei der Innsbrucker Gemeinderatswahl als B\u00fcrgermeisterkandidat des B\u00fcndnisses \u201edas Neue Innsbruck\u201c, fuhr jedoch eine herbe Wahlniederlage ein. Letztlich verabschiedete er sich aus der Politik. (APA)<\/p>\n","protected":false},"excerpt":{"rendered":"Florian Tursky hat einen neuen Job: Der 38-j\u00e4hrige Tiroler leitet seit dem 1. Juni das \u201eGlobal Government Technology&hellip;\n","protected":false},"author":2,"featured_media":1069410,"comment_status":"","ping_status":"","sticky":false,"template":"","format":"standard","meta":{"footnotes":"","_share_on_mastodon":"0"},"categories":[1825],"tags":[296,29,1081,227804,30,227807,227806,3761,63350,227808,173,227805,17119,24231],"class_list":["post-1069409","post","type-post","status-publish","format-standard","has-post-thumbnail","category-berlin","tag-berlin","tag-deutschland","tag-digitalisierung","tag-florian-tursky","tag-germany","tag-global-government-technology-centre","tag-global-government-technology-centre-ggtc","tag-landespolitik","tag-oevp","tag-technologiepolitik","tag-unternehmen","tag-vodafone-institut-europe","tag-wahlniederlage","tag-weltwirtschaftsforum"],"share_on_mastodon":{"url":"https:\/\/pubeurope.com\/@de\/116692046969110217","error":""},"_links":{"self":[{"href":"https:\/\/www.europesays.com\/de\/wp-json\/wp\/v2\/posts\/1069409","targetHints":{"allow":["GET"]}}],"collection":[{"href":"https:\/\/www.europesays.com\/de\/wp-json\/wp\/v2\/posts"}],"about":[{"href":"https:\/\/www.europesays.com\/de\/wp-json\/wp\/v2\/types\/post"}],"author":[{"embeddable":true,"href":"https:\/\/www.europesays.com\/de\/wp-json\/wp\/v2\/users\/2"}],"replies":[{"embeddable":true,"href":"https:\/\/www.europesays.com\/de\/wp-json\/wp\/v2\/comments?post=1069409"}],"version-history":[{"count":0,"href":"https:\/\/www.europesays.com\/de\/wp-json\/wp\/v2\/posts\/1069409\/revisions"}],"wp:featuredmedia":[{"embeddable":true,"href":"https:\/\/www.europesays.com\/de\/wp-json\/wp\/v2\/media\/1069410"}],"wp:attachment":[{"href":"https:\/\/www.europesays.com\/de\/wp-json\/wp\/v2\/media?parent=1069409"}],"wp:term":[{"taxonomy":"category","embeddable":true,"href":"https:\/\/www.europesays.com\/de\/wp-json\/wp\/v2\/categories?post=1069409"},{"taxonomy":"post_tag","embeddable":true,"href":"https:\/\/www.europesays.com\/de\/wp-json\/wp\/v2\/tags?post=1069409"}],"curies":[{"name":"wp","href":"https:\/\/api.w.org\/{rel}","templated":true}]}}