{"id":1069530,"date":"2026-06-04T14:29:14","date_gmt":"2026-06-04T14:29:14","guid":{"rendered":"https:\/\/www.europesays.com\/de\/1069530\/"},"modified":"2026-06-04T14:29:14","modified_gmt":"2026-06-04T14:29:14","slug":"duesseldorf-letzter-himmelgeister-brueckenlauf-ist-restlos-ausverkauft","status":"publish","type":"post","link":"https:\/\/www.europesays.com\/de\/1069530\/","title":{"rendered":"D\u00fcsseldorf: Letzter Himmelgeister Br\u00fcckenlauf ist restlos ausverkauft"},"content":{"rendered":"<p class=\"text_ohne_einzug richtext text-em-55 !leading-serif mx-6 desktop:mx-0\"> Es war eine schlechte Nachricht f\u00fcr Laufbegeisterte in D\u00fcsseldorf: Der Himmelgeister Br\u00fcckenlauf findet 2026 zum letzten Mal statt. Danach werde sich das Orga-Team komplett zur\u00fcckziehen, hei\u00dft es von den Veranstaltern.<\/p>\n<p class=\"richtext text-em-55 !leading-serif mx-6 desktop:mx-0\">Die Pl\u00e4tze f\u00fcr den 20. und letzten Himmelgeister Br\u00fcckenlauf sind bereits restlos ausgebucht. Hunderte Sportler haben sich angemeldet, um am 13. Juni an den Start zu gehen. \u201eWir sind stolz auf den Zuspruch aus der Laufszene, das ist eine Wertsch\u00e4tzung unserer Arbeit\u201c, teilen die Organisatoren mit. \u201eAllerdings ist es bedauerlich f\u00fcr diejenigen, die dieses Mal keinen Startplatz erhalten haben. Aber eine Ausweitung des Teilnehmerfeldes ist aufgrund des d\u00f6rflichen Charakters in Himmelgeist nicht m\u00f6glich.\u201c<\/p>\n<p class=\"richtext text-em-55 !leading-serif mx-6 desktop:mx-0\">F\u00fcr alle, die keinen Platz mehr bekommen haben, gibt es dennoch eine M\u00f6glichkeit zur Teilnahme. \u201eDie Erfahrung zeigt, dass in der Vergangenheit viele Interessierte fr\u00fchzeitig gebucht haben und am Lauftag dann nicht angetreten sind\u201c, so die Veranstalter. Wer doch nicht mitlaufen kann, wird darum gebeten, seine Startnummer einfach weiter- oder zur\u00fcckzugeben. Nachr\u00fccker k\u00f6nnten dann noch personalisierte Startnummern erhalten.<\/p>\n<p class=\"richtext text-em-55 !leading-serif mx-6 desktop:mx-0\">Spontane L\u00e4ufer k\u00f6nnen auch am Samstag fr\u00fch zur Startnummernausgabe kommen. Nicht abgeholte Nummern werden dann anderweitig vergeben. Eine Garantie f\u00fcr einen Startplatz gibt es dann aber nicht.<\/p>\n<p class=\"richtext text-em-55 !leading-serif mx-6 desktop:mx-0\">Im Jahr 2004 wurde der Himmelgeister Br\u00fcckenlauf im Rahmen der 1100-Jahresfeier von Himmelgeist ins Leben gerufen. Veranstalter sind <a href=\"https:\/\/rp-online.de\/thema\/fortuna-duesseldorf\/\" rel=\"nofollow noopener\" target=\"_blank\">Fortuna D\u00fcsseldorf<\/a> 1895 (Lauf- und Triathlonabteilung) als ausrichtender Verein und das Team Himmelgeister Br\u00fcckenlauf (THB). Sowohl das Orgateam als auch die \u00fcbrigen engagierten Helfer im Vorfeld und am Veranstaltungstag sind ausnahmslos ehrenamtlich t\u00e4tig, hei\u00dft es.<\/p>\n<p class=\"richtext text-em-55 !leading-serif mx-6 desktop:mx-0\">Es ist die einzige Sportveranstaltung, die auf Neusser und D\u00fcsseldorfer Gebiet stattfindet. Auf 21,1 Kilometern erwartet die L\u00e4ufer ein flacher, asphaltierter Rundkurs \u00fcber die Fleher Br\u00fccke, den Neusser Yachthafen, die S\u00fcdbr\u00fccke entlang des Rheins mit Start und Ziel in Himmelgeist.<\/p>\n<p class=\"richtext text-em-55 !leading-serif mx-6 desktop:mx-0\">Neben der Herausforderung f\u00fcr sportlich ambitionierte L\u00e4ufer soll hier auch der Spa\u00df am Laufen mit Gleichgesinnten im Mittelpunkt stehen, betonen die Veranstalter. Einige Starter seien seit der ersten Veranstaltung dabei. Hier gibt es ein einzigartiges Startritual: Wenn der planm\u00e4\u00dfige Bus der Linie 835 der <a href=\"https:\/\/rp-online.de\/thema\/rheinbahn\/\" rel=\"nofollow noopener\" target=\"_blank\">Rheinbahn<\/a> um 8 Uhr den Startbereich passiert, machen die L\u00e4ufer Platz und winken den Bus mit einer La-Ola-Welle durch. Unmittelbar danach erfolgt der Startschuss.<\/p>\n","protected":false},"excerpt":{"rendered":"Es war eine schlechte Nachricht f\u00fcr Laufbegeisterte in D\u00fcsseldorf: Der Himmelgeister Br\u00fcckenlauf findet 2026 zum letzten Mal statt.&hellip;\n","protected":false},"author":2,"featured_media":1069531,"comment_status":"","ping_status":"","sticky":false,"template":"","format":"standard","meta":{"footnotes":"","_share_on_mastodon":"0"},"categories":[1831],"tags":[51717,242,600,63624,10415,3364,29,3405,3679,30,63625,15839,15840,1209,227827,4454,212789,29562,227826,227825,20622,227824,6602,13295],"class_list":["post-1069530","post","type-post","status-publish","format-standard","has-post-thumbnail","category-duesseldorf","tag-himmelgeist","tag-242","tag-bruecke","tag-brueckenlauf","tag-bus","tag-de","tag-deutschland","tag-duesseldorf","tag-duesseldorfer","tag-germany","tag-himmelgeister","tag-lauf","tag-laeufer","tag-nordrhein-westfalen","tag-nummern","tag-start","tag-startbereich","tag-startnummer","tag-startnummern","tag-startnummernausgabe","tag-startplatz","tag-startritual","tag-startschuss","tag-veranstalter"],"share_on_mastodon":{"url":"https:\/\/pubeurope.com\/@de\/116692318134548622","error":""},"_links":{"self":[{"href":"https:\/\/www.europesays.com\/de\/wp-json\/wp\/v2\/posts\/1069530","targetHints":{"allow":["GET"]}}],"collection":[{"href":"https:\/\/www.europesays.com\/de\/wp-json\/wp\/v2\/posts"}],"about":[{"href":"https:\/\/www.europesays.com\/de\/wp-json\/wp\/v2\/types\/post"}],"author":[{"embeddable":true,"href":"https:\/\/www.europesays.com\/de\/wp-json\/wp\/v2\/users\/2"}],"replies":[{"embeddable":true,"href":"https:\/\/www.europesays.com\/de\/wp-json\/wp\/v2\/comments?post=1069530"}],"version-history":[{"count":0,"href":"https:\/\/www.europesays.com\/de\/wp-json\/wp\/v2\/posts\/1069530\/revisions"}],"wp:featuredmedia":[{"embeddable":true,"href":"https:\/\/www.europesays.com\/de\/wp-json\/wp\/v2\/media\/1069531"}],"wp:attachment":[{"href":"https:\/\/www.europesays.com\/de\/wp-json\/wp\/v2\/media?parent=1069530"}],"wp:term":[{"taxonomy":"category","embeddable":true,"href":"https:\/\/www.europesays.com\/de\/wp-json\/wp\/v2\/categories?post=1069530"},{"taxonomy":"post_tag","embeddable":true,"href":"https:\/\/www.europesays.com\/de\/wp-json\/wp\/v2\/tags?post=1069530"}],"curies":[{"name":"wp","href":"https:\/\/api.w.org\/{rel}","templated":true}]}}