{"id":1069532,"date":"2026-06-04T14:30:21","date_gmt":"2026-06-04T14:30:21","guid":{"rendered":"https:\/\/www.europesays.com\/de\/1069532\/"},"modified":"2026-06-04T14:30:21","modified_gmt":"2026-06-04T14:30:21","slug":"unfall-in-esslingen-autofahrer-uebersieht-fussgaengerin-frau-schwer-verletzt","status":"publish","type":"post","link":"https:\/\/www.europesays.com\/de\/1069532\/","title":{"rendered":"Unfall in Esslingen: Autofahrer \u00fcbersieht Fu\u00dfg\u00e4ngerin &#8211; Frau schwer verletzt"},"content":{"rendered":"<p> Bei einem Verkehrsunfall in <a href=\"https:\/\/www.stuttgarter-zeitung.de\/thema\/Esslingen\" title=\"Esslingen\" class=\"art_thema\" rel=\"nofollow noopener\" target=\"_blank\">Esslingen<\/a> wurde am Mittwochnachmittag eine 54-j\u00e4hrige Fu\u00dfg\u00e4ngerin schwer verletzt. Das teilte die <a href=\"https:\/\/www.stuttgarter-zeitung.de\/thema\/Polizei\" title=\"Polizei\" class=\"art_thema\" rel=\"nofollow noopener\" target=\"_blank\">Polizei<\/a> mit. Der <a href=\"https:\/\/www.stuttgarter-zeitung.de\/thema\/Unfall\" title=\"Unfall\" class=\"art_thema\" rel=\"nofollow noopener\" target=\"_blank\">Unfall<\/a> ereignete sich gegen 16.30 Uhr auf der Hauptstra\u00dfe im Stadtteil Zell. Ein 51-J\u00e4hriger verlie\u00df demnach mit seinem Wagen das Gel\u00e4nde eines Automobilh\u00e4ndlers und wollte auf die Hauptstra\u00dfe einfahren. Zeitgleich passierten eine 54-J\u00e4hrige und eine 28-J\u00e4hrige die Einfahrt auf dem Gehweg.<\/p>\n<p>Polizei ermittelt Unfallhergang <\/p>\n<p>Der Autofahrer \u00fcbersah demnach die beiden Frauen und kollidierte mit der 54-J\u00e4hrigen. Die Frau st\u00fcrzte und zog sich schwere Verletzungen zu. Nach der Erstversorgung durch den Rettungsdienst wurde sie in eine nahe gelegene Klinik gebracht.<\/p>\n<p>Der Verkehrsdienst der Polizei Esslingen hat nun die Ermittlungen zum Unfallhergang aufgenommen.<\/p>\n","protected":false},"excerpt":{"rendered":"Bei einem Verkehrsunfall in Esslingen wurde am Mittwochnachmittag eine 54-j\u00e4hrige Fu\u00dfg\u00e4ngerin schwer verletzt. Das teilte die Polizei mit.&hellip;\n","protected":false},"author":2,"featured_media":1069533,"comment_status":"","ping_status":"","sticky":false,"template":"","format":"standard","meta":{"footnotes":"","_share_on_mastodon":"0"},"categories":[1830],"tags":[513,1634,3364,29,3439,30,227828,227829,121,3440,5321,1441,1284],"class_list":["post-1069532","post","type-post","status-publish","format-standard","has-post-thumbnail","category-stuttgart","tag-auto","tag-baden-wuerttemberg","tag-de","tag-deutschland","tag-esslingen","tag-germany","tag-hofeinfahrt","tag-petra-pauli","tag-polizei","tag-polizeibericht-region-stuttgart","tag-stadt-esslingen","tag-stuttgart","tag-unfall"],"share_on_mastodon":{"url":"https:\/\/pubeurope.com\/@de\/116692322091900539","error":""},"_links":{"self":[{"href":"https:\/\/www.europesays.com\/de\/wp-json\/wp\/v2\/posts\/1069532","targetHints":{"allow":["GET"]}}],"collection":[{"href":"https:\/\/www.europesays.com\/de\/wp-json\/wp\/v2\/posts"}],"about":[{"href":"https:\/\/www.europesays.com\/de\/wp-json\/wp\/v2\/types\/post"}],"author":[{"embeddable":true,"href":"https:\/\/www.europesays.com\/de\/wp-json\/wp\/v2\/users\/2"}],"replies":[{"embeddable":true,"href":"https:\/\/www.europesays.com\/de\/wp-json\/wp\/v2\/comments?post=1069532"}],"version-history":[{"count":0,"href":"https:\/\/www.europesays.com\/de\/wp-json\/wp\/v2\/posts\/1069532\/revisions"}],"wp:featuredmedia":[{"embeddable":true,"href":"https:\/\/www.europesays.com\/de\/wp-json\/wp\/v2\/media\/1069533"}],"wp:attachment":[{"href":"https:\/\/www.europesays.com\/de\/wp-json\/wp\/v2\/media?parent=1069532"}],"wp:term":[{"taxonomy":"category","embeddable":true,"href":"https:\/\/www.europesays.com\/de\/wp-json\/wp\/v2\/categories?post=1069532"},{"taxonomy":"post_tag","embeddable":true,"href":"https:\/\/www.europesays.com\/de\/wp-json\/wp\/v2\/tags?post=1069532"}],"curies":[{"name":"wp","href":"https:\/\/api.w.org\/{rel}","templated":true}]}}