{"id":1069544,"date":"2026-06-04T14:37:24","date_gmt":"2026-06-04T14:37:24","guid":{"rendered":"https:\/\/www.europesays.com\/de\/1069544\/"},"modified":"2026-06-04T14:37:24","modified_gmt":"2026-06-04T14:37:24","slug":"fronleichnamsprozession-in-muenchen-15-000-glaeubige-feiern-katholisches-hochfest-muenchen","status":"publish","type":"post","link":"https:\/\/www.europesays.com\/de\/1069544\/","title":{"rendered":"Fronleichnamsprozession in M\u00fcnchen: 15 000 Gl\u00e4ubige feiern katholisches Hochfest &#8211; M\u00fcnchen"},"content":{"rendered":"<p data-manual=\"paragraph\" data-schema-org-speakable=\"true\" class=\"css-1eosz7k\">An Fronleichnam zeigt die <a href=\"https:\/\/www.sueddeutsche.de\/thema\/Katholische_Kirche\" rel=\"nofollow noopener\" target=\"_blank\">katholische Kirche<\/a> jedes Jahr, dass ihr in Sachen barocker Selbstinszenierung keiner so schnell was vormacht: Als \u00f6ffentliche Demonstration des Glaubens und der Fr\u00f6mmigkeit ziehen an diesem zweiten Donnerstag nach Pfingsten kirchliche W\u00fcrdentr\u00e4ger im Prunk-Ornat durch die Stra\u00dfen, von alters her gefolgt von Prominenz aller Genres, vor allem aber von Kirchenvolk mit Feiertagsmiene und oft sch\u00f6nster Tracht. Das ist in urbaner Abwandlung, die sich nicht zuletzt in der fabenpr\u00e4chtigen Garderobe der muttersprachlichen und damit internationalen Gemeinden zeigt, in <a href=\"https:\/\/www.sueddeutsche.de\/thema\/M%C3%BCnchen\" rel=\"nofollow noopener\" target=\"_blank\">M\u00fcnchen<\/a> auch so. Die aktuelle Botschaft des Tages k\u00f6nnte auch lauten: Schaut her, uns gibt es noch in ziemlich stattlicher Zahl.<\/p>\n<p data-manual=\"paragraph\" data-schema-org-speakable=\"true\" class=\"css-1eosz7k\">Als der Erzbischof von M\u00fcnchen und Freising, <a href=\"https:\/\/www.sueddeutsche.de\/thema\/Kardinal_Reinhard_Marx\" rel=\"nofollow noopener\" target=\"_blank\">Kardinal Reinhard Marx<\/a>, Schlag 9 Uhr den Festgottesdienst er\u00f6ffnet, schweben \u00fcber dem <a href=\"https:\/\/www.sueddeutsche.de\/thema\/Marienplatz\" rel=\"nofollow noopener\" target=\"_blank\">Marienplatz<\/a> und unter wei\u00df-blauem Himmel Wolken von Weihrauch. Das Herz der Stadt ist vollbesetzt mit denen, die sich sp\u00e4ter in die Prozession einreihen und denen, die am Stra\u00dfenrand zuschauen. In der Spitze, sagt die Polizei sp\u00e4ter, laufen an dem Tag 11 000 Menschen von hier aus \u00fcber Diener- und Residenzstra\u00dfe zum Segensaltar an der Ludwigsstra\u00dfe und zur\u00fcck. Zus\u00e4tzlich stehen 3500 Menschen am Stra\u00dfenrand, singen die angestimmten Kirchenlieder mit oder staunen einfach \u00fcber diesen Brauch in seiner schier volksopernhaften Dimension.<\/p>\n<p><img decoding=\"async\" src=\"https:\/\/www.europesays.com\/de\/wp-content\/uploads\/2026\/06\/7f7cf0eb-48ea-4a4e-8c2e-056557665d8e.jpg\"   alt=\"Gesch\u00fctzt in der prunkvollen Monstranz wird das \u201eAllerheiligste\u201c, die geweihte Hostie, durch die Innenstadt getragen.\" loading=\"lazy\" class=\"css-8atqhb\"\/>Gesch\u00fctzt in der prunkvollen Monstranz wird das \u201eAllerheiligste\u201c, die geweihte Hostie, durch die Innenstadt getragen. Johannes Simon<img decoding=\"async\" src=\"https:\/\/www.europesays.com\/de\/wp-content\/uploads\/2026\/06\/aa645b70-71ef-4465-abd6-a7b1834a77d8.jpg\"   alt=\"Prominenz aus Politik und Gesellschaft, wie die neue Zweite B\u00fcrgermeisterin M\u00fcnchens Mona Fuchs (li.), haben auch an Gottesdienst und Fronleichnamsprozession teilgenommen.\" loading=\"lazy\" class=\"css-8atqhb\"\/>Prominenz aus Politik und Gesellschaft, wie die neue Zweite B\u00fcrgermeisterin M\u00fcnchens Mona Fuchs (li.), haben auch an Gottesdienst und Fronleichnamsprozession teilgenommen. Johannes Simon<\/p>\n<p data-manual=\"paragraph\" data-schema-org-speakable=\"true\" class=\"css-1eosz7k\">In M\u00fcnchen soll diese Tradition im Jahr 1343 ihren Anfang genommen haben und wird also seit Jahrhunderten gepflegt. Bereits vier Wochen nach Kriegsende f\u00fchrte im Juni 1945 wieder ein Zug durch \u201eSchutt und Tr\u00fcmmer\u201c, wie die Presse damals berichtete. 50 000 Prozessionsteilnehmer waren es zu Spitzenzeiten in den 1950er-Jahren bei 200 000 Zuschauern. Ein sagenhaft scheinendes Ausma\u00df in Zeiten, da sich die Kirchen in radikalem Schrumpfungsprozess befinden.<\/p>\n<p data-manual=\"paragraph\" data-schema-org-speakable=\"true\" class=\"css-1eosz7k\">Angef\u00fchrt wird die Prozession auch in diesem Jahr von der katholischen Jugend. Sie h\u00e4lt im Wechsel ein imposantes, mit Blumen geschm\u00fccktes Holz-Kruzifix hoch, es stammt aus der Giesinger Kirche St. Franziskus. Gl\u00e4ubige der Innenstadtgemeinden schlie\u00dfen sich als n\u00e4chste an, Repr\u00e4sentanten aus Politik\u00a0\u2013 vorneweg M\u00fcnchens neue Zweite B\u00fcrgermeisterin Mona Fuchs (Gr\u00fcne)\u00a0\u2013, Kirchen, Wissenschaft und Gesellschaft,\u00a0Mitarbeitende pflegender und pastoraler Berufe, auch Studierende, Ordensritter, Verb\u00e4nde und Trachtengruppen.<\/p>\n<p data-manual=\"paragraph\" data-schema-org-speakable=\"true\" class=\"css-1eosz7k\">Mittendrin unter dem tragbaren Baldachin h\u00e4lt ein Priester die goldschimmernde Monstranz in H\u00e4nden, ein liturgisches Schaugef\u00e4\u00df, das den Blick auf das \u201eAllerheiligste\u201c freigibt, die geweihte Hostie und damit Hauptdarstellerin des Tages. Sie steht f\u00fcr \u201eden Leib des Herrn\u201c, gefeiert wird heute schlie\u00dflich das \u201eHochfest des Leibes und Blutes Christi\u201c. Kardinal Reinhard Marx hatte zuvor im Festgottesdienst nochmals daran erinnert, \u201eChristus hat gesagt, ich bin Nahrung f\u00fcr euch; wir wollen dieses Brot zeigen\u201c. Und so erkl\u00e4rt sich auch der Name dieses Tages: Im Mittelhochdeutschen steht \u201eFron\u201c f\u00fcr \u201eHerr\u201c und \u201elichnam\u201c f\u00fcr den lebendigen Leib.<\/p>\n<p>\u201eWas feiern die?\u201c, fragt ein Junge seine Mutter vor der Oper. Die junge Frau zuckt mit den Schultern<\/p>\n<p data-manual=\"paragraph\" data-schema-org-speakable=\"true\" class=\"css-1eosz7k\">Gebete wie der Sang und Klang von Domchor, -kantorei und -bl\u00e4sern erschallen entlang der Theatinerstra\u00dfe genauso wie vor der Uni\u00a0\u2013 sie werden an der gesamten Strecke \u00fcber Lautsprecher \u00fcbertragen. \u201eWas feiern die?\u201c, fragt ein kleiner Junge seine Mutter vor der Oper. Die junge Frau zuckt mit den Schultern.<\/p>\n<p data-manual=\"paragraph\" data-schema-org-speakable=\"true\" class=\"css-1eosz7k\">Um was es ihm heute geht, in dieser krisenhaften Zeit, hat Kardinal Reinhard Marx zuvor in seiner Predigt skizziert. Er verwies auf die\u00a0erste Enzyklika von Papst Leo XIV. und die darin thematisierte Herausforderung durch die k\u00fcnstliche Intelligenz.\u00a0 \u201eDie Technik, die uns geschenkt wird, ist immer eine M\u00f6glichkeit.\u201c \u00dcber die Regeln dieses \u201egro\u00dfartigen Instruments\u201c m\u00fcssten aber die Menschen entscheiden, damit es ihnen dienen k\u00f6nne. Das ginge nur in einer offenen, freien und demokratischen Gesellschaft, in die alle ihre Meinung einbringen.<\/p>\n<p><img decoding=\"async\" src=\"https:\/\/www.europesays.com\/de\/wp-content\/uploads\/2026\/06\/b97026a3-888e-4a0e-bc7e-738288e9f9f5.jpg\"   alt=\"Kardinal Reinhard Marx warnt in seiner Predigt vor einem R\u00fcckfall in \u201ealte Schablonen und Vorurteile\u201c.\" loading=\"lazy\" class=\"css-8atqhb\"\/>Kardinal Reinhard Marx warnt in seiner Predigt vor einem R\u00fcckfall in \u201ealte Schablonen und Vorurteile\u201c. Johannes Simon<\/p>\n<p data-manual=\"paragraph\" data-schema-org-speakable=\"true\" class=\"css-1eosz7k\">Marx rief zum Dialog auf, zwischen allen Teilen der Gesellschaft und der Welt. Zugleich warnte er vor dem R\u00fcckfall in \u201ealte Schablonen und Vorurteile\u201c: \u201eEine offene Gesellschaft kann nicht nur eine Meinung haben, nicht nur eine Weltanschauung. Sonst fallen wir zur\u00fcck in die Diktatur und in eine Gesellschaft, in der einige wenige bestimmen, was wir tun sollen.\u201c<\/p>\n<p data-manual=\"paragraph\" data-schema-org-speakable=\"true\" class=\"css-1eosz7k\">An Fronleichnam zeigten die Christen ihren Glauben, so der Erzbischof. Sichtbar solle aber auch das Angebot werden, das die Kirche der Stadt und der Gesellschaft mache: \u201eWenn ihr uns braucht, sind wir da, in Pfarreien, sozialen Einrichtungen und Schulen.\u201c Applaus ist in der katholischen Kirche nach einer Predigt nicht vorgesehen. Es gibt eine Ausnahme am Tag der feierlichen Selbstinszenierung.<\/p>\n","protected":false},"excerpt":{"rendered":"An Fronleichnam zeigt die katholische Kirche jedes Jahr, dass ihr in Sachen barocker Selbstinszenierung keiner so schnell was&hellip;\n","protected":false},"author":2,"featured_media":1069545,"comment_status":"","ping_status":"","sticky":false,"template":"","format":"standard","meta":{"footnotes":"","_share_on_mastodon":"0"},"categories":[1827],"tags":[18601,2922,772,29,171976,30,3314,112853,6590,3311,5257,1268,105332,149],"class_list":["post-1069544","post","type-post","status-publish","format-standard","has-post-thumbnail","category-muenchen","tag-feiertage","tag-altstadt","tag-bayern","tag-deutschland","tag-erzdioezese-muenchen-und-freising","tag-germany","tag-glaube-und-religion","tag-kardinal-reinhard-marx","tag-katholische-kirche","tag-leben-und-gesellschaft-in-muenchen","tag-marienplatz","tag-muenchen","tag-reinhard-marx","tag-sueddeutsche-zeitung"],"share_on_mastodon":{"url":"https:\/\/pubeurope.com\/@de\/116692349648491861","error":""},"_links":{"self":[{"href":"https:\/\/www.europesays.com\/de\/wp-json\/wp\/v2\/posts\/1069544","targetHints":{"allow":["GET"]}}],"collection":[{"href":"https:\/\/www.europesays.com\/de\/wp-json\/wp\/v2\/posts"}],"about":[{"href":"https:\/\/www.europesays.com\/de\/wp-json\/wp\/v2\/types\/post"}],"author":[{"embeddable":true,"href":"https:\/\/www.europesays.com\/de\/wp-json\/wp\/v2\/users\/2"}],"replies":[{"embeddable":true,"href":"https:\/\/www.europesays.com\/de\/wp-json\/wp\/v2\/comments?post=1069544"}],"version-history":[{"count":0,"href":"https:\/\/www.europesays.com\/de\/wp-json\/wp\/v2\/posts\/1069544\/revisions"}],"wp:featuredmedia":[{"embeddable":true,"href":"https:\/\/www.europesays.com\/de\/wp-json\/wp\/v2\/media\/1069545"}],"wp:attachment":[{"href":"https:\/\/www.europesays.com\/de\/wp-json\/wp\/v2\/media?parent=1069544"}],"wp:term":[{"taxonomy":"category","embeddable":true,"href":"https:\/\/www.europesays.com\/de\/wp-json\/wp\/v2\/categories?post=1069544"},{"taxonomy":"post_tag","embeddable":true,"href":"https:\/\/www.europesays.com\/de\/wp-json\/wp\/v2\/tags?post=1069544"}],"curies":[{"name":"wp","href":"https:\/\/api.w.org\/{rel}","templated":true}]}}