{"id":1069625,"date":"2026-06-04T15:25:19","date_gmt":"2026-06-04T15:25:19","guid":{"rendered":"https:\/\/www.europesays.com\/de\/1069625\/"},"modified":"2026-06-04T15:25:19","modified_gmt":"2026-06-04T15:25:19","slug":"langsam-oeffnet-sich-das-fenster-bundesregierung-sieht-perspektive-fuer-verhandlungen-mit-russland","status":"publish","type":"post","link":"https:\/\/www.europesays.com\/de\/1069625\/","title":{"rendered":"\u00abLangsam \u00f6ffnet sich das Fenster\u00bb: Bundesregierung sieht Perspektive f\u00fcr Verhandlungen mit Russland"},"content":{"rendered":"<p>Die Bundesregierung h\u00e4lt mittelfristig Gespr\u00e4che zwischen europ\u00e4ischen Staaten, der Ukraine und Russland f\u00fcr m\u00f6glich. Dies hiess es am Mittwoch aus Regierungskreisen in Berlin. Demnach \u00f6ffnet sich \u00ablangsam ein Fenster f\u00fcr Gespr\u00e4che der europ\u00e4ischen Seite mit Russland\u00bb. Zugleich wurde betont, dass ein m\u00f6glicher Beginn solcher Verhandlungen voraussichtlich nicht in den kommenden Wochen, sondern erst in einigen Monaten realistisch sei.<\/p>\n<p>                <img src=\"https:\/\/www.europesays.com\/de\/wp-content\/uploads\/2026\/06\/707609847_highres-1024x683.jpg\" alt=\"KAY NIETFELD \/ KEYSTONE\" itemprop=\"contentUrl\" class=\"story-img story-img--landscape\" loading=\"lazy\" decoding=\"async\"\/><\/p>\n<p>                                                    Bundeskanzler Friedrich Merz und Aussenminister Johann Wadephul im Bundestag<br \/>\n                                                                            <\/p>\n<p>                                        KAY NIETFELD \/ KEYSTONE<\/p>\n<p>Als Hintergrund werden die j\u00fcngsten milit\u00e4rischen Erfolge der Ukraine trotz der anhaltenden russischen Angriffe auf ukrainische St\u00e4dte genannt. Nach Angaben aus Regierungskreisen gibt es zurzeit jedoch noch keine Klarheit dar\u00fcber, wer m\u00f6gliche Gespr\u00e4che f\u00fchren k\u00f6nnte. Vorrangig sei zun\u00e4chst die Festlegung gemeinsamer Ziele und eines politischen Rahmens.<\/p>\n<p>Die Bundesregierung betont, dass Verhandlungen nur im Einvernehmen mit der Ukraine sowie in enger Abstimmung mit den europ\u00e4ischen Partnern und m\u00f6glichst koordiniert mit den USA stattfinden sollen. \u00abNichts ohne die Ukraine, keine deutschen Sonderwege\u00bb, lautet nach Angaben aus Berlin die Leitlinie von Bundeskanzler Friedrich Merz. Die Vereinigten Staaten sollen dabei weiterhin eingebunden bleiben.<\/p>\n<p>Eine wichtige Rolle k\u00f6nnte nach Einsch\u00e4tzung der Bundesregierung das sogenannte E3-Format spielen, in dem Deutschland, Frankreich und Grossbritannien ihre aussenpolitische Zusammenarbeit in den vergangenen Monaten intensiviert haben. Die US-Regierung hatte ihre eigenen Vermittlungsbem\u00fchungen zwischen Russland und der Ukraine zuvor mangels Fortschritten vorl\u00e4ufig eingestellt.<\/p>\n","protected":false},"excerpt":{"rendered":"Die Bundesregierung h\u00e4lt mittelfristig Gespr\u00e4che zwischen europ\u00e4ischen Staaten, der Ukraine und Russland f\u00fcr m\u00f6glich. Dies hiess es am&hellip;\n","protected":false},"author":2,"featured_media":1069626,"comment_status":"","ping_status":"","sticky":false,"template":"","format":"standard","meta":{"footnotes":"","_share_on_mastodon":"0"},"categories":[4013],"tags":[331,332,1173,29,508,663,11173,13,14,15,16,4043,4044,850,307,12,317,6168],"class_list":["post-1069625","post","type-post","status-publish","format-standard","has-post-thumbnail","category-russland","tag-aktuelle-nachrichten","tag-aktuelle-news","tag-bundesregierung","tag-deutschland","tag-diplomatie","tag-europa","tag-gespraeche","tag-headlines","tag-nachrichten","tag-news","tag-politik","tag-russia","tag-russian-federation","tag-russische-foederation","tag-russland","tag-schlagzeilen","tag-ukraine","tag-verhandlungen"],"share_on_mastodon":{"url":"https:\/\/pubeurope.com\/@de\/116692539623149600","error":""},"_links":{"self":[{"href":"https:\/\/www.europesays.com\/de\/wp-json\/wp\/v2\/posts\/1069625","targetHints":{"allow":["GET"]}}],"collection":[{"href":"https:\/\/www.europesays.com\/de\/wp-json\/wp\/v2\/posts"}],"about":[{"href":"https:\/\/www.europesays.com\/de\/wp-json\/wp\/v2\/types\/post"}],"author":[{"embeddable":true,"href":"https:\/\/www.europesays.com\/de\/wp-json\/wp\/v2\/users\/2"}],"replies":[{"embeddable":true,"href":"https:\/\/www.europesays.com\/de\/wp-json\/wp\/v2\/comments?post=1069625"}],"version-history":[{"count":0,"href":"https:\/\/www.europesays.com\/de\/wp-json\/wp\/v2\/posts\/1069625\/revisions"}],"wp:featuredmedia":[{"embeddable":true,"href":"https:\/\/www.europesays.com\/de\/wp-json\/wp\/v2\/media\/1069626"}],"wp:attachment":[{"href":"https:\/\/www.europesays.com\/de\/wp-json\/wp\/v2\/media?parent=1069625"}],"wp:term":[{"taxonomy":"category","embeddable":true,"href":"https:\/\/www.europesays.com\/de\/wp-json\/wp\/v2\/categories?post=1069625"},{"taxonomy":"post_tag","embeddable":true,"href":"https:\/\/www.europesays.com\/de\/wp-json\/wp\/v2\/tags?post=1069625"}],"curies":[{"name":"wp","href":"https:\/\/api.w.org\/{rel}","templated":true}]}}