{"id":1069732,"date":"2026-06-04T16:30:22","date_gmt":"2026-06-04T16:30:22","guid":{"rendered":"https:\/\/www.europesays.com\/de\/1069732\/"},"modified":"2026-06-04T16:30:22","modified_gmt":"2026-06-04T16:30:22","slug":"flamingo-proteste-erreichen-deutschland-trump-clan-will-traum-insel-in-albanien-kaufen-news","status":"publish","type":"post","link":"https:\/\/www.europesays.com\/de\/1069732\/","title":{"rendered":"Flamingo-Proteste erreichen Deutschland: Trump-Clan will Traum-Insel in Albanien kaufen | News"},"content":{"rendered":"<p><a class=\"skip-content skip-content--link\" href=\"#in-content-skip-link-target-v-0-0\">TTS-Player \u00fcberspringen\u21b5<\/a><a id=\"in-content-skip-link-target-v-0-0\" class=\"skip-content--target-link-hidden skip-content skip-content--target-link\" href=\"#in-content-skip-link-target-v-0-0\">Artikel weiterlesen<\/a><\/p>\n<p data-bbd632a7=\"0-1165\">M\u00fcnchen\/Tirana (Albanien) \u2013\u00a0<b>Der Protest gegen ein umstrittenes Milliarden-Projekt von Jared Kushner erreicht Deutschland: Nach Demonstrationen in Albanien haben Aktivisten f\u00fcr Freitagabend Kundgebungen in Berlin und M\u00fcnchen angek\u00fcndigt. Sie wollen gegen das geplante Luxusresort an der albanischen K\u00fcste und m\u00f6gliche Eingriffe in gesch\u00fctzte Naturgebiete protestieren. Mittlerweile ermittelt die Anti-Korruptions-Staatsanwaltschaft.<\/b><\/p>\n<p data-bbd632a7=\"0-1165\">Im Zentrum steht Jared Kushner (45), Ehemann von Ivanka Trump (44) und Schwiegersohn von US-Pr\u00e4sident Donald Trump. \u00dcber seine Investmentfirma Affinity Partners will er ein Luxusresort an der Adriak\u00fcste entwickeln. Auf der Insel Sazan vor der Hafenstadt Vlora soll ein Projekt im Wert von rund 1,4 Milliarden Euro entstehen.<\/p>\n<p><img decoding=\"async\" width=\"992\" height=\"558\" alt=\"Jared Kushner (45) und Ehefrau Ivanka Trump (44) wollen eine Insel in Albanien kaufen\" src=\"https:\/\/www.europesays.com\/de\/wp-content\/uploads\/2026\/06\/ed0930aa5036b9b95f44dbcd7dda13f7,a2693e0f.jpeg\"   class=\"landscape\" loading=\"lazy\"\/><\/p>\n<p class=\"fig__caption__text\">Jared Kushner (45) und Ehefrau Ivanka Trump (44) wollen eine Insel in Albanien kaufen<\/p>\n<p>Foto: Getty Images for Amex x Carbone Beach<\/p>\n<p>Ivanka Trump kam die Kauf-Idee beim Schwimmen<\/p>\n<p data-bbd632a7=\"0-1165\">Die Idee kam Ivanka Trump beim Schwimmen, als sie mit Kushner auf dem Boot eines Freundes vor der Insel unterwegs war, sagte sie in einem Podcast. Sazan ist 5,7 Quadratkilometer gro\u00df, so gro\u00df wie fast 800 Fu\u00dfballfelder.<\/p>\n<p>Foto: Yuriy Brykaylo\/Shutterstock<\/p>\n<p data-bbd632a7=\"0-1165\">Bemerkenswert: Die albanische Regierung hat Kushner Ende 2024 den Status eines \u201estrategischen Investors\u201c verliehen. Dieser Sonderstatus ist Projekten vorbehalten, die als besonders wichtig f\u00fcr die wirtschaftliche Entwicklung des Landes gelten. Er erm\u00f6glicht beschleunigte Genehmigungs- und Verwaltungsverfahren sowie eine enge Unterst\u00fctzung durch staatliche Stellen.<\/p>\n<p data-bbd632a7=\"1166-2330\">Der umstrittene Ministerpr\u00e4sident Edi Rama (61) feiert die Pl\u00e4ne als historische Chance f\u00fcr Wirtschaft und Tourismus. Zydjon Vorpsi von der Umweltorganisation PPNEA zu BILD: \u201eAlbanien ist vor allem f\u00fcr seine wilden Lebensr\u00e4ume und seine Natur bekannt. Die nun vorgestellte Vision ist jedoch genau der Weg, das eigene touristische Potenzial zu zerst\u00f6ren.\u201c<\/p>\n<p><img decoding=\"async\" width=\"992\" height=\"558\" alt=\"Die Insel Sazan wurde jahrzehntelang als Milit\u00e4rbasis genutzt\" src=\"https:\/\/www.europesays.com\/de\/wp-content\/uploads\/2026\/06\/168d30ea822f070b131583a50172dbd6,82148d74.jpeg\"   class=\"landscape\" loading=\"lazy\"\/><\/p>\n<p class=\"fig__caption__text\">Die Insel Sazan wurde jahrzehntelang als Milit\u00e4rbasis genutzt<\/p>\n<p>Foto: IMAGO\/ZUMA Press Wire<\/p>\n<p>Naturschutzgesetze f\u00fcr Projekt ge\u00e4ndert?<\/p>\n<p data-bbd632a7=\"1166-2330\">Brisant: In unmittelbarer N\u00e4he liegt das gesch\u00fctzte K\u00fcstengebiet Vjosa-Narta bei Zvernec \u2013 eines der wichtigsten Feuchtgebiete Europas. Dort leben Flamingos, Pelikane und zahlreiche gesch\u00fctzte Vogelarten. Vorpsi: \u201eDie Heimat Tausender Brut- und Zugv\u00f6gel und Schauplatz einzigartiger Landschaften wird vernichtet. Trump wird Wohnh\u00e4user an einem wundersch\u00f6nen Strand errichten \u2013 und diese dann zu sehr hohen Preisen verkaufen k\u00f6nnen.\u201c<\/p>\n<p><img decoding=\"async\" width=\"992\" height=\"558\" alt=\"Die Polizei setzt in der albanischen Hauptstadt Tirana Wasserwerfer gegen Demonstranten ein\" src=\"https:\/\/www.europesays.com\/de\/wp-content\/uploads\/2026\/06\/f3c68c7bb607aa1a80313d5d1bdaa2f7,ba30ede7.jpeg\"   class=\"landscape\" loading=\"lazy\"\/><\/p>\n<p class=\"fig__caption__text\">Die Polizei setzt in der albanischen Hauptstadt Tirana Wasserwerfer gegen Demonstranten ein<\/p>\n<p>Foto: Getty Images<\/p>\n<p data-bbd632a7=\"1166-2330\">F\u00fcr zus\u00e4tzlichen Z\u00fcndstoff sorgte eine Gesetzes\u00e4nderung f\u00fcr Schutzgebiete. Die Region Vjosa-Narta steht seit 2004 unter Schutz, der durch ein weiteres Gesetz im Jahr 2017 noch gest\u00e4rkt wurde. Im Fr\u00fchjahr 2024 wurde das Gesetz ge\u00e4ndert, damit Hotels in Naturschutzgebieten errichtet werden k\u00f6nnen.<\/p>\n<p data-bbd632a7=\"2331-3495\">F\u00fcr den EU\u2011Beitrittskandidaten Albanien nicht unproblematisch: Die EU kritisierte das Vorgehen und sprach davon, dass die Gesetzes\u00e4nderung im \u201eWiderspruch zu den EU-Standards\u201c stehe. Vorpsi: \u201eNun wird das Trump-Projekt vorangetrieben, ohne die erforderlichen Verfahren einzuhalten. Offenbar um Fakten zu schaffen, bevor die von der EU geforderten Auflagen erf\u00fcllt werden.\u201c<\/p>\n<p><img decoding=\"async\" width=\"992\" height=\"558\" alt=\"Der Flamingo ist zum Symbol des Protests geworden\" src=\"https:\/\/www.europesays.com\/de\/wp-content\/uploads\/2026\/06\/5705848a03f4c316ecef90c8bb6acc76,7d8a6569.jpeg\"   class=\"landscape\" loading=\"lazy\"\/><\/p>\n<p class=\"fig__caption__text\">Der Flamingo ist zum Symbol des Protests geworden<\/p>\n<p>Foto: AP Photo\/Hameraldi Agolli<\/p>\n<p>Wasserwerfer gegen Demonstranten<\/p>\n<p data-bbd632a7=\"2331-3495\">Ende Mai r\u00fcckten Bagger an der K\u00fcste an. Vorpsi: \u201eOhne \u00f6ffentliche Anh\u00f6rung, ohne Konsultation und ohne auch nur den Hauch einer Baugenehmigung sind schwere Baumaschinen in das Schutzgebiet Pish\u00eb Poro\u2013Nart\u00eb eingedrungen, haben den Wald gerodet und die Sandd\u00fcnen jenes Gebiets zerst\u00f6rt, das eigentlich eine streng gesch\u00fctzte Zone sein sollte!\u201c<\/p>\n<p data-bbd632a7=\"2331-3495\">Rama will das Projekt auf jeden Fall realisieren: \u201eEs gibt absolut keine Chance, dass die Investition gestoppt wird, solange ich hier bin.\u201c Um das Bauvorhaben durchzusetzen, lie\u00df die Regierung Z\u00e4une und Stacheldraht errichten. Videos von Journalisten zeigen, wie private Sicherheitsdienste gegen Demonstranten vorgehen.<\/p>\n<p data-bbd632a7=\"3496-4660\">In der Hauptstadt Tirana geht die Regierung hart gegen die eigene Bev\u00f6lkerung vor. Am Mittwoch hat die Polizei Wasserwerfer eingesetzt. Dabei wurden auch mehrere Menschen verletzt. Albaniens Anti-Korruptions-Staatsanwaltschaft SPAK ermittelt mittlerweile wegen des Deals.<\/p>\n<p>Regierung wehrt sich gegen Kritik<\/p>\n<p data-bbd632a7=\"3496-4660\">Eine Regierungssprecherin teilte auf BILD-Anfrage mit: \u201eDerzeit gibt es weder ein endg\u00fcltig genehmigtes Projekt noch befindet sich ein solches in der Bauphase. Was heute existiert, ist ein laufender Planungs- und Entwurfsprozess, der bereits seit mehr als zwei Jahren andauert.\u201c<\/p>\n<p data-bbd632a7=\"3496-4660\">Ebenso wichtig sei die Klarstellung, dass die im Jahr 2024 verabschiedeten Gesetzes\u00e4nderungen den Schutzstatus des Gebiets Vjosa\u2013Narta nicht aufgehoben h\u00e4tten, so die Sprecherin. \u201eDas Schutzgebiet bleibt gesch\u00fctzt. Die umweltrechtlichen Verpflichtungen bleiben in Kraft und werden weiterhin jede Phase des Prozesses leiten. J\u00fcngste Vorf\u00e4lle in dem Gebiet haben verst\u00e4ndlicherweise \u00f6ffentliche Besorgnis ausgel\u00f6st und betr\u00e4chtliche Aufmerksamkeit erregt.\u201c<\/p>\n","protected":false},"excerpt":{"rendered":"TTS-Player \u00fcberspringen\u21b5Artikel weiterlesen M\u00fcnchen\/Tirana (Albanien) \u2013\u00a0Der Protest gegen ein umstrittenes Milliarden-Projekt von Jared Kushner erreicht Deutschland: Nach Demonstrationen&hellip;\n","protected":false},"author":2,"featured_media":1069733,"comment_status":"","ping_status":"","sticky":false,"template":"","format":"standard","meta":{"footnotes":"","_share_on_mastodon":"0"},"categories":[3],"tags":[9237,296,13,12301,118032,700,1268,14,953,7295,15,12,227858,24911,10,8,9,11,1017,157196,64,103,104],"class_list":["post-1069732","post","type-post","status-publish","format-standard","has-post-thumbnail","category-welt","tag-albanien","tag-berlin","tag-headlines","tag-keim-karl","tag-kushner-jared","tag-mittelmeer","tag-muenchen","tag-nachrichten","tag-naturschutz","tag-naturschutzgebiet","tag-news","tag-schlagzeilen","tag-team-deep","tag-tirana","tag-top-news","tag-top-meldungen","tag-topmeldungen","tag-topnews","tag-trump-donald","tag-trump-ivanka","tag-usa","tag-welt","tag-world"],"share_on_mastodon":{"url":"https:\/\/pubeurope.com\/@de\/116692795012315004","error":""},"_links":{"self":[{"href":"https:\/\/www.europesays.com\/de\/wp-json\/wp\/v2\/posts\/1069732","targetHints":{"allow":["GET"]}}],"collection":[{"href":"https:\/\/www.europesays.com\/de\/wp-json\/wp\/v2\/posts"}],"about":[{"href":"https:\/\/www.europesays.com\/de\/wp-json\/wp\/v2\/types\/post"}],"author":[{"embeddable":true,"href":"https:\/\/www.europesays.com\/de\/wp-json\/wp\/v2\/users\/2"}],"replies":[{"embeddable":true,"href":"https:\/\/www.europesays.com\/de\/wp-json\/wp\/v2\/comments?post=1069732"}],"version-history":[{"count":0,"href":"https:\/\/www.europesays.com\/de\/wp-json\/wp\/v2\/posts\/1069732\/revisions"}],"wp:featuredmedia":[{"embeddable":true,"href":"https:\/\/www.europesays.com\/de\/wp-json\/wp\/v2\/media\/1069733"}],"wp:attachment":[{"href":"https:\/\/www.europesays.com\/de\/wp-json\/wp\/v2\/media?parent=1069732"}],"wp:term":[{"taxonomy":"category","embeddable":true,"href":"https:\/\/www.europesays.com\/de\/wp-json\/wp\/v2\/categories?post=1069732"},{"taxonomy":"post_tag","embeddable":true,"href":"https:\/\/www.europesays.com\/de\/wp-json\/wp\/v2\/tags?post=1069732"}],"curies":[{"name":"wp","href":"https:\/\/api.w.org\/{rel}","templated":true}]}}