{"id":1069894,"date":"2026-06-04T18:07:19","date_gmt":"2026-06-04T18:07:19","guid":{"rendered":"https:\/\/www.europesays.com\/de\/1069894\/"},"modified":"2026-06-04T18:07:19","modified_gmt":"2026-06-04T18:07:19","slug":"eine-neue-freilichtbuehne-fuer-augsburg-so-laeuft-es-mit-dem-musical-in-diesem-jahr","status":"publish","type":"post","link":"https:\/\/www.europesays.com\/de\/1069894\/","title":{"rendered":"Eine neue Freilichtb\u00fchne f\u00fcr Augsburg: So l\u00e4uft es mit dem Musical in diesem Jahr"},"content":{"rendered":"<p class=\"mb-6 text-xs md:text-m lg:text-l font-serif group-[.font-sans]:font-sans \">\n    Und wieder steht das <a href=\"https:\/\/www.augsburger-allgemeine.de\/organisationen\/aa-theater-augsburg\" target=\"_self\" class=\"underline \" rel=\"nofollow noopener\">Staatstheater<\/a> <a href=\"https:\/\/www.augsburger-allgemeine.de\/augsburg\/\" target=\"_self\" class=\"underline \" rel=\"nofollow noopener\">Augsburg<\/a> vor einer Baustelle. Die <a href=\"https:\/\/www.augsburger-allgemeine.de\/aa-baustelle-augsburg\" target=\"_self\" class=\"underline \" rel=\"nofollow noopener\">Bauarbeiten<\/a> am alten Haupthaus dauern an, hier wird schon seit 2016 saniert. Dann der Schock im Januar 2026: Die Stadt Augsburg erkl\u00e4rt, <a href=\"https:\/\/www.augsburger-allgemeine.de\/augsburg\/kultur\/augsburgs-intendant-zur-freilichtbuehnen-schliessung-ich-war-fassungslos-113311707\" target=\"_self\" class=\"underline \" rel=\"nofollow noopener\">dass sie auch die alte Freilichtb\u00fchne am Roten Tor schlie\u00dfen muss<\/a>. Diagnose: marode und bauf\u00e4llig. Das traf das Theater hart und \u00fcberraschend, eine Spielzeit fr\u00fcher als geplant. Es war die gro\u00dfe B\u00fchne des Staatstheaters in jedem Sommer, <a href=\"https:\/\/www.augsburger-allgemeine.de\/augsburg\/kultur\/augsburgs-freilichtbuehne-wird-kurzfristig-geschlossen-was-denkt-das-publikum-113344122\" target=\"_self\" class=\"underline \" rel=\"nofollow noopener\">f\u00fcr Oper und Musical unter freiem Himmel<\/a>. Daf\u00fcr entsteht jetzt aber etwas Neues.\n  <\/p>\n<ul data-module-id=\"DragDropModule\" class=\"hide-scrollbars group-[.bg-dawn]:after:from-dawn group-[.bg-brand]:after:from-brand flex overflow-x-scroll after:absolute after:bottom-0 after:right-0 after:top-0 after:block after:w-15 after:bg-gradient-to-l after:from-white after:to-transparent group-[.no-bookmarks]:hidden\">\n<li class=\"mb-3 mr-3\">\n    Veronika Lintner<\/p>\n<p>      Icon Haken im Kreis gesetzt<\/p>\n<p>      Icon Plus im Kreis<\/p>\n<\/li>\n<li class=\"mb-3 mr-3\">\n    Augsburg<\/p>\n<p>      Icon Haken im Kreis gesetzt<\/p>\n<p>      Icon Plus im Kreis<\/p>\n<\/li>\n<li class=\"mb-3 mr-3\">\n    Freilichtb\u00fchne<\/p>\n<p>      Icon Haken im Kreis gesetzt<\/p>\n<p>      Icon Plus im Kreis<\/p>\n<\/li>\n<\/ul>\n","protected":false},"excerpt":{"rendered":"Und wieder steht das Staatstheater Augsburg vor einer Baustelle. Die Bauarbeiten am alten Haupthaus dauern an, hier wird&hellip;\n","protected":false},"author":2,"featured_media":1069895,"comment_status":"","ping_status":"","sticky":false,"template":"","format":"standard","meta":{"footnotes":"","_share_on_mastodon":"0"},"categories":[1846],"tags":[83403,680,2461,772,3364,29,548,663,3934,66046,115761,30,13,227873,14,15,1598,12,227872,12130,4028],"class_list":["post-1069894","post","type-post","status-publish","format-standard","has-post-thumbnail","category-augsburg","tag-andre-buecker","tag-augsburg","tag-baustelle","tag-bayern","tag-de","tag-deutschland","tag-eu","tag-europa","tag-europe","tag-freilichtbuehne","tag-gaswerk","tag-germany","tag-headlines","tag-luba-ignatieva","tag-nachrichten","tag-news","tag-restaurant","tag-schlagzeilen","tag-spamalot","tag-staatstheater","tag-unwetter"],"share_on_mastodon":{"url":"https:\/\/pubeurope.com\/@de\/116693175242312689","error":""},"_links":{"self":[{"href":"https:\/\/www.europesays.com\/de\/wp-json\/wp\/v2\/posts\/1069894","targetHints":{"allow":["GET"]}}],"collection":[{"href":"https:\/\/www.europesays.com\/de\/wp-json\/wp\/v2\/posts"}],"about":[{"href":"https:\/\/www.europesays.com\/de\/wp-json\/wp\/v2\/types\/post"}],"author":[{"embeddable":true,"href":"https:\/\/www.europesays.com\/de\/wp-json\/wp\/v2\/users\/2"}],"replies":[{"embeddable":true,"href":"https:\/\/www.europesays.com\/de\/wp-json\/wp\/v2\/comments?post=1069894"}],"version-history":[{"count":0,"href":"https:\/\/www.europesays.com\/de\/wp-json\/wp\/v2\/posts\/1069894\/revisions"}],"wp:featuredmedia":[{"embeddable":true,"href":"https:\/\/www.europesays.com\/de\/wp-json\/wp\/v2\/media\/1069895"}],"wp:attachment":[{"href":"https:\/\/www.europesays.com\/de\/wp-json\/wp\/v2\/media?parent=1069894"}],"wp:term":[{"taxonomy":"category","embeddable":true,"href":"https:\/\/www.europesays.com\/de\/wp-json\/wp\/v2\/categories?post=1069894"},{"taxonomy":"post_tag","embeddable":true,"href":"https:\/\/www.europesays.com\/de\/wp-json\/wp\/v2\/tags?post=1069894"}],"curies":[{"name":"wp","href":"https:\/\/api.w.org\/{rel}","templated":true}]}}