{"id":106990,"date":"2025-05-13T09:36:12","date_gmt":"2025-05-13T09:36:12","guid":{"rendered":"https:\/\/www.europesays.com\/de\/106990\/"},"modified":"2025-05-13T09:36:12","modified_gmt":"2025-05-13T09:36:12","slug":"btsv-aufstiegsheld-beendet-karriere-neuer-job","status":"publish","type":"post","link":"https:\/\/www.europesays.com\/de\/106990\/","title":{"rendered":"BTSV-Aufstiegsheld beendet Karriere \u2013 neuer Job"},"content":{"rendered":"<p>Neuer Job <\/p>\n<p>Braunschweiger Aufstiegsheld beendet Profikarriere<\/p>\n<p>13.05.2025 &#8211; 11:09 UhrLesedauer: 1 Min.<\/p>\n<p><a href=\"#focus-0\" class=\"transition-colors duration-200 focus-within:text-magenta block text-current relative\" data-sctrack=\"FocusGalleryImage.Reference\"><img fetchpriority=\"high\" data-testid=\"Opener.Image\" style=\"--lqipURL:url('https:\/\/images.t-online.de\/2025\/05\/HJ1oehjWBfaz\/0x70:2126x1196\/fit-in\/150x0\/filters:blur(25)\/norman-theuerkauf-eintracht-braunschweig-1-fc-union-berlin-vs-eintracht-braunschweig.jpg')\"   loading=\"eager\" src=\"https:\/\/www.europesays.com\/de\/wp-content\/uploads\/2025\/05\/norman-theuerkauf-eintracht-braunschweig-1-fc-union-berlin-vs-eintracht-braunschweig.jpg\" alt=\"imago 19961399\" title=\"imago 19961399\" width=\"2126\" height=\"1196\" class=\"bg-[url:var(--lqipURL)] bg-cover bg-center flex w-full max-w-full h-full\" decoding=\"async\"\/><img style=\"--width:32;--height:32\" loading=\"lazy\" src=\"https:\/\/www.europesays.com\/de\/wp-content\/uploads\/2025\/03\/zoom-in.f7dae02f.svg.svg+xml\" alt=\"Vergr\u00f6\u00dfern des Bildes\" title=\"Vergr\u00f6\u00dfern des Bildes\" class=\"&#10;        block&#10;        h-[calc(var(--height)_\/_16_*_1rem)]&#10;        w-[calc(var(--width)_\/_16_*_1rem)]&#10;        max-w-none&#10;        absolute bottom-8 right-8 rounded-4 bg-snow p-8\" decoding=\"async\"\/><\/a><\/p>\n<p>Norman Theuerkauf im Trikot von Eintracht Braunschweig (Archivbild): Der Mittelfeldspieler beendet seine Karriere im Alter von 38 Jahren. (Quelle: imago sportfotodienst\/imago)<\/p>\n<p class=\"font-bold text-18 leading-17\">Schluss, aus, vorbei: Norman Theuerkauf beendet seine aktive Profikarriere. Einst geh\u00f6rte er zu den Bundesliga-Aufstiegshelden von Eintracht Braunschweig.<\/p>\n<p class=\"text-18 leading-17\">Er war ein wesentlicher Bestandteil der Bundesliga-Aufstiegsmannschaft von <a class=\"transition-colors duration-200 cursor-pointer text-inherit no-underline text-salemsfur md:hover:text-magenta md:hover:border-magenta md:focus:text-magenta border-current border-b border-solid break-words\" href=\"https:\/\/www.t-online.de\/themen\/eintracht-braunschweig\/\" data-sctrack=\"BodyAnchor\" target=\"_blank\" rel=\"noopener\">Eintracht Braunschweig<\/a> im Jahr 2013: Norman Theuerkauf zieht einen Schlussstrich unter seine aktive Spielerkarriere. Das teilte sein aktueller Verein <a class=\"transition-colors duration-200 cursor-pointer text-inherit no-underline text-salemsfur md:hover:text-magenta md:hover:border-magenta md:focus:text-magenta border-current border-b border-solid break-words\" href=\"https:\/\/www.t-online.de\/themen\/1-fc-heidenheim\/\" data-sctrack=\"BodyAnchor\" target=\"_blank\" rel=\"noopener\">1. FC Heidenheim<\/a> zu Wochenbeginn mit.<\/p>\n<p class=\"text-18 leading-17\">Das Trikot des FCH hatte der 38-J\u00e4hrige seit seinem Wechsel von der Eintracht nach Heidenheim im Jahr 2015 getragen. &#8222;Norman Theuerkauf hat als FCH-Profi zehn Jahre lang unsere erfolgreiche sportliche Entwicklung wesentlich mitgepr\u00e4gt. Dar\u00fcber hinaus waren sein Einsatz sowie seine Loyalit\u00e4t herausragend und vorbildhaft&#8220;, erkl\u00e4rt FCH-Vorstandsvorsitzender Holger Sanwald in der entsprechenden Pressemitteilung.<\/p>\n<p class=\"text-18 leading-17\">Zum Abschluss seiner zehn Jahre in Heidenheim stehen nun noch maximal drei Pflichtspiele an. Am 34. und letzten Spieltag der Bundesliga-Saison trifft er am Samstag (15.30 Uhr) mit seinem Klub auf <a class=\"transition-colors duration-200 cursor-pointer text-inherit no-underline text-salemsfur md:hover:text-magenta md:hover:border-magenta md:focus:text-magenta border-current border-b border-solid break-words\" href=\"https:\/\/www.t-online.de\/themen\/sv-werder-bremen\/\" data-sctrack=\"BodyAnchor\" target=\"_blank\" rel=\"noopener\">Werder Bremen<\/a>. Anschlie\u00dfend k\u00f6nnten die beiden Abstiegsrelegationsspiele anstehen, sollte die Mannschaft von Trainer Frank Schmidt nicht noch auf einen Nicht-Abstiegsplatz klettern.<\/p>\n<p class=\"text-18 leading-17\">F\u00fcr Heidenheim bestritt Theuerkauf 274 Pflichtspiele. Sein Vertrag l\u00e4uft nach dieser Saison aus. K\u00fcnftig soll der Defensivspieler als Trainer der U15 in Heidenheim arbeiten.<\/p>\n<p class=\"text-18 leading-17\">In seiner Profilaufbahn hatte er im Nachwuchs f\u00fcr den FC Carl Zeiss Jena und den <a class=\"transition-colors duration-200 cursor-pointer text-inherit no-underline text-salemsfur md:hover:text-magenta md:hover:border-magenta md:focus:text-magenta border-current border-b border-solid break-words\" href=\"https:\/\/www.t-online.de\/themen\/sv-werder-bremen\/\" data-sctrack=\"BodyAnchor\" target=\"_blank\" rel=\"noopener\">SV Werder Bremen<\/a>, bei dem er auch f\u00fcr die zweite Mannschaft auflief, sowie f\u00fcr <a class=\"transition-colors duration-200 cursor-pointer text-inherit no-underline text-salemsfur md:hover:text-magenta md:hover:border-magenta md:focus:text-magenta border-current border-b border-solid break-words\" href=\"https:\/\/www.t-online.de\/themen\/eintracht-frankfurt\/\" data-sctrack=\"BodyAnchor\" target=\"_blank\" rel=\"noopener\">Eintracht Frankfurt<\/a> II gespielt. Seit 2009 hatte er dann f\u00fcr den BTSV 176 Profipartien absolviert. Darunter auch 29 Spiele in der Bundesliga-Saison 2013\/14. Insgesamt kam er f\u00fcr die Eintracht auf acht Tore und acht Vorlagen.<\/p>\n","protected":false},"excerpt":{"rendered":"Neuer Job Braunschweiger Aufstiegsheld beendet Profikarriere 13.05.2025 &#8211; 11:09 UhrLesedauer: 1 Min. Norman Theuerkauf im Trikot von Eintracht&hellip;\n","protected":false},"author":2,"featured_media":106991,"comment_status":"","ping_status":"","sticky":false,"template":"","format":"standard","meta":{"footnotes":""},"categories":[1850],"tags":[17188,3175,621,6429,3364,29,8704,548,663,3934,485,30,13,27963,14,15,1411,42129,38915,12,2365],"class_list":{"0":"post-106990","1":"post","2":"type-post","3":"status-publish","4":"format-standard","5":"has-post-thumbnail","7":"category-braunschweig","8":"tag-1-fc-heidenheim","9":"tag-3175","10":"tag-2-bundesliga","11":"tag-braunschweig","12":"tag-de","13":"tag-deutschland","14":"tag-eintracht-braunschweig","15":"tag-eu","16":"tag-europa","17":"tag-europe","18":"tag-fussball-bundesliga","19":"tag-germany","20":"tag-headlines","21":"tag-heidenheim","22":"tag-nachrichten","23":"tag-news","24":"tag-niedersachsen","25":"tag-norman-theuerkauf","26":"tag-profikarriere","27":"tag-schlagzeilen","28":"tag-sv-werder-bremen"},"share_on_mastodon":{"url":"https:\/\/pubeurope.com\/@de\/114499851757079383","error":""},"_links":{"self":[{"href":"https:\/\/www.europesays.com\/de\/wp-json\/wp\/v2\/posts\/106990","targetHints":{"allow":["GET"]}}],"collection":[{"href":"https:\/\/www.europesays.com\/de\/wp-json\/wp\/v2\/posts"}],"about":[{"href":"https:\/\/www.europesays.com\/de\/wp-json\/wp\/v2\/types\/post"}],"author":[{"embeddable":true,"href":"https:\/\/www.europesays.com\/de\/wp-json\/wp\/v2\/users\/2"}],"replies":[{"embeddable":true,"href":"https:\/\/www.europesays.com\/de\/wp-json\/wp\/v2\/comments?post=106990"}],"version-history":[{"count":0,"href":"https:\/\/www.europesays.com\/de\/wp-json\/wp\/v2\/posts\/106990\/revisions"}],"wp:featuredmedia":[{"embeddable":true,"href":"https:\/\/www.europesays.com\/de\/wp-json\/wp\/v2\/media\/106991"}],"wp:attachment":[{"href":"https:\/\/www.europesays.com\/de\/wp-json\/wp\/v2\/media?parent=106990"}],"wp:term":[{"taxonomy":"category","embeddable":true,"href":"https:\/\/www.europesays.com\/de\/wp-json\/wp\/v2\/categories?post=106990"},{"taxonomy":"post_tag","embeddable":true,"href":"https:\/\/www.europesays.com\/de\/wp-json\/wp\/v2\/tags?post=106990"}],"curies":[{"name":"wp","href":"https:\/\/api.w.org\/{rel}","templated":true}]}}