{"id":1069907,"date":"2026-06-04T18:15:30","date_gmt":"2026-06-04T18:15:30","guid":{"rendered":"https:\/\/www.europesays.com\/de\/1069907\/"},"modified":"2026-06-04T18:15:30","modified_gmt":"2026-06-04T18:15:30","slug":"uebernimmt-ein-ex-bvb-profi-bei-arminia-bielefeld-top-favorit-auf-kniat-erbe-durchgesickert","status":"publish","type":"post","link":"https:\/\/www.europesays.com\/de\/1069907\/","title":{"rendered":"\u00dcbernimmt ein Ex-BVB-Profi bei Arminia Bielefeld? &#8222;Top-Favorit&#8220; auf Kniat-Erbe durchgesickert"},"content":{"rendered":"\n<p>Knapp zwei Wochen ist es her, dass Arminia Bielefeld und Erfolgscoach Mitch Kniat verk\u00fcndeten, nach drei Jahren getrennte Wege zu gehen. Seitdem befand sich der ostwestf\u00e4lische Zweitligisten auf der Suche nach einem neuen \u00dcbungsleiter. Nachdem Tobias Strobl dem DSC eine Absage erteilte, verdichten sich die Anzeichen, dass ein ehemaliger Bundesliga-Profis der Arminia das Ruder \u00fcbernimmt.<\/p>\n<p>Horst Steffen, Thomas Reis, Christian Eichner und Marcel Rapp: Die Liste der gehandelten Trainer-Kandidaten bei Arminia Bielefeld war zuletzt von Tag zu Tag l\u00e4nger geworden. Doch anstatt einen neuen Chefcoach mit Zweitliga-Erfahrung an den Teutoburger Wald zu holen, scheint der Traditionsklub aus Ostwestfalen einen anderen Weg einzuschlagen.<\/p>\n<p>Nachdem die vereinsnahe &#8222;Neue Westf\u00e4lische&#8220; am Mittwochabend enth\u00fcllt hatte, dass der ehemalige Bundesliga-Profi Oliver Kirch weit oben auf der DSC-Wunschliste stehen soll, legte der &#8222;kicker&#8220; am Donnerstag nach. Demnach befinden sich die Verhandlungen mit dem Noch-\u00dcbungsleiter der U23 von Borussia M\u00f6nchengladbach bereits auf der Zielgeraden.<\/p>\n<p>\t\tArminia Bielefeld: Ex-BVB-Profi als\u00a0&#8222;Top-Favorit&#8220;<\/p>\n<p>Der 43-J\u00e4hrige ist den Informationen des Fachmagazins zufolge der &#8222;Top-Favorit&#8220; darauf, die Nachfolge\u00a0von Mitch Kniat anzutreten, der in seinen drei Jahren bei Arminia mit der Zweitliga-R\u00fcckkehr, dem Einzug ins DFB-Pokalfinale und dem Klassenerhalt im deutschen Unterhaus gro\u00dfe Fu\u00dfstapfen hinterl\u00e4sst. Damit Kirch in Bielefeld \u00fcbernehmen kann, m\u00fcssen sich die Arminia und Gladbach noch auf eine Abl\u00f6sesumme verst\u00e4ndigen.<\/p>\n<p>Als Spieler stand der geb\u00fcrtige Soester einst selbst f\u00fcr den DSC auf dem Platz, kickte zwischen 2007 und 2010 auf der Alm. Erfahrung in der Champions League sammelte der einstige Defensivspieler einst bei Borussia Dortmund (2012-2015). Nach seinem Karriereende im Jahr 2016 begann Kirch seine Trainerlaufbahn bei Bielefeld in der A-Jugend.<\/p>\n<p>\u00dcber den Hamburger SV landete er 2023 in Gladbach, wo er im Januar diesen Jahres die U23 in der Regionalliga von Eugen Polanski \u00fcbernahm.<\/p>\n","protected":false},"excerpt":{"rendered":"Knapp zwei Wochen ist es her, dass Arminia Bielefeld und Erfolgscoach Mitch Kniat verk\u00fcndeten, nach drei Jahren getrennte&hellip;\n","protected":false},"author":2,"featured_media":1069467,"comment_status":"","ping_status":"","sticky":false,"template":"","format":"standard","meta":{"footnotes":"","_share_on_mastodon":"0"},"categories":[1841],"tags":[621,2368,1605,3364,29,347,30,1209,151797,863,887],"class_list":["post-1069907","post","type-post","status-publish","format-standard","has-post-thumbnail","category-bielefeld","tag-2-bundesliga","tag-arminia-bielefeld","tag-bielefeld","tag-de","tag-deutschland","tag-fussball","tag-germany","tag-nordrhein-westfalen","tag-oliver-kirch","tag-sport-allgemein","tag-top-fussball"],"share_on_mastodon":{"url":"https:\/\/pubeurope.com\/@de\/116693206795646580","error":""},"_links":{"self":[{"href":"https:\/\/www.europesays.com\/de\/wp-json\/wp\/v2\/posts\/1069907","targetHints":{"allow":["GET"]}}],"collection":[{"href":"https:\/\/www.europesays.com\/de\/wp-json\/wp\/v2\/posts"}],"about":[{"href":"https:\/\/www.europesays.com\/de\/wp-json\/wp\/v2\/types\/post"}],"author":[{"embeddable":true,"href":"https:\/\/www.europesays.com\/de\/wp-json\/wp\/v2\/users\/2"}],"replies":[{"embeddable":true,"href":"https:\/\/www.europesays.com\/de\/wp-json\/wp\/v2\/comments?post=1069907"}],"version-history":[{"count":0,"href":"https:\/\/www.europesays.com\/de\/wp-json\/wp\/v2\/posts\/1069907\/revisions"}],"wp:featuredmedia":[{"embeddable":true,"href":"https:\/\/www.europesays.com\/de\/wp-json\/wp\/v2\/media\/1069467"}],"wp:attachment":[{"href":"https:\/\/www.europesays.com\/de\/wp-json\/wp\/v2\/media?parent=1069907"}],"wp:term":[{"taxonomy":"category","embeddable":true,"href":"https:\/\/www.europesays.com\/de\/wp-json\/wp\/v2\/categories?post=1069907"},{"taxonomy":"post_tag","embeddable":true,"href":"https:\/\/www.europesays.com\/de\/wp-json\/wp\/v2\/tags?post=1069907"}],"curies":[{"name":"wp","href":"https:\/\/api.w.org\/{rel}","templated":true}]}}