{"id":1069908,"date":"2026-06-04T18:17:21","date_gmt":"2026-06-04T18:17:21","guid":{"rendered":"https:\/\/www.europesays.com\/de\/1069908\/"},"modified":"2026-06-04T18:17:21","modified_gmt":"2026-06-04T18:17:21","slug":"lesung-zum-roman-verzauberte-vorbestimmung-von-jonas-luescher-blickfeld","status":"publish","type":"post","link":"https:\/\/www.europesays.com\/de\/1069908\/","title":{"rendered":"Lesung zum Roman \u201eVerzauberte Vorbestimmung\u201d von Jonas L\u00fcscher &#8211; blickfeld"},"content":{"rendered":"<p class=\"wp-block-paragraph\">Der mit dem <strong>Wilhelm Raabe-Literaturpreis 2025<\/strong> ausgezeichnete <strong><a href=\"https:\/\/www.hanser-literaturverlage.de\/buch\/jonas-luescher-verzauberte-vorbestimmung-9783446283640-t-5581\" target=\"_blank\" rel=\"noreferrer noopener nofollow\">Roman \u201eVerzauberte Vorbestimmung\u201d<\/a><\/strong> von <strong>Jonas L\u00fcscher<\/strong> erz\u00e4hlt sowohl einschneidende <strong>Wendepunkte der Weltgeschichte<\/strong> als auch von ersten Vorstellungen einer <strong>Verflechtung von Mensch und Maschine<\/strong>, etwa in Form von Androiden. Eine <strong>Medizin der Zukunft<\/strong> wird ohne moderne Technologien kaum mehr denkbar sein. Im Roman tritt die ambivalente <strong>Beziehung zwischen Mensch und Maschine<\/strong> besonders in den Fokus. L\u00fcscher demonstriert mit emotionaler Tiefe, wie Technik Leben retten kann, aber auch eine Entfremdung vom eigenen menschlichen K\u00f6rper darstellt.<\/p>\n<p class=\"wp-block-paragraph\">Diskutiert wird die <strong>Ambivalenz des technischen Fortschritts<\/strong>, die im Verh\u00e4ltnis zu moderner Medizin kritisch hinterfragt wird. Im <strong>Zeitalter der k\u00fcnstlichen Intelligenz<\/strong> verschwimmen die Grenzen, die den Nutzen, aber auch die Bedrohung von modernster Technologie kenntlich machen. Ungeahnte <strong>Risiken <\/strong>wie \u00dcberwachung, Manipulation, Arbeitsplatzver\u00e4nderungen oder der Verlust menschlicher Kontrolle stellen uns vor gro\u00dfe Herausforderungen. Im Roman verarbeitet Jonas L\u00fcscher mitunter auch eigene Erfahrungswerte narratologisch in drei verschiedenen Erz\u00e4hlstr\u00e4ngen. \u00bb<a href=\"https:\/\/www.blickfeld-wuppertal.de\/ueber-uns\/blickfeld-redaktion\" rel=\"nofollow noopener\" target=\"_blank\">red<\/a>\u00ab<\/p>\n<p class=\"wp-block-paragraph\"><strong>Kurz\u00fcberblick:<\/strong><\/p>\n<ul class=\"wp-block-list\">\n<li><strong>Wann:<\/strong> 10. Juni 2026, 18:00 Uhr, Einlass: 17:30 Uhr<\/li>\n<li><strong>Ort:<\/strong> Veranstaltungsraum der AOK Wuppertal (Bundesallee 265)<\/li>\n<li><strong>Tickets:<\/strong> <a href=\"https:\/\/www.wuppertal-live.de\/Ort\/4676\" target=\"_blank\" rel=\"noreferrer noopener nofollow\">www.wuppertal-live.de<\/a> (kostenfrei)<\/li>\n<li><strong>Veranstalter:<\/strong> Bergische Universit\u00e4t Wuppertal (Literaturwissenschaft)<\/li>\n<\/ul>\n<p>Hintergrund zur Lesung<\/p>\n<p class=\"wp-block-paragraph\">Diese Lesung ist Teil des vom Hochschulwettbewerb ausgezeichneten <strong>Literaturprojekts \u201eFuture Health under (Self-)Surveillance. \u00dcberwachung von K\u00f6rper und Psyche in Literatur und Alltagspraxis\u201c<\/strong>. Durchgef\u00fchrt wird das Projekt von der <strong>Literaturwissenschaftlerin <a href=\"https:\/\/germanistik.uni-wuppertal.de\/de\/teilfaecher\/neuere-deutsche-literatur\/personen\/sabrina-huber\/\" target=\"_blank\" rel=\"noreferrer noopener nofollow\">Dr. Sabrina Huber<\/a><\/strong> (Bergische Universit\u00e4t Wuppertal). <\/p>\n<p class=\"wp-block-paragraph\">Der Hochschulwettbewerb wird j\u00e4hrlich von <strong>Wissenschaft im Dialog<\/strong> in Kooperation mit der <strong>Hochschulrektorenkonferenz<\/strong>, dem <strong>Bundesverband Hochschulkommunikation<\/strong> und der <strong>Jungen Akademie<\/strong> organisiert und im Rahmen des <strong>Wissenschaftsjahres 2026 zur \u201eMedizin der Zukunft\u201c<\/strong> vom <strong>Bundesministerium f\u00fcr Forschung, Technologie und Raumfahrt<\/strong> gef\u00f6rdert.<\/p>\n","protected":false},"excerpt":{"rendered":"Der mit dem Wilhelm Raabe-Literaturpreis 2025 ausgezeichnete Roman \u201eVerzauberte Vorbestimmung\u201d von Jonas L\u00fcscher erz\u00e4hlt sowohl einschneidende Wendepunkte der&hellip;\n","protected":false},"author":2,"featured_media":1069909,"comment_status":"","ping_status":"","sticky":false,"template":"","format":"standard","meta":{"footnotes":"","_share_on_mastodon":"0"},"categories":[1840],"tags":[3364,29,70340,30,93,1209,16375,4418],"class_list":["post-1069908","post","type-post","status-publish","format-standard","has-post-thumbnail","category-wuppertal","tag-de","tag-deutschland","tag-germanistik","tag-germany","tag-literatur","tag-nordrhein-westfalen","tag-red","tag-wuppertal"],"share_on_mastodon":{"url":"https:\/\/pubeurope.com\/@de\/116693214607383232","error":""},"_links":{"self":[{"href":"https:\/\/www.europesays.com\/de\/wp-json\/wp\/v2\/posts\/1069908","targetHints":{"allow":["GET"]}}],"collection":[{"href":"https:\/\/www.europesays.com\/de\/wp-json\/wp\/v2\/posts"}],"about":[{"href":"https:\/\/www.europesays.com\/de\/wp-json\/wp\/v2\/types\/post"}],"author":[{"embeddable":true,"href":"https:\/\/www.europesays.com\/de\/wp-json\/wp\/v2\/users\/2"}],"replies":[{"embeddable":true,"href":"https:\/\/www.europesays.com\/de\/wp-json\/wp\/v2\/comments?post=1069908"}],"version-history":[{"count":0,"href":"https:\/\/www.europesays.com\/de\/wp-json\/wp\/v2\/posts\/1069908\/revisions"}],"wp:featuredmedia":[{"embeddable":true,"href":"https:\/\/www.europesays.com\/de\/wp-json\/wp\/v2\/media\/1069909"}],"wp:attachment":[{"href":"https:\/\/www.europesays.com\/de\/wp-json\/wp\/v2\/media?parent=1069908"}],"wp:term":[{"taxonomy":"category","embeddable":true,"href":"https:\/\/www.europesays.com\/de\/wp-json\/wp\/v2\/categories?post=1069908"},{"taxonomy":"post_tag","embeddable":true,"href":"https:\/\/www.europesays.com\/de\/wp-json\/wp\/v2\/tags?post=1069908"}],"curies":[{"name":"wp","href":"https:\/\/api.w.org\/{rel}","templated":true}]}}