{"id":1069946,"date":"2026-06-04T18:45:32","date_gmt":"2026-06-04T18:45:32","guid":{"rendered":"https:\/\/www.europesays.com\/de\/1069946\/"},"modified":"2026-06-04T18:45:32","modified_gmt":"2026-06-04T18:45:32","slug":"csd-in-dresden-sperrungen-am-samstag-in-altstadt-und-neustadt","status":"publish","type":"post","link":"https:\/\/www.europesays.com\/de\/1069946\/","title":{"rendered":"CSD in Dresden: Sperrungen am Samstag in Altstadt und Neustadt"},"content":{"rendered":"<p>Vor allem am Samstag <\/p>\n<p>CSD in Dresden gestartet: Mehrere Sperrungen<\/p>\n<p>04.06.2026 &#8211; 14:14 UhrLesedauer: 1 Min.<\/p>\n<p><a href=\"#focus-0\" class=\"transition-colors duration-200 block text-current relative\" data-sctrack=\"FocusGalleryImage.Reference\"><img fetchpriority=\"high\" data-testid=\"Opener.Image\"   loading=\"eager\" src=\"https:\/\/www.europesays.com\/de\/wp-content\/uploads\/2026\/06\/csd-zieht-durch-die-neustadt-archivbild.jpg\" alt=\"CSD zieht durch die Neustadt (Archivbild):\" title=\"CSD zieht durch die Neustadt (Archivbild):\" width=\"4766\" height=\"2681\" class=\"bg-[url:var(--lqipURL)] bg-cover bg-center flex h-full w-full max-w-full\" style=\"--lqipURL:url('https:\/\/images.t-online.de\/2026\/06\/9v736Pmngf7y\/0x174:4766x2681\/fit-in\/150x0\/filters:blur(25)\/csd-zieht-durch-die-neustadt-archivbild.jpg')\" decoding=\"async\"\/><img loading=\"lazy\" src=\"https:\/\/www.t-online.de\/s\/paper\/_next\/static\/media\/zoom-in.f7dae02f.svg\" alt=\"Vergr\u00f6\u00dfern des Bildes\" title=\"Vergr\u00f6\u00dfern des Bildes\" class=\"block h-[calc(var(--height)_\/_16_*_1rem)] w-[calc(var(--width)_\/_16_*_1rem)] max-w-none absolute bottom-8 right-8 rounded-4 bg-snow p-8\" style=\"--width:32;--height:32\" decoding=\"async\"\/><\/a><\/p>\n<p>CSD zieht durch die Neustadt (Archivbild): Die Stadt Dresden r\u00e4t am Samstagnachmittag die Innenstadt weitr\u00e4umig zu umfahren oder zus\u00e4tzliche Zeit einplanen. (Quelle: IMAGO\/Yauhen Yerchak)<\/p>\n<p><img loading=\"lazy\" src=\"https:\/\/www.t-online.de\/s\/paper\/_next\/static\/media\/audio-volume.6689034c.svg\" alt=\"\" title=\"\" class=\"block h-[calc(var(--height)_\/_16_*_1rem)] w-[calc(var(--width)_\/_16_*_1rem)] max-w-none group-hover:brightness-0 group-hover:invert\" style=\"--width:16;--height:16\" decoding=\"async\"\/>Vorlesen<\/p>\n<p>Aktuelle Zeit:0:00Gesamtdauer:0:00<\/p>\n<p>1x<\/p>\n<p class=\"text-center\">Jetzt neu bei t-online:<\/p>\n<p class=\"text-center\">Schriftgr\u00f6\u00dfe anpassen!<\/p>\n<p><img loading=\"lazy\" src=\"https:\/\/www.t-online.de\/s\/paper\/_next\/static\/media\/font-sizes.32942e33.svg\" alt=\"\" title=\"\" class=\"block h-[calc(var(--height)_\/_16_*_1rem)] w-[calc(var(--width)_\/_16_*_1rem)] max-w-none group-hover:hidden group-aria-expanded:hidden\" style=\"--width:16;--height:16\" decoding=\"async\"\/><img loading=\"lazy\" src=\"https:\/\/www.t-online.de\/s\/paper\/_next\/static\/media\/font-sizes-dark-mode.e382645c.svg\" alt=\"\" title=\"\" class=\"block h-[calc(var(--height)_\/_16_*_1rem)] w-[calc(var(--width)_\/_16_*_1rem)] max-w-none hidden group-hover:block group-aria-expanded:block\" style=\"--width:16;--height:16\" decoding=\"async\"\/><img loading=\"lazy\" src=\"https:\/\/www.t-online.de\/s\/paper\/_next\/static\/media\/sharing-menu-icon.1eb71368.svg\" alt=\"\" title=\"\" class=\"block h-[calc(var(--height)_\/_16_*_1rem)] w-[calc(var(--width)_\/_16_*_1rem)] max-w-none group-hover:brightness-0 group-hover:invert\" style=\"--width:16;--height:16\" decoding=\"async\"\/>Artikel teilen<\/p>\n<p class=\"font-bold text-18 leading-17 user-text-lg:text-22 user-text-xl:text-24\">Seit Donnerstagmittag wird auf dem Altmarkt ein politisches Stra\u00dfenfest gefeiert. Am Samstag ziehen Tausende Menschen zum gro\u00dfen CSD-Umzug bis in die Neustadt.<\/p>\n<p class=\"text-18 leading-17 user-text-lg:text-22 user-text-xl:text-24\">Der Dresdner Christopher Street Day (CSD) hat begonnen. Seit Donnerstagmittag l\u00e4uft auf dem Altmarkt ein politisches Stra\u00dfenfest, um 18 Uhr folgt die erste Kundgebung.<\/p>\n<p class=\"text-18 leading-17 user-text-lg:text-22 user-text-xl:text-24\">Auch am Freitag gibt es einen kleineren Demonstrationszug durch die Altstadt. Rund um den Altmarkt kommt es dabei an beiden Tagen zu Sperrungen und Umleitungen im Nahverkehr.<\/p>\n<p>Der gro\u00dfe Umzug startet am Samstag<\/p>\n<p class=\"text-18 leading-17 user-text-lg:text-22 user-text-xl:text-24\">Deutlich weitreichender wird es am Samstag, 6. Juni: Um 12 Uhr setzt sich der gro\u00dfe Demonstrationszug am Altmarkt in Bewegung. Die Route f\u00fchrt \u00fcber die Albertbr\u00fccke in die Neustadt. Gegen 15.30 Uhr kehrt der Zug \u00fcber die Augustusbr\u00fccke zum Altmarkt zur\u00fcck. Der Veranstalter rechnet mit rund 10.000 Teilnehmenden.<\/p>\n<ul class=\"text-18 leading-17 block pl-24 *:pb-16 *:before:inline-block *:before:size-8 *:before:bg-magenta *:before:-ml-[20px] *:before:mb-2 *:before:mr-12 *:before:mt-0\">\n<li><strong class=\"font-bold\">&#8222;Wichtiger Erfolg&#8220;:<\/strong> <a class=\"transition-colors duration-200 cursor-pointer text-inherit no-underline text-salemsfur md:hover:text-magenta md:hover:border-magenta md:focus:text-magenta border-current border-b border-solid break-words\" data-tracking=\"{&quot;action&quot;:&quot;click&quot;,&quot;category&quot;:&quot;intextLink&quot;,&quot;label&quot;:&quot;\/region\/dresden\/id_101281324\/csd-dresden-2026-veranstalter-feiern-ovg-urteil-zum-pride-strassenfest.html&quot;}\" href=\"https:\/\/www.t-online.de\/region\/dresden\/id_101281324\/csd-dresden-2026-veranstalter-feiern-ovg-urteil-zum-pride-strassenfest.html\" data-sctrack=\"BodyAnchor\" rel=\"nofollow noopener\" target=\"_blank\">Veranstalter und Unterst\u00fctzer feiern neuen CSD-Gerichtsentscheid<\/a><\/li>\n<\/ul>\n<p class=\"text-18 leading-17 user-text-lg:text-22 user-text-xl:text-24\">Entlang der gesamten Strecke sperrt die Stadt Stra\u00dfen f\u00fcr den Autoverkehr. Auch Busse und Bahnen fahren Umwege oder pausieren. Die Stadt Dresden r\u00e4t: Die Innenstadt und Neustadt weitr\u00e4umig umfahren oder zus\u00e4tzliche Zeit einplanen.<\/p>\n<p class=\"text-18 leading-17 user-text-lg:text-22 user-text-xl:text-24\">Dass das Stra\u00dfenfest als politische Versammlung stattfinden darf, entschied erst vor wenigen Tagen das S\u00e4chsische Oberverwaltungsgericht. <a class=\"transition-colors duration-200 cursor-pointer text-inherit no-underline text-salemsfur md:hover:text-magenta md:hover:border-magenta md:focus:text-magenta border-current border-b border-solid break-words\" data-tracking=\"{&quot;action&quot;:&quot;click&quot;,&quot;category&quot;:&quot;intextLink&quot;,&quot;label&quot;:&quot;\/region\/dresden\/id_101280802\/dresden-csd-strassenfest-kann-doch-als-versammlung-stattfinden.html&quot;}\" href=\"https:\/\/www.t-online.de\/region\/dresden\/id_101280802\/dresden-csd-strassenfest-kann-doch-als-versammlung-stattfinden.html\" data-sctrack=\"BodyAnchor\" rel=\"nofollow noopener\" target=\"_blank\">Hier lesen Sie mehr zu den Hintergr\u00fcnden.<\/a><\/p>\n","protected":false},"excerpt":{"rendered":"Vor allem am Samstag CSD in Dresden gestartet: Mehrere Sperrungen 04.06.2026 &#8211; 14:14 UhrLesedauer: 1 Min. CSD zieht&hellip;\n","protected":false},"author":2,"featured_media":1069947,"comment_status":"","ping_status":"","sticky":false,"template":"","format":"standard","meta":{"footnotes":"","_share_on_mastodon":"0"},"categories":[1835],"tags":[31688,522,30485,3364,29,2386,30,859,2224,29008],"class_list":["post-1069946","post","type-post","status-publish","format-standard","has-post-thumbnail","category-dresden","tag-altmarkt","tag-522","tag-christopher-street-day","tag-de","tag-deutschland","tag-dresden","tag-germany","tag-sachsen","tag-sperrung","tag-strassenfest"],"share_on_mastodon":{"url":"https:\/\/pubeurope.com\/@de\/116693326667124518","error":""},"_links":{"self":[{"href":"https:\/\/www.europesays.com\/de\/wp-json\/wp\/v2\/posts\/1069946","targetHints":{"allow":["GET"]}}],"collection":[{"href":"https:\/\/www.europesays.com\/de\/wp-json\/wp\/v2\/posts"}],"about":[{"href":"https:\/\/www.europesays.com\/de\/wp-json\/wp\/v2\/types\/post"}],"author":[{"embeddable":true,"href":"https:\/\/www.europesays.com\/de\/wp-json\/wp\/v2\/users\/2"}],"replies":[{"embeddable":true,"href":"https:\/\/www.europesays.com\/de\/wp-json\/wp\/v2\/comments?post=1069946"}],"version-history":[{"count":0,"href":"https:\/\/www.europesays.com\/de\/wp-json\/wp\/v2\/posts\/1069946\/revisions"}],"wp:featuredmedia":[{"embeddable":true,"href":"https:\/\/www.europesays.com\/de\/wp-json\/wp\/v2\/media\/1069947"}],"wp:attachment":[{"href":"https:\/\/www.europesays.com\/de\/wp-json\/wp\/v2\/media?parent=1069946"}],"wp:term":[{"taxonomy":"category","embeddable":true,"href":"https:\/\/www.europesays.com\/de\/wp-json\/wp\/v2\/categories?post=1069946"},{"taxonomy":"post_tag","embeddable":true,"href":"https:\/\/www.europesays.com\/de\/wp-json\/wp\/v2\/tags?post=1069946"}],"curies":[{"name":"wp","href":"https:\/\/api.w.org\/{rel}","templated":true}]}}