{"id":106996,"date":"2025-05-13T09:39:13","date_gmt":"2025-05-13T09:39:13","guid":{"rendered":"https:\/\/www.europesays.com\/de\/106996\/"},"modified":"2025-05-13T09:39:13","modified_gmt":"2025-05-13T09:39:13","slug":"wochenausblick-vom-23-bis-16-mai-rausgehen-lohnt-sich","status":"publish","type":"post","link":"https:\/\/www.europesays.com\/de\/106996\/","title":{"rendered":"Wochenausblick vom 23. bis 16. Mai: Rausgehen lohnt sich"},"content":{"rendered":"<p>\t\t\t\t\t\t\t<img decoding=\"async\" id=\"metis-img-pixel\" src=\"https:\/\/www.europesays.com\/de\/wp-content\/uploads\/2025\/05\/5f643c258a8c42e09d431747f055d003.gif\"\/><br \/>\nVon wilden Kr\u00e4utern bis wildem Tanz: Wiesbaden l\u00e4dt ein \u2013 drau\u00dfen, drinnen, laut, leise. Unsere Tipps f\u00fcr eine Woche voller Leben, unser Wochenausblick<\/p>\n<p>Fr\u00fcher hie\u00df es: 1. Mai, Handtuch auf die Freibadwiese! Heute ist Flexibilit\u00e4t gefragt \u2013 das Wetter macht die Ansagen. Die Sonnenb\u00e4nke bleiben noch kurz leer, der Sprung ins Becken verschiebt sich. Doch Wiesbaden schl\u00e4ft nicht \u2013 es spielt, denkt, lacht, tanzt. Die Luft ist klar, der Kurpark bl\u00fcht, das \u201eLufti\u201c lockt. Und wer sich bewegt, entdeckt: Diese Woche steckt voller Leben. Unsere Auswahl zeigt nur einen Ausschnitt \u2013 doch der reicht, um aufzustehen. Oder sich auch mal hinzusetzen. Nur nicht zu lange. Denn Wiesbaden lebt. Wie, zeigt unser Wochenausblick.<\/p>\n<blockquote class=\"infoblock\">\n<ul>\n<li>13.05.2025 10:00\u201316:00 <strong>Campus-Flohmarkt des AStA<\/strong><\/li>\n<li>13.05.2025 14:00\u201315:30 <strong>Immer wieder dienstags \u2013 Stadtf\u00fchrung Wiesbaden<\/strong><\/li>\n<li>13.05.2025 19:30\u201321:30 <strong>Literaturforum mit Rita Thies<\/strong><\/li>\n<li>13.05.2025 21:00 <strong>Salsa Tuesday<\/strong><\/li>\n<li>14.05.2025 16:00 <strong>Wildkr\u00e4uterstuhlgang \u201eim Sitzen\u201c<\/strong><\/li>\n<li>14.05.2025 19:00 <strong>After Work<\/strong><\/li>\n<li>14.05.2025 19:30\u201323:59 <strong>Notte Morricone \u2013 Tanzabend von Marcos Morau<\/strong><\/li>\n<li>15.05.2025 10:00\u201317:00 <strong>Eroberung \u2013 \u00dcbergabe \u2013 Befreiung? Symposium zum Kriegsende 1945<\/strong><\/li>\n<li>15.05.2025 19:00\u201322:30 <strong>Das Kriminal Dinner \u2013 Dinnerkrimi<\/strong><\/li>\n<li>15.05.2025 20:00\u201322:30 <strong>Science Slam Wiesbaden<\/strong><\/li>\n<li>15.05.2025 21:00 <strong>Jam Session<\/strong><\/li>\n<li>16.05.2025 17:00\u201319:00 <strong>Kulinarische F\u00fchrung<\/strong><\/li>\n<li>16.05.2025 18:00\u201320:00 <strong>Afrikanisches Wissen trifft Kunst<\/strong><\/li>\n<li>16.05.2025 23:00 <strong>Afro Beats<\/strong><\/li>\n<li>16.05.2025 22:30 <strong>Grand Semester Opening Party<\/strong><\/li>\n<li>20.05.2025 14:00\u201315:30 <strong>Immer wieder dienstags \u2013 Stadtf\u00fchrung Wiesbaden<\/strong><\/li>\n<li>12.06.2025 19:00\u201322:30 <strong>Das Kriminal Dinner \u2013 Dinnerkrimi<\/strong><\/li>\n<\/ul>\n<\/blockquote>\n<p>Dienstag \u2013 Flohmarkt, Stadtgeschichte und Salsa<\/p>\n<p><strong>\ud83c\udf92 Campus-Flohmarkt auf dem Fresenius-Campus<\/strong><br \/>Von 10 bis 16 Uhr hei\u00dft es wieder: st\u00f6bern, plaudern, f\u00fcndig werden. Der AStA der Hochschule Fresenius verwandelt den Campus in einen Marktplatz f\u00fcr Kleidung, B\u00fccher und Krimskrams mit Geschichte. Nachhaltig, herzlich, studentisch \u2013 und diesmal mit Kulturbeilage: Die\u00a0Jungen Freunde des Museums Wiesbaden\u00a0sind mit einem Stand vertreten. \ud83c\udf3f\ud83d\udcd6<\/p>\n<p><strong>\ud83d\udc5f Immer wieder dienstags \u2013 Stadtf\u00fchrung mal pers\u00f6nlich<\/strong><br \/>Wiesbadener G\u00e4stef\u00fchrer:innen zeigen ab 14 Uhr ihre liebsten Ecken \u2013 nicht nur Kurhaus und Kochbrunnen, sondern auch versteckte Geschichten und charmante Abwege. Treffpunkt ist die T-Info am Marktplatz. Einfach kommen, zuh\u00f6ren, eintauchen. Dauer: 90 Minuten.<\/p>\n<p><strong>\ud83d\udc83 Salsa Tuesday im Wohnzimmer<\/strong><br \/>Wer noch Energie hat, schwingt ab 21 Uhr die H\u00fcften im Wohnzimmer. Salsa Tuesday bringt hei\u00dfe Rhythmen, offene Tanzfl\u00e4che und gute Laune mitten in die Woche. Eintritt frei, Stimmung garantiert.<\/p>\n<p>Mittwoch \u2013 Wildkr\u00e4uter im Sitzen &amp; Filmgeschichte<\/p>\n<p><strong>\ud83c\udf31 Wildkr\u00e4uterstuhlgang mit Dorisa Winkenbach<\/strong><br \/>Ab 16 Uhr wird\u2019s entschleunigt und gr\u00fcn. Statt zu wandern, wird gesessen \u2013 Klappstuhl mitbringen nicht vergessen! Dorisa zeigt, was in der Wiese steckt. Und das Butterbrot wird dabei zur Geschmacksexplosion. Wild, regional, lecker.<\/p>\n<p><strong>\ud83c\udfac Notte Morricone \u2013 Tanz trifft Ton<\/strong><br \/>19:30 Uhr im Gro\u00dfen Haus: Der spanische Star-Choreograf Marcos Morau verbeugt sich mit 16 T\u00e4nzer:innen vor dem Gro\u00dfmeister der Filmmusik, Ennio Morricone. \u201eSpiel mir das Lied vom Staunen\u201c, m\u00f6chte man sagen. Zwischen Italo-Western und surrealer Poesie entsteht eine tanzende Hommage, die nachwirkt. Mit \u00dcbertiteln, aber garantiert sprachlos sch\u00f6n.<\/p>\n<p><strong>\ud83c\udf78 After Work im Wohnzimmer<\/strong><br \/>Ab 19 Uhr wird im Wohnzimmer der Dienstagabend gefeiert. Mit Drinks, Beats und der Garantie, dass niemand \u00fcber Excel reden muss.<\/p>\n<p>Donnerstag \u2013 Erinnern, R\u00e4tseln, Staunen<\/p>\n<p><strong>\ud83d\udcda Symposium zur Demokratie nach \u201945<\/strong><br \/>Von 10 bis 17 Uhr im Kulturforum geht es tief hinein in ein wichtiges Kapitel: Wie wurde nach dem Krieg aus der Tr\u00fcmmerstadt Wiesbaden eine funktionierende Demokratie? Spannende Beitr\u00e4ge, starke G\u00e4ste, bewegende Erinnerungen. Anmeldung erforderlich.<\/p>\n<p><strong>\ud83d\udd2a Das Kriminal Dinner im Kellerskopf<\/strong><br \/>Ab 19 Uhr wird\u2019s spannend \u2013 und k\u00f6stlich. Beim Krimidinner erlebt man einen Mord zwischen G\u00e4ngen, Verd\u00e4chtigen und Wahnsinn. Genuss mit Nervenkitzel, serviert in der einzigartigen Kulisse des Kellerskopfs. Nichts f\u00fcr Angsthasen \u2013 aber was f\u00fcr Genie\u00dfer!<\/p>\n<p><strong>\ud83c\udfa4 Science Slam \u2013 Wissen rockt<\/strong><br \/>20 Uhr im Schlachthof: Nachwuchswissenschaftler:innen erkl\u00e4ren Forschung mit Witz. 10 Minuten, eine B\u00fchne, ein Mikro \u2013 wer \u00fcberzeugt, gewinnt. Lernen, lachen, liken! Publikum entscheidet.<\/p>\n<p><strong>\ud83c\udfb8 Wohnzimmer Jam Session<\/strong><br \/>Ab 21 Uhr: B\u00fchne frei f\u00fcr alle, die was auf dem Kasten haben \u2013 oder auf den Tasten, Saiten oder Stimmb\u00e4ndern. Offene Jam Session, Eintritt frei, Musik spontan. Einfach kommen und reinh\u00f6ren.<\/p>\n<p>Freitag \u2013 Demokratie, Beats &amp; afrikanische Weisheiten<\/p>\n<p><strong>\ud83d\udde3 \u201eDefend Democracy\u201c mit Ann-Katrin M\u00fcller<\/strong><br \/>Beginn: 19:30 Uhr, HALLE Schlachthof. Die SPIEGEL-Journalistin erkl\u00e4rt, wie die AfD den politischen Diskurs ver\u00e4ndert \u2013 und was wir dagegen tun k\u00f6nnen. Brisant, analytisch, aufr\u00fcttelnd. Eintritt frei, Denken erw\u00fcnscht.<\/p>\n<p><strong>\ud83c\udf0d Afrikanisches Wissen trifft Kunst<\/strong><br \/>18 bis 20 Uhr: Ein Abend voll Inspiration \u2013 afrikanische Weisheit, moderner Ausdruck, Kunst als Br\u00fccke zwischen den Welten. Veranstaltet von KIBA und dem Deutsch-Kamerunischen Samariter e.V.<\/p>\n<p><strong>\ud83c\udfb6 Wohnzimmer Afro Beats<\/strong><br \/>Ab 23 Uhr wird getanzt \u2013 bis die F\u00fc\u00dfe gl\u00fchen. Afro Beats, hei\u00dfe Tracks, kalte Drinks. Das Wohnzimmer zeigt sich wieder als Taktgeber der Nacht.<\/p>\n<p>\ud83c\udf1f Fazit<\/p>\n<p>Wiesbaden legt vor \u2013 und du solltest nicht hinterherhinken. Das hier ist nur eine Auswahl, eine Momentaufnahme, ein Vorgeschmack. Und: Empfehlungen, pers\u00f6nlich kuratiert von\u00a0Wiesbaden lebt!\u00a0Die Stadt pulsiert. Die Woche startet. Sei dabei. Und wenn nicht diese Woche, dann n\u00e4chste. Aber dann wirklich.<\/p>\n<p>Archivfoto \u2013 Sasla im Wohnzimmer \u00a92024 Volker Watschounek<\/p>\n<p>Weitere Nachrichten aus dem <strong>Stadtteil Mitte<\/strong> <a href=\"https:\/\/wiesbaden-lebt.de\/tag\/mitte\" target=\"_blank\" rel=\"noreferrer noopener nofollow\">lesen Sie hier<\/a>.<\/p>\n<p>Den <strong>Veranstaltungskalender<\/strong> der Landeshauptstadt Wiesbaden finden Sie <a href=\"https:\/\/www.wiesbaden.de\/\" target=\"_blank\" rel=\"noreferrer noopener nofollow\">www.wiesbaden.de<\/a><\/p>\n","protected":false},"excerpt":{"rendered":"Von wilden Kr\u00e4utern bis wildem Tanz: Wiesbaden l\u00e4dt ein \u2013 drau\u00dfen, drinnen, laut, leise. Unsere Tipps f\u00fcr eine&hellip;\n","protected":false},"author":2,"featured_media":106997,"comment_status":"","ping_status":"","sticky":false,"template":"","format":"standard","meta":{"footnotes":""},"categories":[1847],"tags":[3364,29,548,663,3934,30,13,2052,525,14,15,12,3866,19413,4544,42130],"class_list":{"0":"post-106996","1":"post","2":"type-post","3":"status-publish","4":"format-standard","5":"has-post-thumbnail","7":"category-wiesbaden","8":"tag-de","9":"tag-deutschland","10":"tag-eu","11":"tag-europa","12":"tag-europe","13":"tag-germany","14":"tag-headlines","15":"tag-hessen","16":"tag-mitte","17":"tag-nachrichten","18":"tag-news","19":"tag-schlagzeilen","20":"tag-veranstaltungen","21":"tag-veranstaltungskalender","22":"tag-wiesbaden","23":"tag-wochenausblick"},"share_on_mastodon":{"url":"https:\/\/pubeurope.com\/@de\/114499863547880789","error":""},"_links":{"self":[{"href":"https:\/\/www.europesays.com\/de\/wp-json\/wp\/v2\/posts\/106996","targetHints":{"allow":["GET"]}}],"collection":[{"href":"https:\/\/www.europesays.com\/de\/wp-json\/wp\/v2\/posts"}],"about":[{"href":"https:\/\/www.europesays.com\/de\/wp-json\/wp\/v2\/types\/post"}],"author":[{"embeddable":true,"href":"https:\/\/www.europesays.com\/de\/wp-json\/wp\/v2\/users\/2"}],"replies":[{"embeddable":true,"href":"https:\/\/www.europesays.com\/de\/wp-json\/wp\/v2\/comments?post=106996"}],"version-history":[{"count":0,"href":"https:\/\/www.europesays.com\/de\/wp-json\/wp\/v2\/posts\/106996\/revisions"}],"wp:featuredmedia":[{"embeddable":true,"href":"https:\/\/www.europesays.com\/de\/wp-json\/wp\/v2\/media\/106997"}],"wp:attachment":[{"href":"https:\/\/www.europesays.com\/de\/wp-json\/wp\/v2\/media?parent=106996"}],"wp:term":[{"taxonomy":"category","embeddable":true,"href":"https:\/\/www.europesays.com\/de\/wp-json\/wp\/v2\/categories?post=106996"},{"taxonomy":"post_tag","embeddable":true,"href":"https:\/\/www.europesays.com\/de\/wp-json\/wp\/v2\/tags?post=106996"}],"curies":[{"name":"wp","href":"https:\/\/api.w.org\/{rel}","templated":true}]}}