{"id":1069982,"date":"2026-06-04T19:05:17","date_gmt":"2026-06-04T19:05:17","guid":{"rendered":"https:\/\/www.europesays.com\/de\/1069982\/"},"modified":"2026-06-04T19:05:17","modified_gmt":"2026-06-04T19:05:17","slug":"biss-verkaeufer-beobachtet-upskirting-in-muenchen-polizei-mit-festnahme-4","status":"publish","type":"post","link":"https:\/\/www.europesays.com\/de\/1069982\/","title":{"rendered":"Biss-Verk\u00e4ufer beobachtet Upskirting in M\u00fcnchen, Polizei mit Festnahme"},"content":{"rendered":"<p class=\"mb-6 text-xs md:text-m lg:text-l font-serif group-[.font-sans]:font-sans \">\n    Dank der Zivilcourage zweier M\u00e4nner nahm die Polizei in <a href=\"https:\/\/www.augsburger-allgemeine.de\/orte\/aa-muenchen\" target=\"_self\" class=\"underline \" rel=\"nofollow noopener\">M\u00fcnchen<\/a> am Samstag, 30. Mai, einen 58-J\u00e4hrigen fest, der an einer Rolltreppe im Zwischengeschoss <a href=\"https:\/\/www.augsburger-allgemeine.de\/bayern\/hauptbahnhof-muenchen-u-bahn-erfasst-mann-im-tunnel-und-verletzt-ihn-schwer-05-05-114136047\" target=\"_self\" class=\"underline \" rel=\"nofollow noopener\">am Stachus<\/a> Frauen unter dem Rock fotografiert haben soll. Wie die M\u00fcnchner Polizei mitgeteilt hat, wurde er von einem Verk\u00e4ufer der Biss-Zeitung am Nachmittag <a href=\"https:\/\/www.augsburger-allgemeine.de\/bayern\/oktoberfest-25-drei-upskirting-vorfaelle-auf-der-wiesn-muenchen-29-09-111607796\" target=\"_self\" class=\"underline \" rel=\"nofollow noopener\">beim sogenannten \u201eUpskirting\u201c beobachtet<\/a>. Da der Verk\u00e4ufer kein Handy besitzt, wies er einen 55-j\u00e4hrigen M\u00fcnchner auf die Situation hin. Dieser alarmierte daraufhin die Polizei und verfolgte den Tatverd\u00e4chtigen bis in die Schillerstra\u00dfe.\n  <\/p>\n<p>      <a href=\"https:\/\/www.augsburger-allgemeine.de\/bayern\/muenchen-messerangriff-verletzt-29-jaehrigen-polizei-nimmt-tatverdaechtigen-fest-114202436\" class=\"hidden  &#010;                md:block md:mr-5 md:min-w-[140px]  aspect-photo md:aspect-tv lg:aspect-tv w-fullXXX relative self-start inline overflow-hidden\" rel=\"nofollow noopener\" target=\"_blank\"><\/p>\n<p>    <img decoding=\"async\" src=\"\" alt=\"Die Mordkommission suchte rund zwei Wochen lang nach dem T\u00e4ter.\" title=\"Die Mordkommission suchte rund zwei Wochen lang nach dem T\u00e4ter.\" loading=\"lazy\" class=\"h-full w-full object-cover\"\/><br \/>\n   <\/a><\/p>\n<p>            Polizei zieht Handy des Tatverd\u00e4chtigen ein und durchsucht sein Hotelzimmer<\/p>\n<p class=\"mb-6 text-xs md:text-m lg:text-l font-serif group-[.font-sans]:font-sans \">\n    Dort nahmen Einsatzkr\u00e4fte der Polizei den Beschuldigten schlie\u00dflich fest. Nach einem entsprechenden richterlichen Beschluss durchsuchten die Ermittler das Hotelzimmer des Mannes in M\u00fcnchen sowie seine Wohnung in Hamburg. Au\u00dferdem stellten sie sein Handy mitsamt \u201eeindeutiger Fotos\u201c sicher. Inzwischen wurde der Mann wieder entlassen, allerdings wird gegen ihn seitens der M\u00fcnchner Kriminalpolizei ermittelt, u. a. wegen \u201eUpskirtings\u201c.\n  <\/p>\n<p>            Zeugenaufruf der M\u00fcnchner Polizei: Suche nach dem Zeitungsverk\u00e4ufer<\/p>\n<p class=\"mb-6 text-xs md:text-m lg:text-l font-serif group-[.font-sans]:font-sans \">\n    Am Sonntag hat die M\u00fcnchner Polizei nun einen Zeugenaufruf ver\u00f6ffentlicht. In diesem bittet sie den unbekannten Biss-Verk\u00e4ufer, sich bei ihr zu melden, da er f\u00fcr die Ermittlungen als Zeuge von Bedeutung sein kann. Der Name der Zeitung steht f\u00fcr B\u00fcrger in sozialen Schwierigkeiten und wird <a href=\"https:\/\/www.augsburger-allgemeine.de\/bayern\/obdachlosigkeit-30-jahre-biss-beim-verkauf-der-strassenzeitung-die-grosse-liebe-gefunden-id66360621.html\" target=\"_self\" class=\"underline \" rel=\"nofollow noopener\">von Menschen in Not, denen die Einnahmen zugutekommen, produziert und verkauft<\/a>.\n  <\/p>\n","protected":false},"excerpt":{"rendered":"Dank der Zivilcourage zweier M\u00e4nner nahm die Polizei in M\u00fcnchen am Samstag, 30. Mai, einen 58-J\u00e4hrigen fest, der&hellip;\n","protected":false},"author":2,"featured_media":1060189,"comment_status":"","ping_status":"","sticky":false,"template":"","format":"standard","meta":{"footnotes":"","_share_on_mastodon":"0"},"categories":[1827],"tags":[772,29,30,692,1268,77754,121,46232,153776],"class_list":["post-1069982","post","type-post","status-publish","format-standard","has-post-thumbnail","category-muenchen","tag-bayern","tag-deutschland","tag-germany","tag-hamburg","tag-muenchen","tag-muenchner-kriminalpolizei","tag-polizei","tag-rolltreppe","tag-strassenzeitung"],"share_on_mastodon":{"url":"https:\/\/pubeurope.com\/@de\/116693403427081549","error":""},"_links":{"self":[{"href":"https:\/\/www.europesays.com\/de\/wp-json\/wp\/v2\/posts\/1069982","targetHints":{"allow":["GET"]}}],"collection":[{"href":"https:\/\/www.europesays.com\/de\/wp-json\/wp\/v2\/posts"}],"about":[{"href":"https:\/\/www.europesays.com\/de\/wp-json\/wp\/v2\/types\/post"}],"author":[{"embeddable":true,"href":"https:\/\/www.europesays.com\/de\/wp-json\/wp\/v2\/users\/2"}],"replies":[{"embeddable":true,"href":"https:\/\/www.europesays.com\/de\/wp-json\/wp\/v2\/comments?post=1069982"}],"version-history":[{"count":0,"href":"https:\/\/www.europesays.com\/de\/wp-json\/wp\/v2\/posts\/1069982\/revisions"}],"wp:featuredmedia":[{"embeddable":true,"href":"https:\/\/www.europesays.com\/de\/wp-json\/wp\/v2\/media\/1060189"}],"wp:attachment":[{"href":"https:\/\/www.europesays.com\/de\/wp-json\/wp\/v2\/media?parent=1069982"}],"wp:term":[{"taxonomy":"category","embeddable":true,"href":"https:\/\/www.europesays.com\/de\/wp-json\/wp\/v2\/categories?post=1069982"},{"taxonomy":"post_tag","embeddable":true,"href":"https:\/\/www.europesays.com\/de\/wp-json\/wp\/v2\/tags?post=1069982"}],"curies":[{"name":"wp","href":"https:\/\/api.w.org\/{rel}","templated":true}]}}