{"id":1070052,"date":"2026-06-04T19:46:18","date_gmt":"2026-06-04T19:46:18","guid":{"rendered":"https:\/\/www.europesays.com\/de\/1070052\/"},"modified":"2026-06-04T19:46:18","modified_gmt":"2026-06-04T19:46:18","slug":"bonn-bamberg-bayerns-basketballer-spazieren-ins-bundesliga-finale","status":"publish","type":"post","link":"https:\/\/www.europesays.com\/de\/1070052\/","title":{"rendered":"Bonn\/Bamberg | Bayerns Basketballer spazieren ins Bundesliga-Finale"},"content":{"rendered":"<p>Bonn\/Bamberg (dpa) &#8211; Die Basketballer des FC Bayern M\u00fcnchen nehmen nach einer bislang verkorksten Saison Kurs auf die Meisterschaft in der Bundesliga. Das Team von Trainer Svetislav Pesic gewann das dritte Halbfinale gegen die Telekom Baskets Bonn am Abend locker mit 77:57 (37:25) und zieht mit 3:0-Siegen zum dritten Mal in Serie in die Endspiel-Serie ein. 2024 und 2025 gewannen die M\u00fcnchner jeweils den Meistertitel.<\/p>\n<p>F\u00fcr Pesic und sein Team um den erneut angeschlagen fehlenden Weltmeister Andreas Obst geht es darum, das komplizierte Jahr mit fr\u00fchem Europa-Aus und verpasstem Pokalsieg mit dem nationalen Triumph abzuschlie\u00dfen.\u00a0<\/p>\n<p>Rathan-Mayes \u00fcberragt f\u00fcr Bayern<\/p>\n<p>Herausragender Akteur der M\u00fcnchner war Xavier Rathan-Mayes. Der Fl\u00fcgelspieler erzielte 27 Punkte und verwandelte sechs seiner neun Dreierversuche. Schon zur Halbzeit war die Partie quasi entschieden. Finalgegner der M\u00fcnchner wird entweder Alba Berlin oder die Bamberg Baskets. Alba f\u00fchrt nach zwei deutlichen Heimsiegen mit 2:0.<\/p>\n<p>Auch im Finale sind die M\u00fcnchner eindeutiger Favorit. Das Pesic-Team ist in den bisherigen Playoffs noch ungeschlagen und hat f\u00fcnf seiner sechs Partien mit mindestens 20 Punkten Differenz gewonnen.\u00a0<\/p>\n<p>Die ersten drei Endspiele sind f\u00fcr 12., 14. und 17. Juni angesetzt. Ein m\u00f6gliches viertes und f\u00fcnftes Finale w\u00fcrde am 19. und 21. Juni steigen. Bayern genie\u00dft nach Platz eins in der Hauptrunde auch im Finale f\u00fcr die ersten beiden Partien und im m\u00f6glicherweise entscheidenden f\u00fcnften Spiel Heimrecht.<\/p>\n","protected":false},"excerpt":{"rendered":"Bonn\/Bamberg (dpa) &#8211; Die Basketballer des FC Bayern M\u00fcnchen nehmen nach einer bislang verkorksten Saison Kurs auf die&hellip;\n","protected":false},"author":2,"featured_media":1070053,"comment_status":"","ping_status":"","sticky":false,"template":"","format":"standard","meta":{"footnotes":"","_share_on_mastodon":"0"},"categories":[1841],"tags":[16204,2471,117376,2493,772,296,1605,299,3364,29,458,30,1209],"class_list":["post-1070052","post","type-post","status-publish","format-standard","has-post-thumbnail","category-bielefeld","tag-telekom-baskets-bonn","tag-alba-berlin","tag-bamberg-baskets","tag-basketball","tag-bayern","tag-berlin","tag-bielefeld","tag-bundesliga","tag-de","tag-deutschland","tag-fc-bayern-muenchen","tag-germany","tag-nordrhein-westfalen"],"share_on_mastodon":{"url":"https:\/\/pubeurope.com\/@de\/116693564682155665","error":""},"_links":{"self":[{"href":"https:\/\/www.europesays.com\/de\/wp-json\/wp\/v2\/posts\/1070052","targetHints":{"allow":["GET"]}}],"collection":[{"href":"https:\/\/www.europesays.com\/de\/wp-json\/wp\/v2\/posts"}],"about":[{"href":"https:\/\/www.europesays.com\/de\/wp-json\/wp\/v2\/types\/post"}],"author":[{"embeddable":true,"href":"https:\/\/www.europesays.com\/de\/wp-json\/wp\/v2\/users\/2"}],"replies":[{"embeddable":true,"href":"https:\/\/www.europesays.com\/de\/wp-json\/wp\/v2\/comments?post=1070052"}],"version-history":[{"count":0,"href":"https:\/\/www.europesays.com\/de\/wp-json\/wp\/v2\/posts\/1070052\/revisions"}],"wp:featuredmedia":[{"embeddable":true,"href":"https:\/\/www.europesays.com\/de\/wp-json\/wp\/v2\/media\/1070053"}],"wp:attachment":[{"href":"https:\/\/www.europesays.com\/de\/wp-json\/wp\/v2\/media?parent=1070052"}],"wp:term":[{"taxonomy":"category","embeddable":true,"href":"https:\/\/www.europesays.com\/de\/wp-json\/wp\/v2\/categories?post=1070052"},{"taxonomy":"post_tag","embeddable":true,"href":"https:\/\/www.europesays.com\/de\/wp-json\/wp\/v2\/tags?post=1070052"}],"curies":[{"name":"wp","href":"https:\/\/api.w.org\/{rel}","templated":true}]}}