{"id":1070143,"date":"2026-06-04T20:37:20","date_gmt":"2026-06-04T20:37:20","guid":{"rendered":"https:\/\/www.europesays.com\/de\/1070143\/"},"modified":"2026-06-04T20:37:20","modified_gmt":"2026-06-04T20:37:20","slug":"csd-in-berlin-fast-400-000-euro-fuer-senats-truck-regional","status":"publish","type":"post","link":"https:\/\/www.europesays.com\/de\/1070143\/","title":{"rendered":"CSD in Berlin: Fast 400.000 Euro f\u00fcr Senats-Truck | Regional"},"content":{"rendered":"<p><a class=\"skip-content skip-content--link\" href=\"#in-content-skip-link-target-v-0-0\">TTS-Player \u00fcberspringen\u21b5<\/a><a id=\"in-content-skip-link-target-v-0-0\" class=\"skip-content--target-link-hidden skip-content skip-content--target-link\" href=\"#in-content-skip-link-target-v-0-0\">Artikel weiterlesen<\/a><\/p>\n<p data-780e759e=\"0-1021\">Berlin \u2013 <b>Nutzt Berlins Regierender B\u00fcrgermeister Kai Wegner (53, CDU) den Christopher Street Day (CSD) f\u00fcr seinen Wahlkampf? Die Senatskanzlei hat einen eigenen Truck f\u00fcr die Parade Ende Juni angemeldet. Kosten: fast 400.000 Euro!<\/b><\/p>\n<p data-780e759e=\"0-1021\">Der <a href=\"https:\/\/www.bild.de\/leben-wissen\/feste-feiertage\/christopher-street-day-2025-deswegen-wird-der-csd-gefeiert-65bb8b2fec6c2a68200f90cb\" class=\"text-link\" rel=\"nofollow noopener\" target=\"_blank\">CSD <\/a>ist jedes Jahr eine der gr\u00f6\u00dften Veranstaltungen in der Hauptstadt. Hunderttausende Teilnehmer und Zuschauer werden am 25. Juli erwartet, wenn der Umzug vom Spittelmarkt \u00fcber Potsdamer Platz und Nollendorfplatz zum <a href=\"https:\/\/www.bild.de\/themen\/specials\/brandenburger-tor\/regional-news-fotos-videos-19694798.bild.html\" class=\"text-link\" rel=\"nofollow noopener\" target=\"_blank\">Brandenburger Tor<\/a> zieht. Sie demonstrieren f\u00fcr Toleranz und gegen Homophobie.<\/p>\n<p data-780e759e=\"0-1021\">In den vergangenen Jahren gab es <a href=\"https:\/\/www.bild.de\/news\/inland\/hunderttausende-beim-csd-in-berlin-zoff-um-bundestags-fussgruppe-6883a01a0e680a76f4e95ae3\" class=\"text-link\" rel=\"nofollow noopener\" target=\"_blank\">Zoff zwischen Wegner und den CSD-Veranstaltern<\/a>. Sie warfen ihm ungen\u00fcgende Unterst\u00fctzung f\u00fcr ihre Ziele vor und versagten ihm die Er\u00f6ffnungsrede. Wegner ging trotzdem hin und fuhr auf den Trucks von BVG, Aids-Hilfe und Evangelischer Kirche mit. Jetzt bekommt der Regierende seinen eigenen Parade-Wagen!<\/p>\n<p><img decoding=\"async\" width=\"992\" height=\"558\" alt=\"Der Regierende B\u00fcrgermeister Kai Wegner (CDU) war mehrfach beim Berliner CSD dabei\" src=\"https:\/\/www.europesays.com\/de\/wp-content\/uploads\/2026\/06\/79839cfff59103b59148101030880928,13094638.jpeg\"   class=\"landscape\" loading=\"lazy\"\/><\/p>\n<p class=\"fig__caption__text\">Der Regierende B\u00fcrgermeister Kai Wegner (CDU) war mehrfach beim Berliner CSD dabei<\/p>\n<p>Foto: Olaf Selchow<\/p>\n<p data-780e759e=\"0-1021\">Die Senatskanzlei lie\u00df \u00fcber \u201eBerlin Partner\u201c einen Truck bei den CSD-Veranstaltern anmelden. Billig ist das nicht: \u201eF\u00fcr die Umsetzung der Informationsma\u00dfnahmen und die Realisierung des Berlin-Wagens stellt die Senatskanzlei rund 140.000 Euro (netto) bereit\u201c, so Senatssprecherin Christine Richter (62) zu BILD: \u201eErg\u00e4nzend unterst\u00fctzt die Partner f\u00fcr Berlin Holding Gesellschaft f\u00fcr Hauptstadt-Marketing mbH das Vorhaben mit Sachleistungen im Wert von rund 235.000 Euro (netto).\u201c Macht zusammen 375.000 Euro!<\/p>\n<p data-780e759e=\"1022-2042\">\u201eBerlin Partner\u201c wird vom Land Berlin, der IHK und anderen Verb\u00e4nden getragen. Die Firma ist f\u00fcr Wirtschaftsf\u00f6rderung und Investorenwerbung zust\u00e4ndig. <\/p>\n<p>SPD \u00fcbt Kritik an CSC-Plan<\/p>\n<p data-780e759e=\"1022-2042\">Aus der <a href=\"https:\/\/www.bild.de\/politik\/inland\/spd\/spd-alle-infos-76661710.bild.html\" class=\"text-link\" rel=\"nofollow noopener\" target=\"_blank\">SPD<\/a> kommt Kritik an den hohen Kosten \u2013 und ein Vorwurf: \u201eEs sieht aus, als ob sich Kai Wegner die Teilnahme am CSD erkaufen will\u201c, so ein Genosse zu BILD. \u201eUnd das ausgerechnet zwei Monate vor der Wahl.\u201c Es ist das erste Mal, dass der Senat mit einem eigenen Wagen beim CSD vertreten ist.<\/p>\n<p>Mehr zum Thema<\/p>\n<p data-780e759e=\"1022-2042\">Senatssprecherin Richter: \u201eAuf dem Wagen werden Vertreter verschiedener Initiativen, Institutionen und des Regenbogen-Netzwerks der Berliner Verwaltung mitfahren. Dar\u00fcber hinaus werden der Regierende B\u00fcrgermeister und weitere Mitglieder des Senats erwartet.\u201c<\/p>\n<p>So soll der CSD-Truck des Senats aussehen<\/p>\n<p data-780e759e=\"2043-3095\">Zum Einsatz komme ein doppelst\u00f6ckiger Truck unter dem Namen \u201eRegenbogenhauptstadt Berlin\u201c in den Farben der Regenbogenflagge und mit dem Berliner B\u00e4ren. \u201eEine sichtbare Kennzeichnung des Senats oder der Senatskanzlei auf dem Fahrzeug ist nicht vorgesehen\u201c, so Richter. \u201eAn beiden Seiten des Wagens werden LED-W\u00e4nde installiert.\u201c<\/p>\n<p data-780e759e=\"2043-3095\">Experten sind von den hohen Kosten des Senat-Trucks \u00fcberrascht. \u201eDoppelst\u00f6ckige Ausf\u00fchrung ist heute nichts Besonderes mehr\u201c, so ein Techno-Veteran zu BILD. \u201eMiete, maximal drei Tage Aufbau, mit Personal am Veranstaltungstag, macht etwa 35.000 Euro.\u201c<\/p>\n<p data-780e759e=\"2043-3095\"><b>Unklar, ob Wegner dieses Jahr den CSD er\u00f6ffnen wird. \u201eDas Programm steht noch nicht fest\u201c, so CSD-Vorstand Thomas Hoffmann zu BILD. \u201eGrunds\u00e4tzlich freuen wir uns \u00fcber die Beteiligung unterschiedlichster gesellschaftlicher Akteur*innen. Bereits in der Vergangenheit haben sich Bezirks\u00e4mter, Bundesministerien oder Botschaften beteiligt.\u201c<\/b><\/p>\n","protected":false},"excerpt":{"rendered":"TTS-Player \u00fcberspringen\u21b5Artikel weiterlesen Berlin \u2013 Nutzt Berlins Regierender B\u00fcrgermeister Kai Wegner (53, CDU) den Christopher Street Day (CSD)&hellip;\n","protected":false},"author":2,"featured_media":1070144,"comment_status":"","ping_status":"","sticky":false,"template":"","format":"standard","meta":{"footnotes":"","_share_on_mastodon":"0"},"categories":[1825],"tags":[296,31,30485,29,30,7175,184,72535],"class_list":["post-1070143","post","type-post","status-publish","format-standard","has-post-thumbnail","category-berlin","tag-berlin","tag-cdu","tag-christopher-street-day","tag-deutschland","tag-germany","tag-homosexualitaet","tag-spd","tag-wegner-kai"],"share_on_mastodon":{"url":"","error":""},"_links":{"self":[{"href":"https:\/\/www.europesays.com\/de\/wp-json\/wp\/v2\/posts\/1070143","targetHints":{"allow":["GET"]}}],"collection":[{"href":"https:\/\/www.europesays.com\/de\/wp-json\/wp\/v2\/posts"}],"about":[{"href":"https:\/\/www.europesays.com\/de\/wp-json\/wp\/v2\/types\/post"}],"author":[{"embeddable":true,"href":"https:\/\/www.europesays.com\/de\/wp-json\/wp\/v2\/users\/2"}],"replies":[{"embeddable":true,"href":"https:\/\/www.europesays.com\/de\/wp-json\/wp\/v2\/comments?post=1070143"}],"version-history":[{"count":0,"href":"https:\/\/www.europesays.com\/de\/wp-json\/wp\/v2\/posts\/1070143\/revisions"}],"wp:featuredmedia":[{"embeddable":true,"href":"https:\/\/www.europesays.com\/de\/wp-json\/wp\/v2\/media\/1070144"}],"wp:attachment":[{"href":"https:\/\/www.europesays.com\/de\/wp-json\/wp\/v2\/media?parent=1070143"}],"wp:term":[{"taxonomy":"category","embeddable":true,"href":"https:\/\/www.europesays.com\/de\/wp-json\/wp\/v2\/categories?post=1070143"},{"taxonomy":"post_tag","embeddable":true,"href":"https:\/\/www.europesays.com\/de\/wp-json\/wp\/v2\/tags?post=1070143"}],"curies":[{"name":"wp","href":"https:\/\/api.w.org\/{rel}","templated":true}]}}