{"id":1070201,"date":"2026-06-04T21:12:25","date_gmt":"2026-06-04T21:12:25","guid":{"rendered":"https:\/\/www.europesays.com\/de\/1070201\/"},"modified":"2026-06-04T21:12:25","modified_gmt":"2026-06-04T21:12:25","slug":"arminia-bielefeld-olivier-kirch-soll-wohl-neuer-trainer-werden","status":"publish","type":"post","link":"https:\/\/www.europesays.com\/de\/1070201\/","title":{"rendered":"Arminia Bielefeld: Olivier Kirch soll wohl neuer Trainer werden"},"content":{"rendered":"<p>Noch eine Frage offen <\/p>\n<p>Zweitligist holt wohl Ex-Bundesliga-Profi als Trainer<\/p>\n<p>04.06.2026 &#8211; 17:33 UhrLesedauer: 1 Min.<\/p>\n<p><a href=\"#focus-0\" class=\"transition-colors duration-200 block text-current relative\" data-sctrack=\"FocusGalleryImage.Reference\"><img fetchpriority=\"high\" data-testid=\"Opener.Image\"   loading=\"eager\" src=\"https:\/\/www.europesays.com\/de\/wp-content\/uploads\/2026\/06\/oberhausen-deutschland-09-mai-2026-regionalliga-west-2025-2026-sp-33-rw-oberhausen-gegen-borussia-mo.jpeg\" alt=\"imago images 1077232107\" title=\"imago images 1077232107\" width=\"3134\" height=\"1763\" class=\"bg-[url:var(--lqipURL)] bg-cover bg-center flex h-full w-full max-w-full\" style=\"--lqipURL:url('https:\/\/images.t-online.de\/2026\/06\/J9nNjbsaTiil\/1568x39:3134x1763\/fit-in\/150x0\/filters:blur(25)\/oberhausen-deutschland-09-mai-2026-regionalliga-west-2025-2026-sp-33-rw-oberhausen-gegen-borussia-moenchengladbach-u23-im-bild-trainer-oliver-kirch-bmg-ii-niederrheinstadion-nordrhein-westfalen-oberhausen-germany-09-may-2026-regionalliga-west-2025-2026-sp-33-rw-oberhausen-v-borussia-moenchengladbach-u23-in-picture-coach-oliver-kirch-bmg-ii-niederrheinstadion-nordrhein-westfalen-copyright-xfotostandx-xvanxderxveldenx.jpg')\" decoding=\"async\"\/><img loading=\"lazy\" src=\"https:\/\/www.t-online.de\/s\/paper\/_next\/static\/media\/zoom-in.f7dae02f.svg\" alt=\"Vergr\u00f6\u00dfern des Bildes\" title=\"Vergr\u00f6\u00dfern des Bildes\" class=\"block h-[calc(var(--height)_\/_16_*_1rem)] w-[calc(var(--width)_\/_16_*_1rem)] max-w-none absolute bottom-8 right-8 rounded-4 bg-snow p-8\" style=\"--width:32;--height:32\" decoding=\"async\"\/><\/a><\/p>\n<p>Oliver Kirch: Aktuell steht er noch in Gladbach unter Vertrag. (Quelle: IMAGO\/Fotostand \/ Van der Velden\/imago)<\/p>\n<p><img loading=\"lazy\" src=\"https:\/\/www.t-online.de\/s\/paper\/_next\/static\/media\/audio-volume.6689034c.svg\" alt=\"\" title=\"\" class=\"block h-[calc(var(--height)_\/_16_*_1rem)] w-[calc(var(--width)_\/_16_*_1rem)] max-w-none group-hover:brightness-0 group-hover:invert\" style=\"--width:16;--height:16\" decoding=\"async\"\/>Vorlesen<\/p>\n<p>Aktuelle Zeit:0:00Gesamtdauer:0:00<\/p>\n<p>1x<\/p>\n<p class=\"text-center\">Jetzt neu bei t-online:<\/p>\n<p class=\"text-center\">Schriftgr\u00f6\u00dfe anpassen!<\/p>\n<p><img loading=\"lazy\" src=\"https:\/\/www.t-online.de\/s\/paper\/_next\/static\/media\/font-sizes.32942e33.svg\" alt=\"\" title=\"\" class=\"block h-[calc(var(--height)_\/_16_*_1rem)] w-[calc(var(--width)_\/_16_*_1rem)] max-w-none group-hover:hidden group-aria-expanded:hidden\" style=\"--width:16;--height:16\" decoding=\"async\"\/><img loading=\"lazy\" src=\"https:\/\/www.t-online.de\/s\/paper\/_next\/static\/media\/font-sizes-dark-mode.e382645c.svg\" alt=\"\" title=\"\" class=\"block h-[calc(var(--height)_\/_16_*_1rem)] w-[calc(var(--width)_\/_16_*_1rem)] max-w-none hidden group-hover:block group-aria-expanded:block\" style=\"--width:16;--height:16\" decoding=\"async\"\/><img loading=\"lazy\" src=\"https:\/\/www.t-online.de\/s\/paper\/_next\/static\/media\/sharing-menu-icon.1eb71368.svg\" alt=\"\" title=\"\" class=\"block h-[calc(var(--height)_\/_16_*_1rem)] w-[calc(var(--width)_\/_16_*_1rem)] max-w-none group-hover:brightness-0 group-hover:invert\" style=\"--width:16;--height:16\" decoding=\"async\"\/>Artikel teilen<\/p>\n<p class=\"font-bold text-18 leading-17 user-text-lg:text-22 user-text-xl:text-24\">Bei Arminia Bielefeld steht die Verpflichtung eines neuen Trainers wohl kurz bevor. Er ist im Verein kein Unbekannter.<\/p>\n<p class=\"text-18 leading-17 user-text-lg:text-22 user-text-xl:text-24\">Zweiligist <a class=\"transition-colors duration-200 cursor-pointer text-inherit no-underline text-salemsfur md:hover:text-magenta md:hover:border-magenta md:focus:text-magenta border-current border-b border-solid break-words\" data-tracking=\"{&quot;action&quot;:&quot;click&quot;,&quot;category&quot;:&quot;intextLink&quot;,&quot;label&quot;:&quot;\/themen\/arminia-bielefeld\/&quot;}\" href=\"https:\/\/www.t-online.de\/themen\/arminia-bielefeld\/\" data-sctrack=\"BodyAnchor\" rel=\"nofollow noopener\" target=\"_blank\">Arminia Bielefeld<\/a> soll wohl kurz vor der Verpflichtung von Oliver Kirch als neuen Trainer stehen. Das berichtet das Fachmagazin &#8222;Kicker&#8220;. <a class=\"transition-colors duration-200 cursor-pointer text-inherit no-underline text-salemsfur md:hover:text-magenta md:hover:border-magenta md:focus:text-magenta border-current border-b border-solid break-words\" data-tracking=\"{&quot;action&quot;:&quot;click&quot;,&quot;category&quot;:&quot;intextLink&quot;,&quot;label&quot;:&quot;\/sport\/fussball\/2-bundesliga\/id_101282172\/vfl-wolfsburg-tobias-strobl-wird-neuer-cheftrainer-bundesliga-aufstieg.html&quot;}\" href=\"https:\/\/www.t-online.de\/sport\/fussball\/2-bundesliga\/id_101282172\/vfl-wolfsburg-tobias-strobl-wird-neuer-cheftrainer-bundesliga-aufstieg.html\" data-sctrack=\"BodyAnchor\" rel=\"nofollow noopener\" target=\"_blank\">Nachdem sich Wunschkandidat Tobias Strobl f\u00fcr den VfL Wolfsburg entschieden hatte,<\/a> soll der ehemalige Bundesliga-Profi der Top-Favorit sein.<\/p>\n<ul class=\"text-18 leading-17 block pl-24 *:pb-16 *:before:inline-block *:before:size-8 *:before:bg-magenta *:before:-ml-[20px] *:before:mb-2 *:before:mr-12 *:before:mt-0\">\n<li><strong class=\"font-bold\">Eine \u00fcberraschende Wahl:<\/strong> <a class=\"transition-colors duration-200 cursor-pointer text-inherit no-underline text-salemsfur md:hover:text-magenta md:hover:border-magenta md:focus:text-magenta border-current border-b border-solid break-words\" data-tracking=\"{&quot;action&quot;:&quot;click&quot;,&quot;category&quot;:&quot;intextLink&quot;,&quot;label&quot;:&quot;\/sport\/fussball\/bundesliga\/id_101283020\/bayer-leverkusen-carles-martinez-novell-ist-neuer-trainer.html&quot;}\" href=\"https:\/\/www.t-online.de\/sport\/fussball\/bundesliga\/id_101283020\/bayer-leverkusen-carles-martinez-novell-ist-neuer-trainer.html\" data-sctrack=\"BodyAnchor\" rel=\"nofollow noopener\" target=\"_blank\">Bayer Leverkusen hat einen neuen Trainer gefunden<\/a><\/li>\n<\/ul>\n<p class=\"text-18 leading-17 user-text-lg:text-22 user-text-xl:text-24\">Wie der &#8222;kicker&#8220; berichtet, m\u00fcsse noch eine Abl\u00f6seregelung mit seinem aktuellen Klub <a class=\"transition-colors duration-200 cursor-pointer text-inherit no-underline text-salemsfur md:hover:text-magenta md:hover:border-magenta md:focus:text-magenta border-current border-b border-solid break-words\" data-tracking=\"{&quot;action&quot;:&quot;click&quot;,&quot;category&quot;:&quot;intextLink&quot;,&quot;label&quot;:&quot;\/themen\/borussia-moenchengladbach\/&quot;}\" href=\"https:\/\/www.t-online.de\/themen\/borussia-moenchengladbach\/\" data-sctrack=\"BodyAnchor\" rel=\"nofollow noopener\" target=\"_blank\">Borussia M\u00f6nchengladbach<\/a> getroffen werden. Dort ist er seit Januar f\u00fcr die zweite Mannschaft verantwortlich.<\/p>\n<p>Kirch begann Spieler- und Trainerkarriere in Bielefeld<\/p>\n<p class=\"text-18 leading-17 user-text-lg:text-22 user-text-xl:text-24\">Der 43-J\u00e4hrige absolvierte zwischen 2007 und 2010 77 Pflichtspiele f\u00fcr Arminia Bielefeld und anschlie\u00dfend f\u00fcr Kaiserslautern, <a class=\"transition-colors duration-200 cursor-pointer text-inherit no-underline text-salemsfur md:hover:text-magenta md:hover:border-magenta md:focus:text-magenta border-current border-b border-solid break-words\" data-tracking=\"{&quot;action&quot;:&quot;click&quot;,&quot;category&quot;:&quot;intextLink&quot;,&quot;label&quot;:&quot;\/themen\/borussia-dortmund\/&quot;}\" href=\"https:\/\/www.t-online.de\/themen\/borussia-dortmund\/\" data-sctrack=\"BodyAnchor\" rel=\"nofollow noopener\" target=\"_blank\">Borussia Dortmund<\/a> und den <a class=\"transition-colors duration-200 cursor-pointer text-inherit no-underline text-salemsfur md:hover:text-magenta md:hover:border-magenta md:focus:text-magenta border-current border-b border-solid break-words\" data-tracking=\"{&quot;action&quot;:&quot;click&quot;,&quot;category&quot;:&quot;intextLink&quot;,&quot;label&quot;:&quot;\/themen\/sc-paderborn\/&quot;}\" href=\"https:\/\/www.t-online.de\/themen\/sc-paderborn\/\" data-sctrack=\"BodyAnchor\" rel=\"nofollow noopener\" target=\"_blank\">SC Paderborn<\/a>. Insgesamt kommt er auf 143 Spiele in der <a class=\"transition-colors duration-200 cursor-pointer text-inherit no-underline text-salemsfur md:hover:text-magenta md:hover:border-magenta md:focus:text-magenta border-current border-b border-solid break-words\" data-tracking=\"{&quot;action&quot;:&quot;click&quot;,&quot;category&quot;:&quot;intextLink&quot;,&quot;label&quot;:&quot;\/sport\/fussball\/bundesliga\/&quot;}\" href=\"https:\/\/www.t-online.de\/sport\/fussball\/bundesliga\/\" data-sctrack=\"BodyAnchor\" rel=\"nofollow noopener\" target=\"_blank\">Bundesliga<\/a> und 27 Partien in der <a class=\"transition-colors duration-200 cursor-pointer text-inherit no-underline text-salemsfur md:hover:text-magenta md:hover:border-magenta md:focus:text-magenta border-current border-b border-solid break-words\" data-tracking=\"{&quot;action&quot;:&quot;click&quot;,&quot;category&quot;:&quot;intextLink&quot;,&quot;label&quot;:&quot;\/sport\/fussball\/2-bundesliga\/&quot;}\" href=\"https:\/\/www.t-online.de\/sport\/fussball\/2-bundesliga\/\" data-sctrack=\"BodyAnchor\" rel=\"nofollow noopener\" target=\"_blank\">2. Liga<\/a>.<\/p>\n<p class=\"text-18 leading-17 user-text-lg:text-22 user-text-xl:text-24\">Seine Trainerkarriere hatte er ab 2020 als Jugendtrainer in Bielefeld begonnen. \u00dcber einen Zwischenstopp beim Hamburger SV kam er 2023 nach Gladbach. Dort war er bis Januar U19-Trainer.<\/p>\n<p class=\"text-18 leading-17 user-text-lg:text-22 user-text-xl:text-24\">Bielefeld hatte sich im Mai von Erfolgscoach Mitch Kniat getrennt. Er war mit den Ostwestfalen in die 2. Liga aufgestiegen und vergangenes Jahr ins DFB-Pokalfinale eingezogen. Nach Platz 13 in der abgelaufenen Saison war jedoch Schluss.<\/p>\n","protected":false},"excerpt":{"rendered":"Noch eine Frage offen Zweitligist holt wohl Ex-Bundesliga-Profi als Trainer 04.06.2026 &#8211; 17:33 UhrLesedauer: 1 Min. Oliver Kirch:&hellip;\n","protected":false},"author":2,"featured_media":1070202,"comment_status":"","ping_status":"","sticky":false,"template":"","format":"standard","meta":{"footnotes":"","_share_on_mastodon":"0"},"categories":[1841],"tags":[621,2368,2367,1605,3364,29,30,14337,1209,151797,89862,23437,931],"class_list":["post-1070201","post","type-post","status-publish","format-standard","has-post-thumbnail","category-bielefeld","tag-2-bundesliga","tag-arminia-bielefeld","tag-bayer-04-leverkusen","tag-bielefeld","tag-de","tag-deutschland","tag-germany","tag-gladbach","tag-nordrhein-westfalen","tag-oliver-kirch","tag-tobias-strobl","tag-verpflichtung","tag-vfl-wolfsburg"],"share_on_mastodon":{"url":"https:\/\/pubeurope.com\/@de\/116693903177991211","error":""},"_links":{"self":[{"href":"https:\/\/www.europesays.com\/de\/wp-json\/wp\/v2\/posts\/1070201","targetHints":{"allow":["GET"]}}],"collection":[{"href":"https:\/\/www.europesays.com\/de\/wp-json\/wp\/v2\/posts"}],"about":[{"href":"https:\/\/www.europesays.com\/de\/wp-json\/wp\/v2\/types\/post"}],"author":[{"embeddable":true,"href":"https:\/\/www.europesays.com\/de\/wp-json\/wp\/v2\/users\/2"}],"replies":[{"embeddable":true,"href":"https:\/\/www.europesays.com\/de\/wp-json\/wp\/v2\/comments?post=1070201"}],"version-history":[{"count":0,"href":"https:\/\/www.europesays.com\/de\/wp-json\/wp\/v2\/posts\/1070201\/revisions"}],"wp:featuredmedia":[{"embeddable":true,"href":"https:\/\/www.europesays.com\/de\/wp-json\/wp\/v2\/media\/1070202"}],"wp:attachment":[{"href":"https:\/\/www.europesays.com\/de\/wp-json\/wp\/v2\/media?parent=1070201"}],"wp:term":[{"taxonomy":"category","embeddable":true,"href":"https:\/\/www.europesays.com\/de\/wp-json\/wp\/v2\/categories?post=1070201"},{"taxonomy":"post_tag","embeddable":true,"href":"https:\/\/www.europesays.com\/de\/wp-json\/wp\/v2\/tags?post=1070201"}],"curies":[{"name":"wp","href":"https:\/\/api.w.org\/{rel}","templated":true}]}}