{"id":1070217,"date":"2026-06-04T21:23:17","date_gmt":"2026-06-04T21:23:17","guid":{"rendered":"https:\/\/www.europesays.com\/de\/1070217\/"},"modified":"2026-06-04T21:23:17","modified_gmt":"2026-06-04T21:23:17","slug":"wm-2026-warnung-an-dfb-team-deutscher-wm-gegner-schockt-frankreich-fussball","status":"publish","type":"post","link":"https:\/\/www.europesays.com\/de\/1070217\/","title":{"rendered":"WM 2026: Warnung an DFB-Team! Deutscher WM-Gegner schockt Frankreich | Fu\u00dfball"},"content":{"rendered":"<p><a class=\"skip-content skip-content--link\" href=\"#in-content-skip-link-target-v-0-0\">TTS-Player \u00fcberspringen\u21b5<\/a><a id=\"in-content-skip-link-target-v-0-0\" class=\"skip-content--target-link-hidden skip-content skip-content--target-link\" href=\"#in-content-skip-link-target-v-0-0\">Artikel weiterlesen<\/a><\/p>\n<p><b>Die Elfenbeink\u00fcste schl\u00e4gt Frankreich mit 2:1 \u2013 und dreht die Partie nach R\u00fcckstand. Ein echter Achtungserfolg gegen einen der <\/b><a href=\"https:\/\/sportbild.bild.de\/fussball\/wm-yTCPXgTTl9P1AhquZhcL.sport.html\" class=\"text-link\" rel=\"nofollow noopener\" target=\"_blank\"><b>WM<\/b><\/a><b>-Mitfavoriten. Und eine klare Warnung an Deutschland: Dieser Gegner kann selbst Titelfavoriten bezwingen.<\/b><\/p>\n<p>Zun\u00e4chst schien in Nantes alles nach einem franz\u00f6sischen Heimsieg auszusehen. In der 45. Minute tankte sich Lyon-Star Rayan Cherki an der Strafraumkante durch und schlenzte den Ball unhaltbar ins lange Eck. Keeper Yahia Fofana war chancenlos \u2013 0:1 aus Sicht der Ivorer.<\/p>\n<p>Doch die Antwort lie\u00df nicht lange auf sich warten. Kurz nach Wiederanpfiff kombinierten sich die Westafrikaner sehenswert durch: Wahi legte f\u00fcr Nicolas P\u00e9p\u00e9 ab, der sofort Gu\u00e9la Dou\u00e9 in Szene setzte. Der Bruder von Frankreichs D\u00e9sir\u00e9 Dou\u00e9 blieb eiskalt und schob zum 1:1 ins linke Eck ein (53.).<\/p>\n<p><img decoding=\"async\" width=\"992\" height=\"558\" alt=\"Gu\u00e9la Dou\u00e9 (23) jubelt \u00fcber den zwischenzeitlichen Ausgleich\" src=\"https:\/\/www.europesays.com\/de\/wp-content\/uploads\/2026\/06\/0ff7be11736b43511dcea30931cefa19,842eedb5.jpeg\"   class=\"landscape\" loading=\"lazy\"\/><\/p>\n<p class=\"fig__caption__text\">Gu\u00e9la Dou\u00e9 (23) jubelt \u00fcber den zwischenzeitlichen Ausgleich<\/p>\n<p>Foto: Franck Fife\/AFP\/dpa<\/p>\n<p>In der Schlussphase folgte dann der n\u00e4chste Nadelstich. Wieder war Dou\u00e9 beteiligt \u2013 diesmal als Vorlagengeber. Von der rechten Seite brachte er den Ball scharf ins Zentrum, wo Amad (84.) direkt mit rechts abzog und zum 2:1-Endstand traf. Die Sensation war perfekt.<\/p>\n<p>Frankreich blamiert sich<\/p>\n<p>F\u00fcr die DFB-Elf hei\u00dft das: In Gruppe E wartet am 20. Juni (22 Uhr) ein Gegner, der selbst Frankreich bezwingen kann. Zuvor steht am 14. Juni (19.00 Uhr) das Auftaktspiel gegen Cura\u00e7ao an. Erst Pflichtaufgabe erledigen \u2013 dann kommt die Elfenbeink\u00fcste.<\/p>\n<p>W\u00e4hrend die deutsche <a href=\"https:\/\/sportbild.bild.de\/fussball\/nationalmannschaft\/nationalmannschaft\/home-33309482.sport.html\" class=\"text-link\" rel=\"nofollow noopener\" target=\"_blank\">Nationalmannschaft<\/a> am Samstag (20.45 Uhr) gegen WM-Gastgeber USA zur Generalprobe antritt, hat die Elfenbeink\u00fcste ihre letzte Standortbestimmung bereits hinter sich. Zum WM-Auftakt geht es f\u00fcr die Ivorer am 15. Juni (1 Uhr) gegen Ecuador.<\/p>\n<p>Frankreich wiederum hat die Generalprobe noch vor sich: Am Montag (21.10 Uhr) kann sich der Weltmeister von 2018 gegen Nordirland das angeknackste Selbstvertrauen zur\u00fcckholen.<\/p>\n","protected":false},"excerpt":{"rendered":"TTS-Player \u00fcberspringen\u21b5Artikel weiterlesen Die Elfenbeink\u00fcste schl\u00e4gt Frankreich mit 2:1 \u2013 und dreht die Partie nach R\u00fcckstand. Ein echter&hellip;\n","protected":false},"author":2,"featured_media":1070218,"comment_status":"","ping_status":"","sticky":false,"template":"","format":"standard","meta":{"footnotes":"","_share_on_mastodon":"0"},"categories":[3974],"tags":[148728,331,332,1260,63828,548,663,3934,3980,156,347,38029,13,19542,14,133569,15,23613,12],"class_list":["post-1070217","post","type-post","status-publish","format-standard","has-post-thumbnail","category-frankreich","tag-afrika-cup","tag-aktuelle-nachrichten","tag-aktuelle-news","tag-deutsche-nationalmannschaft","tag-elfenbeinkueste","tag-eu","tag-europa","tag-europe","tag-france","tag-frankreich","tag-fussball","tag-fussball-wm-2026","tag-headlines","tag-kylian-mbappe","tag-nachrichten","tag-nationalmannschaft-elfenbeinkueste","tag-news","tag-paris-saint-germain","tag-schlagzeilen"],"share_on_mastodon":{"url":"https:\/\/pubeurope.com\/@de\/116693947917769328","error":""},"_links":{"self":[{"href":"https:\/\/www.europesays.com\/de\/wp-json\/wp\/v2\/posts\/1070217","targetHints":{"allow":["GET"]}}],"collection":[{"href":"https:\/\/www.europesays.com\/de\/wp-json\/wp\/v2\/posts"}],"about":[{"href":"https:\/\/www.europesays.com\/de\/wp-json\/wp\/v2\/types\/post"}],"author":[{"embeddable":true,"href":"https:\/\/www.europesays.com\/de\/wp-json\/wp\/v2\/users\/2"}],"replies":[{"embeddable":true,"href":"https:\/\/www.europesays.com\/de\/wp-json\/wp\/v2\/comments?post=1070217"}],"version-history":[{"count":0,"href":"https:\/\/www.europesays.com\/de\/wp-json\/wp\/v2\/posts\/1070217\/revisions"}],"wp:featuredmedia":[{"embeddable":true,"href":"https:\/\/www.europesays.com\/de\/wp-json\/wp\/v2\/media\/1070218"}],"wp:attachment":[{"href":"https:\/\/www.europesays.com\/de\/wp-json\/wp\/v2\/media?parent=1070217"}],"wp:term":[{"taxonomy":"category","embeddable":true,"href":"https:\/\/www.europesays.com\/de\/wp-json\/wp\/v2\/categories?post=1070217"},{"taxonomy":"post_tag","embeddable":true,"href":"https:\/\/www.europesays.com\/de\/wp-json\/wp\/v2\/tags?post=1070217"}],"curies":[{"name":"wp","href":"https:\/\/api.w.org\/{rel}","templated":true}]}}