{"id":1070234,"date":"2026-06-04T21:33:17","date_gmt":"2026-06-04T21:33:17","guid":{"rendered":"https:\/\/www.europesays.com\/de\/1070234\/"},"modified":"2026-06-04T21:33:17","modified_gmt":"2026-06-04T21:33:17","slug":"nuernberg-drogen-und-missbrauch-wie-dealer-maedchen-in-die-falle-locken-regional","status":"publish","type":"post","link":"https:\/\/www.europesays.com\/de\/1070234\/","title":{"rendered":"N\u00fcrnberg: Drogen und Missbrauch! Wie Dealer M\u00e4dchen in die Falle locken | Regional"},"content":{"rendered":"<p><b>Sie locken junge M\u00e4dchen mit Aufmerksamkeit und Geschenken an, machen sie dann mit harten Drogen abh\u00e4ngig. Offenbar kommt es dabei auch regelm\u00e4\u00dfig zu sexuellem Missbrauch. In N\u00fcrnberg ermittelt die Polizei gegen fast ein Dutzend Verd\u00e4chtige, ein 22-j\u00e4hriger Syrer sitzt nach einer mutma\u00dflichen Vergewaltigung in Haft.<\/b><br \/>\nLesen Sie mit BILDplus, was eine 18-J\u00e4hrige t\u00e4glich am Bahnhof und in den Parks erlebt, wie die Dealer junge M\u00e4dchen k\u00f6dern und bei ihren dreckigen Gesch\u00e4ften den \u00dcberwachungskameras entgehen.<\/p>\n","protected":false},"excerpt":{"rendered":"Sie locken junge M\u00e4dchen mit Aufmerksamkeit und Geschenken an, machen sie dann mit harten Drogen abh\u00e4ngig. Offenbar kommt&hellip;\n","protected":false},"author":2,"featured_media":1070235,"comment_status":"","ping_status":"","sticky":false,"template":"","format":"standard","meta":{"footnotes":"","_share_on_mastodon":"0"},"categories":[1837],"tags":[2037,772,3364,1343,29,980,30,3783,124,121,9241,1921],"class_list":["post-1070234","post","type-post","status-publish","format-standard","has-post-thumbnail","category-nuernberg","tag-bahnhof","tag-bayern","tag-de","tag-dealer","tag-deutschland","tag-festnahme","tag-germany","tag-nuernberg","tag-palzer-karina","tag-polizei","tag-prostitution","tag-vergewaltigung"],"share_on_mastodon":{"url":"https:\/\/pubeurope.com\/@de\/116693985863469821","error":""},"_links":{"self":[{"href":"https:\/\/www.europesays.com\/de\/wp-json\/wp\/v2\/posts\/1070234","targetHints":{"allow":["GET"]}}],"collection":[{"href":"https:\/\/www.europesays.com\/de\/wp-json\/wp\/v2\/posts"}],"about":[{"href":"https:\/\/www.europesays.com\/de\/wp-json\/wp\/v2\/types\/post"}],"author":[{"embeddable":true,"href":"https:\/\/www.europesays.com\/de\/wp-json\/wp\/v2\/users\/2"}],"replies":[{"embeddable":true,"href":"https:\/\/www.europesays.com\/de\/wp-json\/wp\/v2\/comments?post=1070234"}],"version-history":[{"count":0,"href":"https:\/\/www.europesays.com\/de\/wp-json\/wp\/v2\/posts\/1070234\/revisions"}],"wp:featuredmedia":[{"embeddable":true,"href":"https:\/\/www.europesays.com\/de\/wp-json\/wp\/v2\/media\/1070235"}],"wp:attachment":[{"href":"https:\/\/www.europesays.com\/de\/wp-json\/wp\/v2\/media?parent=1070234"}],"wp:term":[{"taxonomy":"category","embeddable":true,"href":"https:\/\/www.europesays.com\/de\/wp-json\/wp\/v2\/categories?post=1070234"},{"taxonomy":"post_tag","embeddable":true,"href":"https:\/\/www.europesays.com\/de\/wp-json\/wp\/v2\/tags?post=1070234"}],"curies":[{"name":"wp","href":"https:\/\/api.w.org\/{rel}","templated":true}]}}