{"id":1070682,"date":"2026-06-05T01:50:38","date_gmt":"2026-06-05T01:50:38","guid":{"rendered":"https:\/\/www.europesays.com\/de\/1070682\/"},"modified":"2026-06-05T01:50:38","modified_gmt":"2026-06-05T01:50:38","slug":"neustadt-kinotipps-ab-4-juni-2026","status":"publish","type":"post","link":"https:\/\/www.europesays.com\/de\/1070682\/","title":{"rendered":"Neustadt-Kinotipps ab 4. Juni 2026"},"content":{"rendered":"<p>\t\tSchauburg, Bundesstart: Good Boy \u2013 Wir wollen nur dein Bestes<br \/>\n<img fetchpriority=\"high\" decoding=\"async\" class=\"size-full wp-image-238584\" src=\"https:\/\/www.europesays.com\/de\/wp-content\/uploads\/2026\/06\/2026-06-04-Good-Boy-Wir-wollen-nur-dein-Bestes.jpg\" alt=\"\" width=\"800\" height=\"450\"  \/>Good Boy \u2013 Wir wollen nur dein Bchorestes \u2013 in der Schauburg<\/p>\n<p>Der 19-j\u00e4hrige Kleinkriminelle Tommy (Anson Boon) zieht nachts mit seiner Clique um die H\u00e4user und provoziert brutale Situationen. Er genie\u00dft das Gef\u00fchl von Macht und pr\u00e4sentiert seine \u00dcberf\u00e4lle auf Social Media. Sein Leben \u00e4ndert sich abrupt, als er von Chris (Stephen Graham) und dessen Frau Kathryn (Andrea Riseborough) entf\u00fchrt wird. Das Ehepaar kettet Tommy im heimischen Keller an. Ziel ist eine Umerziehungsma\u00dfnahme. Tommy soll ein \u201eguter Junge\u201c werden. Psychoterror und fiese Machtspiele sind dabei die Mittel der Wahl. Ein \u00fcbles Experiment nimmt seinen Lauf, die Grenzen zwischen T\u00e4ter und Opfer oszillieren. Tommy beginnt eine Art Stockholm-Syndrom auszubilden, entwickelt Verst\u00e4ndnis f\u00fcr seine Peiniger.\n<\/p>\n<p>Thalia: Verflucht Normal<br \/>\n<img loading=\"lazy\" decoding=\"async\" class=\"size-full wp-image-238306\" src=\"https:\/\/www.europesays.com\/de\/wp-content\/uploads\/2026\/06\/2026-05-28-Verflucht-Normal-e1779968941431.jpg\" alt=\"Verflucht Normal - in der Schauburg\" width=\"800\" height=\"451\"  \/>Verflucht Normal \u2013 im Thalia<\/p>\n<p>Alles begann, als der 12-j\u00e4hrige John pl\u00f6tzlich kleine Ticks entwickelte, deren Herkunft ihm v\u00f6llig schleierhaft erschienen. In seiner Heimatstadt Galashiels kennt kaum jemand das Tourette-Syndrom. Mitsch\u00fcler beleidigen und mobben ihn. Auch seine Familie zerbricht an der Situation. Nach einem Suizidversuch wird seine seelische Not deutlich. 1996 lebt John bei seiner Mutter und nimmt Medikamente. Manche Menschen akzeptieren ihn, andere reagieren mit Gewalt oder Anzeigen. Unterst\u00fctzung findet er beim Hausmeister Tommy im Gemeindezentrum. Dort beginnt John zu arbeiten. Gemeinsam setzen sie sich f\u00fcr mehr Verst\u00e4ndnis f\u00fcr Tourette ein. John organisiert Gespr\u00e4che, Workshops und Vortr\u00e4ge an Schulen und Polizeistationen, um \u00fcber die Krankheit aufzukl\u00e4ren. Im Thalia in Original mit Untertiteln.\n<\/p>\n<p>Schauburg, Bundesstart: Sommer auf Asphalt<br \/>\n<img loading=\"lazy\" decoding=\"async\" class=\"size-full wp-image-238585\" src=\"https:\/\/www.europesays.com\/de\/wp-content\/uploads\/2026\/06\/2026-06-04-Sommer-auf-Asphalt.jpg\" alt=\"\" width=\"2000\" height=\"1127\"  \/>Sommer auf Asphalt \u2013 in der Schauburg<\/p>\n<p>Les lebt schnell, spontan und unbeschwert. Tags\u00fcber rast sie als Fahrradkurierin durch die Stadt, nach Feierabend st\u00fcrzt sie irgendwo mit ihren Freunden ab. Anhalten, innehalten oder sich Gedanken \u00fcber die Zukunft machen? Nicht mit Les. Zumindest nicht, bis ihr Vater Bert \u2013 mit dem sie eigentlich so gut wie keinen Kontakt hat \u2013 ganz unerwartet vor der T\u00fcr steht und nach einem Unfall sogar ungefragt f\u00fcr seine Tochter aufs Rad steigt. Als Les dann auch noch von ihrer ungeplanten Schwangerschaft erf\u00e4hrt, ist sie vollends in einer neuen Realit\u00e4t angekommen. Der werdende Vater Tyler h\u00e4tte zwar Lust auf ein Kind, ist aber leider selbst noch eins. Les\u2018 Welt steht komplett Kopf \u2013 und dabei hat Bert ihr noch nicht einmal gesagt, dass er bald sterben wird.\n<\/p>\n<p>Thalia: Das Drama \u2013 Noch mal auf Anfang<br \/>\n<img loading=\"lazy\" decoding=\"async\" class=\"size-full wp-image-236679\" src=\"https:\/\/www.europesays.com\/de\/wp-content\/uploads\/2026\/04\/1775277215_325_2026-04-02-Das-Drama.jpg\" alt=\"Das Drama - Noch mal auf Anfang - in der Schauburg\" width=\"1920\" height=\"1080\"  \/>Das Drama \u2013 Noch mal auf Anfang \u2013 im Thalia<\/p>\n<p>Stell dir vor, du bist unendlich verliebt in deine:n Partner:in und ihr habt euch entschieden zu heiraten. Alles l\u00e4uft famos, bis kurz vor dem gro\u00dfen Tag. Denn die warmherzige, entschlossene Emma Hardwood (Zendaya) und der kunstbeflissene Museumsdirektor Charlie Thompson (Robert Pattinson) erfahren erst kurz vorher gewisse Dinge \u00fcbereinander, die sie in einen Strudel aus Misstrauen und Zweifeln saugen. Pl\u00f6tzlich kommen verst\u00f6rende Geheimnisse ans Licht und je mehr Druck auf den beiden lastet, desto mehr br\u00f6ckelt die Fassade der perfekten Liebe. Irgendwie versuchen die beiden dennoch ihre Liebe zu retten, zwischen Baton Rouge, London und den Orten ihrer gemeinsamen Vergangenheit. Ob die beiden ihre anstehende Hochzeit noch irgendwie retten k\u00f6nnen? Im Thalia im Original mit Untertiteln.<\/p>\n<p>Schauburg, Bundesstart: Ab durch die Mitte \u2013 Mit Vollgas durch Paris<br \/>\n<img loading=\"lazy\" decoding=\"async\" class=\"size-full wp-image-238587\" src=\"https:\/\/www.europesays.com\/de\/wp-content\/uploads\/2026\/06\/2026-06-04-Ab-durch-die-Mitte.jpg\" alt=\"\" width=\"1998\" height=\"1125\"  \/>Ab durch die Mitte \u2013 Mit Vollgas durch Paris \u2013 in der Schauburg<\/p>\n<p>Stan, Bauingenieur mit Ambitionen und der Geduld eines mittelm\u00e4\u00dfig gelaunten B\u00fcrohamsters, steht kurz vor der Bef\u00f6rderung seines Lebens, bis sein Chef pl\u00f6tzlich entscheidet, dass doch lieber der Rivale gl\u00e4nzen soll. Stan reagiert, wie man in Paris eben reagiert: Er klaut eine Tasche mit einer Million Euro Schwarzgeld und f\u00e4hrt los. Einfach so, ohne Plan. Dumm nur, dass die \u201eEntlassung\u201d nur ein Test war und die Bef\u00f6rderung eigentlich schon durch. Jetzt muss das Geld zur\u00fcck, und zwar unauff\u00e4llig. Doch Stans Flucht durch Paris entwickelt sich zur urbanen Zickzack-Choreografie. An seiner Seite: Hippolyte, ein Schl\u00fcsseldienstmitarbeiter, der aussieht, als h\u00e4tte er seit 1998 keinen Urlaub gemacht und dessen Lebensphilosophie ungef\u00e4hr lautet: \u201eWenn\u2019s klemmt, wird\u2019s interessant.\u201d\n<\/p>\n<p>Thalia: Rose<br \/>\n<img loading=\"lazy\" decoding=\"async\" class=\"size-full wp-image-237356\" src=\"https:\/\/www.europesays.com\/de\/wp-content\/uploads\/2026\/05\/2026-04-30-Rose.jpg\" alt=\"\" width=\"800\" height=\"432\"  \/>Rose \u2013 im Thalia<\/p>\n<p>Die Landschaft ist so kriegsversehrt wie die Menschen, als aus den Nebeln ein seltsamer Soldat auftaucht und Anspruch auf einen lange aufgegebenen Gutshof stellt. Der 30-j\u00e4hrige Krieg ist noch in vollem Gange, die protestantische Gemeinde des abgelegenen Dorfes skeptisch. Irgendwas scheint faul an dem Fremden mit der entstellenden Narbe im Gesicht zu sein. Doch dieser erweist sich als gottesf\u00fcrchtig, arbeitsam und mutig. Er behauptet sich, bewirtschaftet den Hof und gewinnt an Einfluss. Der Preis daf\u00fcr ist hoch. Denn es ist eine Frau, die sich einen anderen Namen zugelegt und in Hosen gestiegen war, um in das Dorf zu gelangen. Rose (Sandra H\u00fcller), so hei\u00dft der Soldat wirklich, schreckt vor nichts zur\u00fcck, um ihre Ziele zu erreichen. Nur der Zufall kann sie enttarnen.\n<\/p>\n<p>Der \u00f6sterreichische Regisseur Markus Schleinzer stellt in seinem neuen Film eine Frau in den Mittelpunkt, die in der patriarchalischen Welt des 17. Jahrhunderts k\u00fchn nach Selbstbestimmung und Freiheit greift und damit notwendig scheitern muss. Dennoch w\u00e4hlt sie diesen unvorstellbar wirkenden Weg.\n<\/p>\n<p>Schauburg, Bundesstart: Future Council \u2013 Komm an Bord<br \/>\n<img loading=\"lazy\" decoding=\"async\" class=\"size-full wp-image-238586\" src=\"https:\/\/www.europesays.com\/de\/wp-content\/uploads\/2026\/06\/2026-06-04-Future-Council.jpg\" alt=\"\" width=\"2000\" height=\"1125\"  \/>Future Council \u2013 Komm an Bord \u2013 in der Schauburg<\/p>\n<p>Was passiert, wenn die Architekten der Zukunft die Verantwortlichen von heute zur Rede stellen? In seinem neuesten Dokumentarfilm w\u00e4hlt der Regisseur ein ebenso einfaches wie wirkungsvolles Setting: Er schickt acht engagierte Kinder und Jugendliche auf einen Roadtrip im Schulbus. Die Reise f\u00fchrt die Gruppe quer durch den europ\u00e4ischen Kontinent zu den Schalthebeln der Macht \u2013 von globalen Energiekonzernen bis hin zu Lebensmittelgiganten.<\/p>\n<p>Neustadt-Kinotipps ab 4. Juni: Freikarten<\/p>\n<ul>\n<li>Das Neustadt-Gefl\u00fcster verlost diese Woche jeweils zwei Freikarten f\u00fcr das Thalia und die Schauburg f\u00fcr die laufende Kinowoche, also bis Mittwoch. Bitte in dem Erg\u00e4nzungsfeld den entsprechenden Film und das Filmtheater angeben. Der Rechtsweg ist ausgeschlossen. Die Verlosung findet Sonntagabend statt.<\/li>\n<li>Alle Dresdner Kinos und Filme unter\u00a0<a href=\"http:\/\/www.kinokalender.com\/\" target=\"_blank\" rel=\"noopener nofollow\">www.kinokalender.com<\/a><\/li>\n<\/ul>\n","protected":false},"excerpt":{"rendered":"Schauburg, Bundesstart: Good Boy \u2013 Wir wollen nur dein Bestes Good Boy \u2013 Wir wollen nur dein Bchorestes&hellip;\n","protected":false},"author":2,"featured_media":1070683,"comment_status":"","ping_status":"","sticky":false,"template":"","format":"standard","meta":{"footnotes":"","_share_on_mastodon":"0"},"categories":[1835],"tags":[26604,3364,29,2386,30,26605,859,26606,3762],"class_list":["post-1070682","post","type-post","status-publish","format-standard","has-post-thumbnail","category-dresden","tag-aeussere-neustadt","tag-de","tag-deutschland","tag-dresden","tag-germany","tag-kinotipps","tag-sachsen","tag-schauburg","tag-thalia"],"share_on_mastodon":{"url":"https:\/\/pubeurope.com\/@de\/116694997873931165","error":""},"_links":{"self":[{"href":"https:\/\/www.europesays.com\/de\/wp-json\/wp\/v2\/posts\/1070682","targetHints":{"allow":["GET"]}}],"collection":[{"href":"https:\/\/www.europesays.com\/de\/wp-json\/wp\/v2\/posts"}],"about":[{"href":"https:\/\/www.europesays.com\/de\/wp-json\/wp\/v2\/types\/post"}],"author":[{"embeddable":true,"href":"https:\/\/www.europesays.com\/de\/wp-json\/wp\/v2\/users\/2"}],"replies":[{"embeddable":true,"href":"https:\/\/www.europesays.com\/de\/wp-json\/wp\/v2\/comments?post=1070682"}],"version-history":[{"count":0,"href":"https:\/\/www.europesays.com\/de\/wp-json\/wp\/v2\/posts\/1070682\/revisions"}],"wp:featuredmedia":[{"embeddable":true,"href":"https:\/\/www.europesays.com\/de\/wp-json\/wp\/v2\/media\/1070683"}],"wp:attachment":[{"href":"https:\/\/www.europesays.com\/de\/wp-json\/wp\/v2\/media?parent=1070682"}],"wp:term":[{"taxonomy":"category","embeddable":true,"href":"https:\/\/www.europesays.com\/de\/wp-json\/wp\/v2\/categories?post=1070682"},{"taxonomy":"post_tag","embeddable":true,"href":"https:\/\/www.europesays.com\/de\/wp-json\/wp\/v2\/tags?post=1070682"}],"curies":[{"name":"wp","href":"https:\/\/api.w.org\/{rel}","templated":true}]}}