{"id":1070849,"date":"2026-06-05T03:33:17","date_gmt":"2026-06-05T03:33:17","guid":{"rendered":"https:\/\/www.europesays.com\/de\/1070849\/"},"modified":"2026-06-05T03:33:17","modified_gmt":"2026-06-05T03:33:17","slug":"rb-leipzig-ein-jahr-nach-seinem-abgang-xavi-simons-trainiert-wieder-bei-red-bull-sport","status":"publish","type":"post","link":"https:\/\/www.europesays.com\/de\/1070849\/","title":{"rendered":"RB Leipzig: Ein Jahr nach seinem Abgang! Xavi Simons trainiert wieder bei Red Bull | Sport"},"content":{"rendered":"<p><a class=\"skip-content skip-content--link\" href=\"#in-content-skip-link-target-v-0-0\">TTS-Player \u00fcberspringen\u21b5<\/a><a id=\"in-content-skip-link-target-v-0-0\" class=\"skip-content--target-link-hidden skip-content skip-content--target-link\" href=\"#in-content-skip-link-target-v-0-0\">Artikel weiterlesen<\/a><\/p>\n<p data-21134c99=\"0-1909\"><b>Zur\u00fcck zum Ex? Mit einer Story auf Instagram sorgt Ex-Leipzig-Profi Xavi Simons (23) bei so manchem Fu\u00dfballfan f\u00fcr Verwunderung. Der Holland-Star, der im vergangenen Sommer f\u00fcr 65 Mio. Euro zu Tottenham gewechselt ist, zeigte sich diese Woche beim Rehatraining im Athlete Performance Center (APC) von Red Bull.<\/b><\/p>\n<p data-21134c99=\"0-1909\">\u00dcberraschend ist das allemal. Denn nach seinem Abgang trauert man dem Holl\u00e4nder bei Ex-Klub <a href=\"https:\/\/www.bild.de\/sport\/fussball\/rb-leipzig\/startseite-leipzig-31148870.bild.html\" class=\"text-link\" rel=\"nofollow noopener\" target=\"_blank\">RB Leipzig<\/a> eigentlich keine Sekunde mehr nach.<\/p>\n<p>Marketing-Deal trotz Wechsel<\/p>\n<p data-21134c99=\"0-1909\">Dass der Spielmacher nach seinem Kreuzbandriss Ende April trotzdem die hochmodernen M\u00f6glichkeiten seines Ex-Arbeitgebers nutzen darf, hat einen einfachen Grund: Simons ist auch knapp ein Jahr nach dem Wechsel weiter an Red Bull gebunden!<\/p>\n<p><img decoding=\"async\" width=\"992\" height=\"558\" alt=\"Der Tottenham-Star riss sich Ende April im Spiel in Wolverhampton das Kreuzband im rechten Knie\" src=\"https:\/\/www.europesays.com\/de\/wp-content\/uploads\/2026\/06\/dae708b06cd19ffd90ef01c74b64bf84,660a8140.jpeg\"   class=\"landscape\" loading=\"lazy\"\/><\/p>\n<p class=\"fig__caption__text\">Der Tottenham-Star riss sich Ende April im Spiel in Wolverhampton das Kreuzband im rechten Knie<\/p>\n<p>Foto: WITTERS<\/p>\n<p data-21134c99=\"0-1909\">Neben Superstars wie Neymar (34\/FC Santos), Dominik Szoboszlai (25\/Liverpool) und Alphonso Davies (25\/Bayern) z\u00e4hlt Simons weltweit zu 23 Fu\u00dfballern, die beim Getr\u00e4nkehersteller als Markenbotschafter unter Vertrag stehen. Dadurch darf er auch die Trainingszentren in \u00d6sterreich und Los Angeles nutzen.<\/p>\n<p data-21134c99=\"0-1909\">Der Kontrakt ist dabei eine Hinterlassenschaft aus seiner zweiten RB-Saison. Um Leipzig dem damals begehrten Offensivmann schmackhaft zu machen, wurde neben dem Platz die Partnerschaft mit Red Bull besiegelt. Denn Simons als eine eigene Marke (6,7 Mio. Instagram-Follower!) wei\u00df die Marketingm\u00f6glichkeiten des Konzerns sehr zu sch\u00e4tzen.<\/p>\n<p>Kreuzbandriss zerst\u00f6rt WM-Traum<\/p>\n<p data-21134c99=\"0-1909\">Neben den Top-Trainingsm\u00f6glichkeiten zahlt sich die Kooperation auch finanziell aus. Nach BILD-Informationen soll Simons j\u00e4hrlich eine Summe im unteren sechsstelligen Bereich kassieren.<\/p>\n<p><img decoding=\"async\" width=\"992\" height=\"1178\" alt=\"Auch nach seinem Wechsel ist Simons weiter Markenbotschafter des Getr\u00e4nkeherstellers\" src=\"https:\/\/www.europesays.com\/de\/wp-content\/uploads\/2026\/06\/44970e9deedda3e1e6e012be388cd04b,76fe3d0f.jpeg\"   class=\"portrait\" loading=\"lazy\"\/><\/p>\n<p class=\"fig__caption__text\">Auch nach seinem Wechsel ist Simons weiter Markenbotschafter des Getr\u00e4nkeherstellers<\/p>\n<p>Foto: xavisimons\/Instagram<\/p>\n<p data-21134c99=\"0-1909\">Geld, das ihn \u00fcber den geplatzten WM-Traum kaum hinwegtr\u00f6sten d\u00fcrfte. Kurz nach seiner schweren Verletzung schrieb er auf Instagram: \u201eEhrlich gesagt, ich bin am Boden zerst\u00f6rt.\u201c<\/p>\n<p data-21134c99=\"0-1909\">Kurz zuvor hatte er <a href=\"https:\/\/www.bild.de\/sport\/fussball\/wm-aus-bei-holland-star-xavi-simons-loescht-alles-auf-instagram-69ee7b98161d963ca5f22919\" class=\"text-link\" rel=\"nofollow noopener\" target=\"_blank\">mehr als 600 Beitr\u00e4ge aus seinem Profil gel\u00f6scht<\/a> \u2013 Erinnerungen aus seiner Zeit in Eindhoven, Leipzig und Tottenham.<\/p>\n","protected":false},"excerpt":{"rendered":"TTS-Player \u00fcberspringen\u21b5Artikel weiterlesen Zur\u00fcck zum Ex? Mit einer Story auf Instagram sorgt Ex-Leipzig-Profi Xavi Simons (23) bei so&hellip;\n","protected":false},"author":2,"featured_media":1070850,"comment_status":"","ping_status":"","sticky":false,"template":"","format":"standard","meta":{"footnotes":"","_share_on_mastodon":"0"},"categories":[1832],"tags":[3364,29,538,30,71,1655,1651,859,10781,803,3460,4581,11896],"class_list":["post-1070849","post","type-post","status-publish","format-standard","has-post-thumbnail","category-leipzig","tag-de","tag-deutschland","tag-erste-bundesliga","tag-germany","tag-leipzig","tag-rb-leipzig","tag-red-bull","tag-sachsen","tag-simons-xavi","tag-spielertransfer","tag-sport-leuchtturm-leipzig","tag-sport-tag-im-ticker","tag-tottenham-hotspur"],"share_on_mastodon":{"url":"https:\/\/pubeurope.com\/@de\/116695403057191733","error":""},"_links":{"self":[{"href":"https:\/\/www.europesays.com\/de\/wp-json\/wp\/v2\/posts\/1070849","targetHints":{"allow":["GET"]}}],"collection":[{"href":"https:\/\/www.europesays.com\/de\/wp-json\/wp\/v2\/posts"}],"about":[{"href":"https:\/\/www.europesays.com\/de\/wp-json\/wp\/v2\/types\/post"}],"author":[{"embeddable":true,"href":"https:\/\/www.europesays.com\/de\/wp-json\/wp\/v2\/users\/2"}],"replies":[{"embeddable":true,"href":"https:\/\/www.europesays.com\/de\/wp-json\/wp\/v2\/comments?post=1070849"}],"version-history":[{"count":0,"href":"https:\/\/www.europesays.com\/de\/wp-json\/wp\/v2\/posts\/1070849\/revisions"}],"wp:featuredmedia":[{"embeddable":true,"href":"https:\/\/www.europesays.com\/de\/wp-json\/wp\/v2\/media\/1070850"}],"wp:attachment":[{"href":"https:\/\/www.europesays.com\/de\/wp-json\/wp\/v2\/media?parent=1070849"}],"wp:term":[{"taxonomy":"category","embeddable":true,"href":"https:\/\/www.europesays.com\/de\/wp-json\/wp\/v2\/categories?post=1070849"},{"taxonomy":"post_tag","embeddable":true,"href":"https:\/\/www.europesays.com\/de\/wp-json\/wp\/v2\/tags?post=1070849"}],"curies":[{"name":"wp","href":"https:\/\/api.w.org\/{rel}","templated":true}]}}