{"id":1071163,"date":"2026-06-05T06:47:21","date_gmt":"2026-06-05T06:47:21","guid":{"rendered":"https:\/\/www.europesays.com\/de\/1071163\/"},"modified":"2026-06-05T06:47:21","modified_gmt":"2026-06-05T06:47:21","slug":"tausende-radfahrer-bei-50-sternfahrt-des-adfc-erwartet-autofahrer-muessen-in-berlin-mit-sperrungen-rechnen","status":"publish","type":"post","link":"https:\/\/www.europesays.com\/de\/1071163\/","title":{"rendered":"Tausende Radfahrer bei 50. Sternfahrt des ADFC erwartet: Autofahrer m\u00fcssen in Berlin mit Sperrungen rechnen"},"content":{"rendered":"<p class=\"tspBQl7 tspBQl8\">Die Ersten sind l\u00e4ngst unterwegs mit ihren Fahrr\u00e4dern. Denn die allj\u00e4hrliche Sternfahrt ist zu ihrem 50. Jubil\u00e4um noch gr\u00f6\u00dfer geworden und strahlt jetzt bis nach M\u00fcnchen und Stuttgart, wo ein paar Unentwegte schon am vergangenen Wochenende gestartet sind. Weitere Zubringer starten bei Osnabr\u00fcck und Hannover, aber im Kern bleibt die vom Fahrradclub ADFC veranstaltete Sternfahrt eine Berliner Veranstaltung\u00a0\u2013 und mit mehreren zehntausend Teilnehmern eine der gr\u00f6\u00dften Demonstrationen im Jahr.<\/p>\n<p>Tagesspiegel Checkpoint: Berlins beliebtester Newsletter<\/p>\n<p><img decoding=\"async\" src=\"https:\/\/www.europesays.com\/de\/wp-content\/uploads\/2025\/04\/cp-icon.png\" alt=\"\" class=\"tspCLhn\"\/><\/p>\n<p class=\"tspCLm8\"> Der schnellste Berlin-\u00dcberblick von Montag bis Samstag.  <\/p>\n<p class=\"tspBQl7\">\u201eDie Zukunft f\u00e4hrt Rad!\u201c, lautet das Motto 2026. Da die <a href=\"https:\/\/www.tagesspiegel.de\/berlin\/bezirke\/steglitz-zehlendorf\/dauerarger-am-berliner-radweg-bald-kommen-sich-fussganger-und-radfahrer-in-die-quere-15649055.html?icid=in-text-link_15667567\" class=\"link link--internal\" data-gtm-class=\"article-text-link\" data-gtm-val=\"internal\" rel=\"nofollow noopener\" target=\"_blank\">verkehrspolitische Gegenwart<\/a> in Berlin eher Auto f\u00e4hrt und die Wetteraussichten f\u00fcr den Sonntag \u2013 Sonne, Wolken und nur einzelne Schauer bei maximal 23 Grad \u2013 gut sind, d\u00fcrfte die Resonanz besonders gro\u00df sein. Das bedeutet im Umkehrschluss massive Auswirkungen auf den Stadtverkehr.<\/p>\n<p> Wichtig zu wissen\u00a0\u2013 f\u00fcr Teilnehmer <\/p>\n<p class=\"tspBQl7\">Gefahren wird auf 20 Routen mit 68 Treffpunkten; die Zeiten sind der Grafik zu entnehmen, die <a href=\"https:\/\/umap.openstreetmap.fr\/de\/map\/adfc-sternfahrt-2026_1361906#10\/52.561117\/13.425293\" target=\"_blank\" rel=\"noopener nofollow\" class=\"link link--external\" data-gtm-class=\"article-text-link\" data-gtm-val=\"external\" aria-describedby=\"message-target-blank\">detaillierten Streckenverl\u00e4ufe<\/a> stehen online. Zehn Routen f\u00fchren von der Spanischen Allee \u00fcber die Avus in die Berliner City, acht verlaufen ab der Oberlandstra\u00dfe \u00fcber die A100. Nur die beiden Kinderrouten lassen die Autobahn aus.<\/p>\n<p><img decoding=\"async\" src=\"https:\/\/www.europesays.com\/de\/wp-content\/uploads\/2026\/06\/die-zukunft-fahrt-rad-sternfahrt-2026.png\" alt=\"Sternfahrt2026_Online.png\" aria-labelledby=\"caption-15642696\" width=\"620\" height=\"616\" loading=\"lazy\" class=\"tspAXil\"\/> Die Routen und Zeiten der Sternfahrt 2026 <\/p>\n<p class=\"tspAIgx\"> \u00a9 ADFC I Tagesspiegel\/Rita Boettcher <\/p>\n<p class=\"tspBQl7\">Das Tempo ist mit zehn bis 15 Kilometern pro Stunde auch f\u00fcr Grundschulkinder und untrainierte Erwachsene zu schaffen. Ausnahme ist die Expressroute ab Frankfurt (Oder), wo zun\u00e4chst fast Tempo 30 gefahren wird. Ab F\u00fcrstenwalde geht es gem\u00e4chlicher weiter. Die Kinderrouten sind selbst per Laufrad machbar\u00a0\u2013 und wenn es doch zu viel wird, kann man jederzeit aussteigen.<\/p>\n<p>Bei der Anreise nach Frankfurt (Oder) wird\u2019s eng<\/p>\n<p class=\"tspBQl7\">Erfahrungsgem\u00e4\u00df starten mindestens 100 Radfahrer auf der Expressroute ab Frankfurt (Oder). Dorthin f\u00e4hrt ein RE1, der z.B. in Berlin-Hauptbahnhof um 5.16 Uhr abf\u00e4hrt und um 6.35 Uhr in Frankfurt ankommt.<\/p>\n<p class=\"tspBQl7\">Nach Auskunft der Odeg ist f\u00fcr diese Fahrt ein sechsteiliger Zug vorgesehen, also nicht die neuerdings ebenfalls eingesetzte achtteilige Version. Es d\u00fcrfte also eng werden in den Fahrradabteilen.<\/p>\n<p class=\"tspBQl7\">Abgesehen vom verkehrssicheren Fahrrad empfehlen sich genug Getr\u00e4nke und Proviant, zumal man in manchen Jahren vor den Autobahnzufahrten lange warten musste. Wichtig sind auch Sonnencreme und Helm; die schiere Masse der Radfahrer mit unterschiedlichem K\u00f6nnen erh\u00f6ht die Sturzgefahr.<\/p>\n<p> Wichtig zu wissen\u00a0\u2013 f\u00fcr Autofahrer <\/p>\n<p class=\"tspBQl7\">Die Routen verlaufen auf Hauptstra\u00dfen. Polizeibeamte und Ordner des ADFC begleiten die Demo. Autofahrern bleibt nur, den Tross vorbeizulassen\u00a0\u2013 unabh\u00e4ngig von Ampelschaltungen und Gewohnheitsrechten. An den Stadtr\u00e4ndern dauert die Passage oft nur einige Minuten, aber auf der Fahrt stadteinw\u00e4rts schwillt der Zug so weit an, dass Kreuzungen eine halbe Stunde blockiert sein k\u00f6nnen. Vor den Autobahnzufahrten ist mit mehrst\u00fcndigen Sperrungen zu rechnen. Auch die Autobahnen selbst werden \u2013 inklusive Gegenrichtung \u2013 mehrere Stunden lang gesperrt. Wer kann, h\u00e4lt sich als Autofahrer von den Demo-Routen fern.<\/p>\n<p> Wichtig zu wissen\u00a0\u2013 f\u00fcr Passanten <\/p>\n<p class=\"tspBQl7\">Auch Fu\u00dfg\u00e4nger sollten Geduld haben, denn wer zu Fu\u00df zwischen in Sechserreihen rollenden Fahrr\u00e4dern eine Hauptstra\u00dfe quert, gef\u00e4hrdet sich und andere. Stattdessen lohnt es sich, tief durchzuatmen und dabei die ungewohnte Ruhe und die saubere Luft zu genie\u00dfen\u00a0\u2013 vielleicht vor einem Caf\u00e9, wo man sonst nie sitzen mag? An manchen Stellen erleichtern U-Bahnh\u00f6fe die Querung der Stra\u00dfen.<\/p>\n<p>Mehr zum Radfahren in Berlin und drumherum<a href=\"https:\/\/www.tagesspiegel.de\/sport\/305-kilometer-radtour-jenseits-der-schmerzgrenze-warum-tue-ich-mir-das-hier-an-15660999.html?icid=topic-list_15667567___\" data-gtm-class=\"article-mzt-link\" data-hydrate-fingerprint=\"09740a54944caac75fd2c0c63fd5c5df\" data-hydrate-props=\"{&amp;escapedquot;element&amp;escapedquot;:{&amp;escapedquot;type&amp;escapedquot;:&amp;escapedquot;relatedContent&amp;escapedquot;,&amp;escapedquot;fieldMap&amp;escapedquot;:{},&amp;escapedquot;relation&amp;escapedquot;:{&amp;escapedquot;fields&amp;escapedquot;:{&amp;escapedquot;isPaid&amp;escapedquot;:true},&amp;escapedquot;href&amp;escapedquot;:&amp;escapedquot;\/sport\/305-kilometer-radtour-jenseits-der-schmerzgrenze-warum-tue-ich-mir-das-hier-an-15660999.html&amp;escapedquot;,&amp;escapedquot;teaserTitle&amp;escapedquot;:{&amp;escapedquot;kicker&amp;escapedquot;:&amp;escapedquot;305 Kilometer Radtour jenseits der Schmerzgrenze&amp;escapedquot;,&amp;escapedquot;headline&amp;escapedquot;:&amp;escapedquot;\u201eWarum tue ich mir das hier an?\u201c&amp;escapedquot;},&amp;escapedquot;id&amp;escapedquot;:&amp;escapedquot;15660999&amp;escapedquot;,&amp;escapedquot;type&amp;escapedquot;:&amp;escapedquot;story&amp;escapedquot;},&amp;escapedquot;isPartOfList&amp;escapedquot;:true,&amp;escapedquot;topicListType&amp;escapedquot;:&amp;escapedquot;topic-list&amp;escapedquot;},&amp;escapedquot;showArrow&amp;escapedquot;:true}\" data-hydrate-slots=\"{&#039;default&#039;:[]}\" class=\"tspDBrr tspDArp\" rel=\"nofollow noopener\" target=\"_blank\">305 Kilometer Radtour jenseits der Schmerzgrenze \u201eWarum tue ich mir das hier an?\u201c <\/a><a href=\"https:\/\/www.tagesspiegel.de\/berlin\/erst-78-von-870-kilometern-realisiert-neue-radwege-entstehen-in-berlin-nur-noch-im-schneckentempo-15639032.html?icid=topic-list_15667567___\" data-gtm-class=\"article-mzt-link\" data-hydrate-fingerprint=\"09740a54944caac75fd2c0c63fd5c5df\" data-hydrate-props=\"{&amp;escapedquot;element&amp;escapedquot;:{&amp;escapedquot;type&amp;escapedquot;:&amp;escapedquot;relatedContent&amp;escapedquot;,&amp;escapedquot;fieldMap&amp;escapedquot;:{},&amp;escapedquot;relation&amp;escapedquot;:{&amp;escapedquot;fields&amp;escapedquot;:{&amp;escapedquot;isPaid&amp;escapedquot;:true},&amp;escapedquot;href&amp;escapedquot;:&amp;escapedquot;\/berlin\/erst-78-von-870-kilometern-realisiert-neue-radwege-entstehen-in-berlin-nur-noch-im-schneckentempo-15639032.html&amp;escapedquot;,&amp;escapedquot;teaserTitle&amp;escapedquot;:{&amp;escapedquot;kicker&amp;escapedquot;:&amp;escapedquot;Erst 78 von 870 Kilometern realisiert&amp;escapedquot;,&amp;escapedquot;headline&amp;escapedquot;:&amp;escapedquot;Neue Radwege entstehen in Berlin nur noch im Schneckentempo&amp;escapedquot;},&amp;escapedquot;id&amp;escapedquot;:&amp;escapedquot;15639032&amp;escapedquot;,&amp;escapedquot;type&amp;escapedquot;:&amp;escapedquot;story&amp;escapedquot;},&amp;escapedquot;isPartOfList&amp;escapedquot;:true,&amp;escapedquot;topicListType&amp;escapedquot;:&amp;escapedquot;topic-list&amp;escapedquot;},&amp;escapedquot;showArrow&amp;escapedquot;:true}\" data-hydrate-slots=\"{&#039;default&#039;:[]}\" class=\"tspDBrr tspDArp\" rel=\"nofollow noopener\" target=\"_blank\">Erst 78 von 870 Kilometern realisiert Neue Radwege entstehen in Berlin nur noch im Schneckentempo <\/a><a href=\"https:\/\/www.tagesspiegel.de\/berlin\/reifen-bremsen-ketten-die-haufigsten-schaden-am-rad--und-wie-man-sie-vermeidet-15558593.html?icid=topic-list_15667567___\" data-gtm-class=\"article-mzt-link\" data-hydrate-fingerprint=\"09740a54944caac75fd2c0c63fd5c5df\" data-hydrate-props=\"{&amp;escapedquot;element&amp;escapedquot;:{&amp;escapedquot;type&amp;escapedquot;:&amp;escapedquot;relatedContent&amp;escapedquot;,&amp;escapedquot;fieldMap&amp;escapedquot;:{},&amp;escapedquot;relation&amp;escapedquot;:{&amp;escapedquot;fields&amp;escapedquot;:{&amp;escapedquot;isPaid&amp;escapedquot;:true},&amp;escapedquot;href&amp;escapedquot;:&amp;escapedquot;\/berlin\/reifen-bremsen-ketten-die-haufigsten-schaden-am-rad--und-wie-man-sie-vermeidet-15558593.html&amp;escapedquot;,&amp;escapedquot;teaserTitle&amp;escapedquot;:{&amp;escapedquot;kicker&amp;escapedquot;:&amp;escapedquot;Reifen, Bremsen, Ketten&amp;escapedquot;,&amp;escapedquot;headline&amp;escapedquot;:&amp;escapedquot;Die h\u00e4ufigsten Sch\u00e4den am Rad \u2013 und wie man sie vermeidet&amp;escapedquot;},&amp;escapedquot;id&amp;escapedquot;:&amp;escapedquot;15558593&amp;escapedquot;,&amp;escapedquot;type&amp;escapedquot;:&amp;escapedquot;story&amp;escapedquot;},&amp;escapedquot;isPartOfList&amp;escapedquot;:true,&amp;escapedquot;topicListType&amp;escapedquot;:&amp;escapedquot;topic-list&amp;escapedquot;},&amp;escapedquot;showArrow&amp;escapedquot;:true}\" data-hydrate-slots=\"{&#039;default&#039;:[]}\" class=\"tspDBrr tspDArp\" rel=\"nofollow noopener\" target=\"_blank\">Reifen, Bremsen, Ketten Die h\u00e4ufigsten Sch\u00e4den am Rad \u2013 und wie man sie vermeidet <\/a> Was ist eigentlich das Ziel der Sternfahrt? <\/p>\n<p class=\"tspBQl7\">Politisch: Eine Verkehrspolitik, die auch Radfahrern sichere Wege schafft. Und praktisch: Das <a href=\"https:\/\/www.umweltfestival.de\/\" target=\"_blank\" rel=\"noopener nofollow\" class=\"link link--external\" data-gtm-class=\"article-text-link\" data-gtm-val=\"external\" aria-describedby=\"message-target-blank\">Umweltfestival<\/a> zwischen Gro\u00dfer Stern und Brandenburger Tor, auf dem sich Unternehmen und Vereine pr\u00e4sentieren, die im weitesten Sinne \u00d6ko-Themen beackern und umweltfreundliche Produkte anbieten. Auch Berliner Landesbetriebe sind dabei; Ausstellerverzeichnis und Programm (11-18 Uhr) stehen online.<\/p>\n<p class=\"tspBQl7\">Das Kommunikationsmuseum in der Leipziger Stra\u00dfe l\u00e4dt am Sonntag (13-17 Uhr) zur offenen Fahrradwerkstatt mit vielen Aktionen rund ums Rad und freiem Eintritt f\u00fcr radelnde Besucher.<\/p>\n","protected":false},"excerpt":{"rendered":"Die Ersten sind l\u00e4ngst unterwegs mit ihren Fahrr\u00e4dern. Denn die allj\u00e4hrliche Sternfahrt ist zu ihrem 50. Jubil\u00e4um noch&hellip;\n","protected":false},"author":2,"featured_media":1071164,"comment_status":"","ping_status":"","sticky":false,"template":"","format":"standard","meta":{"footnotes":"","_share_on_mastodon":"0"},"categories":[1825],"tags":[599,296,29,1923,94201,30,216403,225220],"class_list":["post-1071163","post","type-post","status-publish","format-standard","has-post-thumbnail","category-berlin","tag-a100","tag-berlin","tag-deutschland","tag-fahrrad-und-verkehr","tag-fahrrad-und-verkehr-in-berlin","tag-germany","tag-urbane-zukunft","tag-verkehr-berlin"],"share_on_mastodon":{"url":"https:\/\/pubeurope.com\/@de\/116696165131002090","error":""},"_links":{"self":[{"href":"https:\/\/www.europesays.com\/de\/wp-json\/wp\/v2\/posts\/1071163","targetHints":{"allow":["GET"]}}],"collection":[{"href":"https:\/\/www.europesays.com\/de\/wp-json\/wp\/v2\/posts"}],"about":[{"href":"https:\/\/www.europesays.com\/de\/wp-json\/wp\/v2\/types\/post"}],"author":[{"embeddable":true,"href":"https:\/\/www.europesays.com\/de\/wp-json\/wp\/v2\/users\/2"}],"replies":[{"embeddable":true,"href":"https:\/\/www.europesays.com\/de\/wp-json\/wp\/v2\/comments?post=1071163"}],"version-history":[{"count":0,"href":"https:\/\/www.europesays.com\/de\/wp-json\/wp\/v2\/posts\/1071163\/revisions"}],"wp:featuredmedia":[{"embeddable":true,"href":"https:\/\/www.europesays.com\/de\/wp-json\/wp\/v2\/media\/1071164"}],"wp:attachment":[{"href":"https:\/\/www.europesays.com\/de\/wp-json\/wp\/v2\/media?parent=1071163"}],"wp:term":[{"taxonomy":"category","embeddable":true,"href":"https:\/\/www.europesays.com\/de\/wp-json\/wp\/v2\/categories?post=1071163"},{"taxonomy":"post_tag","embeddable":true,"href":"https:\/\/www.europesays.com\/de\/wp-json\/wp\/v2\/tags?post=1071163"}],"curies":[{"name":"wp","href":"https:\/\/api.w.org\/{rel}","templated":true}]}}