{"id":1071165,"date":"2026-06-05T06:48:18","date_gmt":"2026-06-05T06:48:18","guid":{"rendered":"https:\/\/www.europesays.com\/de\/1071165\/"},"modified":"2026-06-05T06:48:18","modified_gmt":"2026-06-05T06:48:18","slug":"kommunalpolitik-oesterreich-bei-jungbuergermeisterkonferenz-in-berlin-vertreten","status":"publish","type":"post","link":"https:\/\/www.europesays.com\/de\/1071165\/","title":{"rendered":"Kommunalpolitik &#8211; \u00d6sterreich bei Jungb\u00fcrgermeisterkonferenz in Berlin vertreten"},"content":{"rendered":"<p>        <img decoding=\"async\" src=\"https:\/\/www.europesays.com\/de\/wp-content\/uploads\/2026\/06\/img-bKMjc0yEC2JmMl5s.jpeg\" data-fullscreen-src=\"https:\/\/www.noen.at\/image\/3840x0-jpg\/6440667\/img-bKMjc0yEC2JmMl5s.jpeg\" bad-src=\"https:\/\/www.europesays.com\/de\/wp-content\/uploads\/2026\/06\/img-bKMjc0yEC2JmMl5s.jpeg\" data-teaser-member=\"image\" alt=\"wrn24dd-Jungb\u00fcrgermeistertreffen Berlin W\u00f6llersdorf\"\/><\/p>\n<p>\n                B\u00fcrgermeister Florian Pfaffelmaier (zweite Person von links) und B\u00fcrgermeister Karl Stranz (zweite Person von rechts) mit weiteren B\u00fcrgermeistern und B\u00fcrgermeisterin.            <\/p>\n<p>\n                Foto:<br \/>\n                NJB \/ Liesa Johannssen-Koppitz                            <\/p>\n<p>\n        <strong>F<\/strong>lorian Pfaffelmaier nahm bei der Jungb\u00fcrgermeisterkonferenz in Berlin teil, wo Austausch und Vernetzungsarbeit im Focus standen.      <\/p>\n<p>Vergangene Woche fand in Berlin die Jungb\u00fcrgermeisterkonferenz statt, bei der junge B\u00fcrgermeisterinnen und B\u00fcrgermeister aus dem deutschsprachigen Raum zusammenkamen, um sich \u00fcber aktuelle Herausforderungen und innovative Ans\u00e4tze in der Kommunalpolitik auszutauschen. Mit dabei war auch eine \u00f6sterreichische Delegation \u2013 darunter aus dem Industrieviertel B\u00fcrgermeister Florian Pfaffelmaier aus W\u00f6llersdorf-Steinabr\u00fcckl (Bezirk Wiener Neustadt) und der B\u00fcrgermeister Karl Stranz aus Prigglitz (Bezirk Neunkirchen).<\/p>\n","protected":false},"excerpt":{"rendered":"B\u00fcrgermeister Florian Pfaffelmaier (zweite Person von links) und B\u00fcrgermeister Karl Stranz (zweite Person von rechts) mit weiteren B\u00fcrgermeistern&hellip;\n","protected":false},"author":2,"featured_media":1071166,"comment_status":"","ping_status":"","sticky":false,"template":"","format":"standard","meta":{"footnotes":"","_share_on_mastodon":"0"},"categories":[1825],"tags":[228125,296,29,228123,30,228124,228121,33069,228122],"class_list":["post-1071165","post","type-post","status-publish","format-standard","has-post-thumbnail","category-berlin","tag-autausch","tag-berlin","tag-deutschland","tag-florian-pfaffelmaier","tag-germany","tag-jungbuergermeisterkonferenz","tag-karl-stranz","tag-vernetzung","tag-woellersdorf-steinabrueckl"],"share_on_mastodon":{"url":"https:\/\/pubeurope.com\/@de\/116696167762273437","error":""},"_links":{"self":[{"href":"https:\/\/www.europesays.com\/de\/wp-json\/wp\/v2\/posts\/1071165","targetHints":{"allow":["GET"]}}],"collection":[{"href":"https:\/\/www.europesays.com\/de\/wp-json\/wp\/v2\/posts"}],"about":[{"href":"https:\/\/www.europesays.com\/de\/wp-json\/wp\/v2\/types\/post"}],"author":[{"embeddable":true,"href":"https:\/\/www.europesays.com\/de\/wp-json\/wp\/v2\/users\/2"}],"replies":[{"embeddable":true,"href":"https:\/\/www.europesays.com\/de\/wp-json\/wp\/v2\/comments?post=1071165"}],"version-history":[{"count":0,"href":"https:\/\/www.europesays.com\/de\/wp-json\/wp\/v2\/posts\/1071165\/revisions"}],"wp:featuredmedia":[{"embeddable":true,"href":"https:\/\/www.europesays.com\/de\/wp-json\/wp\/v2\/media\/1071166"}],"wp:attachment":[{"href":"https:\/\/www.europesays.com\/de\/wp-json\/wp\/v2\/media?parent=1071165"}],"wp:term":[{"taxonomy":"category","embeddable":true,"href":"https:\/\/www.europesays.com\/de\/wp-json\/wp\/v2\/categories?post=1071165"},{"taxonomy":"post_tag","embeddable":true,"href":"https:\/\/www.europesays.com\/de\/wp-json\/wp\/v2\/tags?post=1071165"}],"curies":[{"name":"wp","href":"https:\/\/api.w.org\/{rel}","templated":true}]}}