{"id":1071181,"date":"2026-06-05T06:57:25","date_gmt":"2026-06-05T06:57:25","guid":{"rendered":"https:\/\/www.europesays.com\/de\/1071181\/"},"modified":"2026-06-05T06:57:25","modified_gmt":"2026-06-05T06:57:25","slug":"wm-2026-unser-wm-gegner-elfenbeinkueste-schlaegt-frankreich-sensationell-sport","status":"publish","type":"post","link":"https:\/\/www.europesays.com\/de\/1071181\/","title":{"rendered":"WM 2026: Unser WM-Gegner Elfenbeink\u00fcste schl\u00e4gt Frankreich sensationell | Sport"},"content":{"rendered":"<p><a class=\"skip-content skip-content--link\" href=\"#in-content-skip-link-target-v-0-0\">TTS-Player \u00fcberspringen\u21b5<\/a><a id=\"in-content-skip-link-target-v-0-0\" class=\"skip-content--target-link-hidden skip-content skip-content--target-link\" href=\"#in-content-skip-link-target-v-0-0\">Artikel weiterlesen<\/a><\/p>\n<p data-21134c99=\"0-1911\"><b>W\u00e4hrend die deutsche Nationalmannschaft am Samstag (20.45 Uhr) gegen <\/b><a href=\"https:\/\/www.bild.de\/buehne\/qiF1Skw4SuH7ca4IaBt\" rel=\"noopener nofollow\" class=\"text-link\" target=\"_blank\"><b>WM<\/b><\/a><b>-Gastgeber USA zur Generalprobe antritt, sendet ein Gruppengegner ein echtes Ausrufezeichen: Die Elfenbeink\u00fcste ist bereit f\u00fcr die WM! Im Testspiel in Nantes besiegt der Au\u00dfenseiter Titelfavorit Frankreich mit 2:1 \u2013 und dreht die Partie nach R\u00fcckstand.<\/b><\/p>\n<p data-21134c99=\"0-1911\">Zun\u00e4chst scheint alles nach einem franz\u00f6sischen Heimsieg auszusehen. In der 45. Minute tankt sich Man-City-Star Rayan Cherki an der Strafraumkante durch und schlenzt den Ball unhaltbar ins lange Eck. Keeper Yahia Fofana ist chancenlos \u2013 0:1 aus Sicht der Ivorer.<\/p>\n<p>Frankreich-Blamage gegen Elfenbeink\u00fcste<\/p>\n<p data-21134c99=\"0-1911\">Doch die Antwort l\u00e4sst nicht lange auf sich warten. Kurz nach Wiederanpfiff kombinieren sich die Westafrikaner sehenswert durch: Wahi legt f\u00fcr Nicolas P\u00e9p\u00e9 ab, der sofort Gu\u00e9la Dou\u00e9 in Szene setzt. Der Bruder von Frankreichs D\u00e9sir\u00e9 Dou\u00e9 bleibt eiskalt und schiebt zum 1:1 ins linke Eck ein (53.).<\/p>\n<p><img decoding=\"async\" width=\"992\" height=\"626\" alt=\"Seko Fofana (Elfenbeink\u00fcste) k\u00e4mpft mit Adrien Rabiot (Frankreich) um den Ball.\" src=\"https:\/\/www.europesays.com\/de\/wp-content\/uploads\/2026\/06\/21100ae91d68c3b9fcc18f99e576c6a5,8e2b8660.jpeg\"   class=\"dynamic\" loading=\"lazy\"\/><\/p>\n<p class=\"fig__caption__text\">Seko Fofana (Elfenbeink\u00fcste) k\u00e4mpft mit Adrien Rabiot (Frankreich) um den Ball<\/p>\n<p>Foto: Jeremias Gonzalez\/AP\/dpa<\/p>\n<p data-21134c99=\"0-1911\">In der Schlussphase folgt dann der n\u00e4chste Nadelstich! Wieder ist Dou\u00e9 beteiligt \u2013 diesmal als Vorlagengeber. Von der rechten Seite bringt er den Ball scharf ins Zentrum, wo Amad (84.) direkt mit rechts abzieht und zum 2:1-Endstand trifft. Frankreich geschlagen \u2013 die Sensation perfekt!<\/p>\n<p data-21134c99=\"0-1911\">Ein echter Achtungserfolg gegen einen der WM-Mitfavoriten \u2013 und eine klare Warnung an <a href=\"https:\/\/www.bild.de\/sport\/fussball\/nationalmannschaft\/home-15770882.bild.html\" class=\"text-link\" rel=\"nofollow noopener\" target=\"_blank\">Deutschland<\/a>. In Gruppe E trifft die DFB-Elf am 20. Juni (22 Uhr) auf die Elfenbeink\u00fcste. Zuvor steht am 14. Juni (19 Uhr) das Auftaktspiel gegen Cura\u00e7ao an.<\/p>\n<p>Ois Chicago!: DFB-Quartier-News &amp; die Transferliste der Bayern<a class=\"anchor video-teaser__anchor\" href=\"https:\/\/www.bild.de\/sport\/fussball\/ois-chicago-news-aus-dem-dfb-quartier-die-transferliste-der-bayern-6a214e40a9f3fb7ee247e247\" rel=\"nofollow noopener\" target=\"_blank\"><img decoding=\"async\" width=\"992\" height=\"558\" alt=\"Ois Chicago!: News aus dem DFB-Quartier &amp; die Transferliste der Bayern\" src=\"https:\/\/www.europesays.com\/de\/wp-content\/uploads\/2026\/06\/ec2260676a5c8b7280928002b014f23e,fb609158.jpeg\"   class=\"landscape teaser__image\" loading=\"lazy\"\/><\/a><\/p>\n<p>Quelle: BILD04.06.2026<\/p>\n<p data-21134c99=\"0-1911\">Hei\u00dft: Erst Pflichtaufgabe erledigen \u2013 dann wartet ein Gegner, der selbst Frankreich bezwingen kann. F\u00fcr die Elfenbeink\u00fcste war der Test in Nantes bereits die letzte Standortbestimmung vor dem Turnier. Zum WM-Auftakt geht es am 15. Juni (1 Uhr) gegen Ecuador. Frankreich wiederum hat die Generalprobe noch vor sich: Am Montag (21.10 Uhr) kann sich der Weltmeister von 2018 gegen Nordirland das angeknackste Selbstvertrauen zur\u00fcckholen.<\/p>\n","protected":false},"excerpt":{"rendered":"TTS-Player \u00fcberspringen\u21b5Artikel weiterlesen W\u00e4hrend die deutsche Nationalmannschaft am Samstag (20.45 Uhr) gegen WM-Gastgeber USA zur Generalprobe antritt, sendet&hellip;\n","protected":false},"author":2,"featured_media":1071182,"comment_status":"","ping_status":"","sticky":false,"template":"","format":"standard","meta":{"footnotes":"","_share_on_mastodon":"0"},"categories":[136],"tags":[148728,1263,1260,29,347,38029,30,19542,23613,265],"class_list":["post-1071181","post","type-post","status-publish","format-standard","has-post-thumbnail","category-sport","tag-afrika-cup","tag-aufmacher-bereich","tag-deutsche-nationalmannschaft","tag-deutschland","tag-fussball","tag-fussball-wm-2026","tag-germany","tag-kylian-mbappe","tag-paris-saint-germain","tag-sport"],"share_on_mastodon":{"url":"https:\/\/pubeurope.com\/@de\/116696204700487965","error":""},"_links":{"self":[{"href":"https:\/\/www.europesays.com\/de\/wp-json\/wp\/v2\/posts\/1071181","targetHints":{"allow":["GET"]}}],"collection":[{"href":"https:\/\/www.europesays.com\/de\/wp-json\/wp\/v2\/posts"}],"about":[{"href":"https:\/\/www.europesays.com\/de\/wp-json\/wp\/v2\/types\/post"}],"author":[{"embeddable":true,"href":"https:\/\/www.europesays.com\/de\/wp-json\/wp\/v2\/users\/2"}],"replies":[{"embeddable":true,"href":"https:\/\/www.europesays.com\/de\/wp-json\/wp\/v2\/comments?post=1071181"}],"version-history":[{"count":0,"href":"https:\/\/www.europesays.com\/de\/wp-json\/wp\/v2\/posts\/1071181\/revisions"}],"wp:featuredmedia":[{"embeddable":true,"href":"https:\/\/www.europesays.com\/de\/wp-json\/wp\/v2\/media\/1071182"}],"wp:attachment":[{"href":"https:\/\/www.europesays.com\/de\/wp-json\/wp\/v2\/media?parent=1071181"}],"wp:term":[{"taxonomy":"category","embeddable":true,"href":"https:\/\/www.europesays.com\/de\/wp-json\/wp\/v2\/categories?post=1071181"},{"taxonomy":"post_tag","embeddable":true,"href":"https:\/\/www.europesays.com\/de\/wp-json\/wp\/v2\/tags?post=1071181"}],"curies":[{"name":"wp","href":"https:\/\/api.w.org\/{rel}","templated":true}]}}