{"id":1071272,"date":"2026-06-05T07:50:26","date_gmt":"2026-06-05T07:50:26","guid":{"rendered":"https:\/\/www.europesays.com\/de\/1071272\/"},"modified":"2026-06-05T07:50:26","modified_gmt":"2026-06-05T07:50:26","slug":"15-events-im-juni-2026-in-leipzig","status":"publish","type":"post","link":"https:\/\/www.europesays.com\/de\/1071272\/","title":{"rendered":"15 Events im Juni 2026 in Leipzig"},"content":{"rendered":"<p>Festivals, Open-Air-Konzerte, M\u00e4rkte und Kulturformate pr\u00e4gen den Juni 2026 in Leipzig. Die folgende Liste zeigt zentrale Veranstaltungen im Stadtgebiet und in der Umgebung.<\/p>\n<p><strong>1. 33. Leipziger Stadtfest<\/strong><br \/>5.\u20137. Juni 2026 | Innenstadt<br \/>Mehrere B\u00fchnen stehen auf Markt, Augustusplatz, Burgplatz und Nikolaikirchhof. Erwartet werden rund 300.000 Besucher. Geplant sind Konzerte, DJ-Nacht, Familienprogramm sowie Programmpunkte der Leipziger Feuerwehr.<br \/>Mehr Infos: <a href=\"http:\/\/www.leipzigerstadtfest.de\" target=\"_blank\" rel=\"noreferrer nofollow noopener\">www.leipzigerstadtfest.de<\/a><\/p>\n<p><strong>2. Bachfest Leipzig 2026<\/strong><br \/>11.\u201321. Juni 2026 | verschiedene Orte<br \/>\u00dcber 150 Veranstaltungen widmen sich dem Werk Johann Sebastian Bachs. Spielorte sind unter anderem Thomaskirche, Gewandhaus und Nikolaikirche.<br \/>Mehr Infos: <a href=\"http:\/\/www.bachfestleipzig.de\" target=\"_blank\" rel=\"noreferrer nofollow noopener\">www.bachfestleipzig.de<\/a><\/p>\n<p><strong>3. BachStage auf dem Leipziger Markt<\/strong><br \/>12.\u201314. Juni 2026 | Marktplatz<br \/>Open-Air-Konzerte, Crossover-Formate und Gottesdienst im Rahmen des Bachfestes. Eintritt frei.<\/p>\n<p><strong>4. ClubFusion 2026<\/strong><br \/>10.\u201322. Juni 2026 | Schauspiel Leipzig, Oper Leipzig, TDJW<br \/>18 Theaterclubs zeigen rund 40 Produktionen. Generationen\u00fcbergreifende Formate pr\u00e4gen das Programm.<br \/>Mehr Infos: <a href=\"http:\/\/www.clubfusion.de\" target=\"_blank\" rel=\"noreferrer nofollow noopener\">www.clubfusion.de<\/a><\/p>\n<p><strong>5. J\u00fcdische Woche 2026<\/strong><br \/>21.\u201328. Juni 2026 | verschiedene Orte<br \/>Mehr als 130 Veranstaltungen zu j\u00fcdischer Kultur und Geschichte. Konzerte, Lesungen, Diskussionen und Begegnungsformate stehen im Programm.<\/p>\n<p><strong>6. \u00d6kofete<\/strong><br \/>14. Juni 2026 | ab 12 Uhr<br \/>Auftakt der Leipziger Umwelttage. Initiativen informieren zu Natur- und Klimaschutzthemen.<\/p>\n<p><strong>7. Leipziger Umwelttage<\/strong><br \/>15.\u201323. Juni 2026 | verschiedene Orte<br \/>\u00dcber 20 Veranstaltungen zu Umwelt- und Klimaschutz. Geplant sind Workshops, Rundg\u00e4nge, Filmvorf\u00fchrungen und Diskussionen.<\/p>\n<p><strong>8. Gesunde (und leckere) Pionierflora<\/strong><br \/>15. Juni 2026 | 14 Uhr<br \/>Rundgang der Naturheilpraxis Zwiesele im Rahmen der Umwelttage.<\/p>\n<p><strong>9. Future Science \u2013 Das Ende der Tierversuche?<\/strong><br \/>16. Juni 2026 | 17 Uhr | Kinobar Prager Fr\u00fchling<br \/>Filmvorf\u00fchrung mit anschlie\u00dfender Diskussion.<\/p>\n<p><strong>10. Fassadenbegr\u00fcnungen in der Innenstadt<\/strong><br \/>17. Juni 2026 | 17 Uhr<br \/>Rundgang des \u00d6kol\u00f6we e. V. zur Begr\u00fcnung im urbanen Raum.<\/p>\n<p><strong>11. \u201eDie Zauberfl\u00f6te\u201c<\/strong><br \/>14. Juni 2026 | 16 Uhr | Pauluskirche Gr\u00fcnau<br \/>Mehrgenerationen-Musiktheaterprojekt des \u00d6kumenischen Kinder- und Jugend-Kammerchores. Eintritt frei.<\/p>\n<p><strong>12. Sommer im Park: Zauberwaldkino<\/strong><br \/>19. Juni 2026 | 21 Uhr | Robert-Koch-Park<br \/>Kurzfilme im Parkgel\u00e4nde. Start- und Endpunkt ist das Haus Steinstra\u00dfe e. V.<\/p>\n<p><strong>13. Leipziger Abendmarkt<\/strong><br \/>25. Juni 2026 | 16\u201321 Uhr | Marktplatz<br \/>Abendmarkt vor dem Alten Rathaus mit Handel und Gastronomie.<\/p>\n<p><strong>14. Green Bites &amp; Global Rights<\/strong><br \/>23. Juni 2026 | 16:30 Uhr<br \/>Kochabend von WeltOffen e. V. zu globalen Zusammenh\u00e4ngen von Ern\u00e4hrung.<\/p>\n<p><strong>15. Gl\u00fchw\u00fcrmchen im Auwald<\/strong><br \/>23. Juni 2026 | 21:35 Uhr<br \/>Rundgang der Volkshochschule Leipzig durch den Auwald.<\/p>\n<p>\u00a0<\/p>\n","protected":false},"excerpt":{"rendered":"Festivals, Open-Air-Konzerte, M\u00e4rkte und Kulturformate pr\u00e4gen den Juni 2026 in Leipzig. Die folgende Liste zeigt zentrale Veranstaltungen im&hellip;\n","protected":false},"author":2,"featured_media":1071273,"comment_status":"","ping_status":"","sticky":false,"template":"","format":"standard","meta":{"footnotes":"","_share_on_mastodon":"0"},"categories":[1832],"tags":[26359,242,22465,3364,29,17445,30,44412,71,23596,859,2715],"class_list":["post-1071272","post","type-post","status-publish","format-standard","has-post-thumbnail","category-leipzig","tag-stadtfest","tag-242","tag-bachfest","tag-de","tag-deutschland","tag-fest","tag-germany","tag-juni","tag-leipzig","tag-open-air","tag-sachsen","tag-sommer"],"share_on_mastodon":{"url":"https:\/\/pubeurope.com\/@de\/116696411572369192","error":""},"_links":{"self":[{"href":"https:\/\/www.europesays.com\/de\/wp-json\/wp\/v2\/posts\/1071272","targetHints":{"allow":["GET"]}}],"collection":[{"href":"https:\/\/www.europesays.com\/de\/wp-json\/wp\/v2\/posts"}],"about":[{"href":"https:\/\/www.europesays.com\/de\/wp-json\/wp\/v2\/types\/post"}],"author":[{"embeddable":true,"href":"https:\/\/www.europesays.com\/de\/wp-json\/wp\/v2\/users\/2"}],"replies":[{"embeddable":true,"href":"https:\/\/www.europesays.com\/de\/wp-json\/wp\/v2\/comments?post=1071272"}],"version-history":[{"count":0,"href":"https:\/\/www.europesays.com\/de\/wp-json\/wp\/v2\/posts\/1071272\/revisions"}],"wp:featuredmedia":[{"embeddable":true,"href":"https:\/\/www.europesays.com\/de\/wp-json\/wp\/v2\/media\/1071273"}],"wp:attachment":[{"href":"https:\/\/www.europesays.com\/de\/wp-json\/wp\/v2\/media?parent=1071272"}],"wp:term":[{"taxonomy":"category","embeddable":true,"href":"https:\/\/www.europesays.com\/de\/wp-json\/wp\/v2\/categories?post=1071272"},{"taxonomy":"post_tag","embeddable":true,"href":"https:\/\/www.europesays.com\/de\/wp-json\/wp\/v2\/tags?post=1071272"}],"curies":[{"name":"wp","href":"https:\/\/api.w.org\/{rel}","templated":true}]}}