{"id":1071277,"date":"2026-06-05T07:53:15","date_gmt":"2026-06-05T07:53:15","guid":{"rendered":"https:\/\/www.europesays.com\/de\/1071277\/"},"modified":"2026-06-05T07:53:15","modified_gmt":"2026-06-05T07:53:15","slug":"lesung-steffen-kopetzky-stellt-die-harzreise-im-heine-haus-vor","status":"publish","type":"post","link":"https:\/\/www.europesays.com\/de\/1071277\/","title":{"rendered":"Lesung: Steffen Kopetzky stellt die &#8222;Harzreise&#8220; im Heine Haus vor"},"content":{"rendered":"<p class=\"text_ohne_einzug richtext text-em-55 !leading-serif mx-6 desktop:mx-0\">Eins der sch\u00f6nsten und lustigsten B\u00fccher der deutschen Literaturgeschichte ist Heines \u201eHarzreise\u201c. 1926 wanderte er von G\u00f6ttingen bis auf den Brocken, und um den Sound des Textes kurz mal anklingen zu lassen, sei nur ein ber\u00fchmter Satz zitiert \u2013 Heine w\u00fcrdigt darin G\u00f6ttingen: \u201eDie Stadt selbst ist sch\u00f6n und gef\u00e4llt einem am besten, wenn man sie mit dem R\u00fccken ansieht.\u201c<\/p>\n<p class=\"richtext text-em-55 !leading-serif mx-6 desktop:mx-0\">Der Schriftsteller Steffen Kopetzky hat sich zum Jubil\u00e4um auf dieselbe Wanderung begeben, 200 Jahre danach. Kopetzky stellt \u201eDie Harzreise. Eine Deutschlanderkundung\u201c (Rowohlt, 240 S., 23 Euro) am 11. Juni in D\u00fcsseldorf im &#8211; na, klar &#8211; Heine Haus vor. Und das ist ein ziemlich liebenswertes Buch geworden. Auch Kopetzky inszeniert sich durch Sound. Er benutzt auffallend viele altmodische Wendungen und Begriffe wie \u201esich g\u00fctlich tun\u201c und an etwas \u201elaben\u201c. Und das passt gut zu diesem geplagten Ich-Erz\u00e4hler mit Fischerhut und kurzer Hose. Stichworte: linkes Bein, rechtes Bein, H\u00fcfte, Ischias, Ibu 800.<\/p>\n<p class=\"richtext text-em-55 !leading-serif mx-6 desktop:mx-0\">Kopetzky freut sich \u00fcber jede Drogerie, denn dort gibt es immer ein eigenes Regal f\u00fcr Fu\u00dfpflegeprodukte. Und Wein. Einmal winkt er einer unbekannten Frau zur\u00fcck, weil die ihn so nett und aufgeregt gr\u00fc\u00dft. Kurz danach stellt sich heraus, dass sie ihn vor dem pl\u00f6tzlich einsetzenden Unwetter warnen wollte.<\/p>\n<p class=\"richtext text-em-55 !leading-serif mx-6 desktop:mx-0\">Die sch\u00f6nsten Stellen sind aber jene, in denen der Ich-Erz\u00e4hler das Deutschland der Gegenwart beschreibt. Er begegnet seinen Landsleuten in \u201eAlkohollokalen\u201c wie dem \u201eGotenschieter\u201c und im Hotel \u201eDeutsche Eiche\u201c, das mit einem Schild und folgender Aufschrift wirbt: \u201eGepflegtes Pils. Kegelbahn\u201c.<\/p>\n<p class=\"richtext text-em-55 !leading-serif mx-6 desktop:mx-0\">Arno Schmidt wird zitiert, die \u201eKleine Hexe\u201c von Otfried Preu\u00dfler fliegt auf ihrem Besen durch die Gedanken des Wanderers. Au\u00dferdem kommen Ernst J\u00fcnger und Bibi Blocksberg vor. In Osterode ist es nicht so sch\u00f6n, Leerst\u00e4nde und Verfall, besser wird es in Sachsen-Anhalt.<\/p>\n<p class=\"richtext text-em-55 !leading-serif mx-6 desktop:mx-0\">Kopetzky flicht wie nebenbei kleine Reportagen ein, etwa \u00fcber ein Treffen von AFD-Anh\u00e4ngern. Er schreibt alles mit, daf\u00fcr hat er ja sein Notizbuch dabei. Und manchmal ist er versucht, einfach ein Taxi zu nehmen.<\/p>\n<p class=\"richtext text-em-55 !leading-serif mx-6 desktop:mx-0\">Das ist ein menschenfreundliches Buch, k\u00f6rperwarm und zugewandt. Der Blick weitet sich schlie\u00dflich Richtung Europa, der Kopf wird frei f\u00fcr den Gedanken an die Zukunft. Und der letzte Satz sagt viel aus \u00fcber diesen Bericht und seinen Autor. Als eine Zikade mit m\u00e4chtigem Bariton zu zirpen beginnt, denkt unser Reisef\u00fchrer: \u201eWie sch\u00f6n, dass ich dich also auch noch getroffen habe.\u201c<\/p>\n<p class=\"italic richtext text-em-55 !leading-serif mx-6 desktop:mx-0\"><strong class=\"font-bold dark:text-white-solid\">Info <\/strong>Steffen Kopetzky liest am 11. Juni um 19.30 Uhr im Heine Haus, Bolker Stra\u00dfe, aus seinem Buch \u201eDie Harzreise\u201c.<\/p>\n","protected":false},"excerpt":{"rendered":"Eins der sch\u00f6nsten und lustigsten B\u00fccher der deutschen Literaturgeschichte ist Heines \u201eHarzreise\u201c. 1926 wanderte er von G\u00f6ttingen bis&hellip;\n","protected":false},"author":2,"featured_media":1071278,"comment_status":"","ping_status":"","sticky":false,"template":"","format":"standard","meta":{"footnotes":"","_share_on_mastodon":"0"},"categories":[1831],"tags":[1797,1785,3364,29,3405,30,25890,228150,27247,1209,162410,32028,4396,92349,5560,228149,21091],"class_list":["post-1071277","post","type-post","status-publish","format-standard","has-post-thumbnail","category-duesseldorf","tag-buch","tag-buecher","tag-de","tag-deutschland","tag-duesseldorf","tag-germany","tag-goettingen","tag-harzreise","tag-heine","tag-nordrhein-westfalen","tag-notizbuch","tag-satz","tag-schoen","tag-schoensten","tag-sound","tag-steffen-kopetzky","tag-zitiert"],"share_on_mastodon":{"url":"","error":""},"_links":{"self":[{"href":"https:\/\/www.europesays.com\/de\/wp-json\/wp\/v2\/posts\/1071277","targetHints":{"allow":["GET"]}}],"collection":[{"href":"https:\/\/www.europesays.com\/de\/wp-json\/wp\/v2\/posts"}],"about":[{"href":"https:\/\/www.europesays.com\/de\/wp-json\/wp\/v2\/types\/post"}],"author":[{"embeddable":true,"href":"https:\/\/www.europesays.com\/de\/wp-json\/wp\/v2\/users\/2"}],"replies":[{"embeddable":true,"href":"https:\/\/www.europesays.com\/de\/wp-json\/wp\/v2\/comments?post=1071277"}],"version-history":[{"count":0,"href":"https:\/\/www.europesays.com\/de\/wp-json\/wp\/v2\/posts\/1071277\/revisions"}],"wp:featuredmedia":[{"embeddable":true,"href":"https:\/\/www.europesays.com\/de\/wp-json\/wp\/v2\/media\/1071278"}],"wp:attachment":[{"href":"https:\/\/www.europesays.com\/de\/wp-json\/wp\/v2\/media?parent=1071277"}],"wp:term":[{"taxonomy":"category","embeddable":true,"href":"https:\/\/www.europesays.com\/de\/wp-json\/wp\/v2\/categories?post=1071277"},{"taxonomy":"post_tag","embeddable":true,"href":"https:\/\/www.europesays.com\/de\/wp-json\/wp\/v2\/tags?post=1071277"}],"curies":[{"name":"wp","href":"https:\/\/api.w.org\/{rel}","templated":true}]}}