{"id":1071300,"date":"2026-06-05T08:05:20","date_gmt":"2026-06-05T08:05:20","guid":{"rendered":"https:\/\/www.europesays.com\/de\/1071300\/"},"modified":"2026-06-05T08:05:20","modified_gmt":"2026-06-05T08:05:20","slug":"demonstrationen-1-mai-in-berlin-parks-nach-technopartys-stark-beschaedigt","status":"publish","type":"post","link":"https:\/\/www.europesays.com\/de\/1071300\/","title":{"rendered":"Demonstrationen: 1. Mai in Berlin: Parks nach Technopartys stark besch\u00e4digt"},"content":{"rendered":"<p class=\"paragraph article__item\">Die linken <a class=\"rtr-entity\" href=\"https:\/\/www.zeit.de\/thema\/demonstration\" rel=\"nofollow noopener\" target=\"_blank\">Demonstrationen<\/a> am 1. Mai, die zum Teil als Technopartys in einigen Parks stattfanden, haben starke Zerst\u00f6rungen hinterlassen. Betroffen waren vor allem die Hasenheide in Neuk\u00f6lln, der G\u00f6rlitzer Park in Kreuzberg und der Treptower Park, wie aus der Antwort des Senats auf eine Anfrage der Gr\u00fcnen hervorgeht.\u00a0\n<\/p>\n<p>Aktuelles<\/p>\n<p>                <a href=\"https:\/\/www.zeit.de\/gesellschaft\/2026-06\/goerlitzer-park-schliessung-berlin-klage\" data-ct-label=\"Berlin-Kreuzberg: G\u00f6rlitzer Park in Berlin muss nachts vorerst wieder \u00f6ffnen\" data-uuid=\"e1ef41af-60f0-4ff4-af82-865ca79bf7c3\" rel=\"nofollow noopener\" target=\"_blank\"><\/p>\n<p>                        Berlin-Kreuzberg:<br \/>\n                        G\u00f6rlitzer Park in Berlin muss nachts vorerst wieder \u00f6ffnen<\/p>\n<p>                <\/a><\/p>\n<p>                <a href=\"https:\/\/www.zeit.de\/gesellschaft\/zeitgeschehen\/2026-05\/goerlitz-eingestuerztes-haus-truemmer-vermisste-rettungsteam-thw-feuerwehr-polizei-gxe\" data-ct-label=\"Eingest\u00fcrztes Haus in G\u00f6rlitz: Helfer von Feuerwehr und THW nehmen Suche nach Vermissten wieder auf\" data-uuid=\"9dad2b11-09ef-4c52-b3ac-27ba8c0b9a6e\" rel=\"nofollow noopener\" target=\"_blank\"><\/p>\n<p>                        Eingest\u00fcrztes Haus in G\u00f6rlitz:<br \/>\n                        Helfer von Feuerwehr und THW nehmen Suche nach Vermissten wieder auf<\/p>\n<p>                <\/a><\/p>\n<p>                <a href=\"https:\/\/www.zeit.de\/gesellschaft\/zeitgeschehen\/2026-05\/goerlitz-einsturz-vermisste-suche-bergung-gxe\" data-ct-label=\"G\u00f6rlitz: Polizei rechnet nicht mit weiteren Versch\u00fctteten in G\u00f6rlitz\" data-uuid=\"0f614f08-6fdb-4456-aa9a-2ffa216a80eb\" rel=\"nofollow noopener\" target=\"_blank\"><\/p>\n<p>                        G\u00f6rlitz:<br \/>\n                        Polizei rechnet nicht mit weiteren Versch\u00fctteten in G\u00f6rlitz<\/p>\n<p>                <\/a><\/p>\n<p class=\"paragraph article__item\">Im Volkspark Hasenheide habe ein als politische Demonstration angemeldeter Rave stattgefunden, hie\u00df es. Die betroffene Wiesensenke, die 2025 neu angelegt worden sei, sei stark zertreten und gesch\u00e4digt und voller M\u00fcllreste. Zur Wiederherstellung rechne das Bezirksamt <a class=\"rtr-entity\" href=\"https:\/\/www.zeit.de\/thema\/neukoelln\" rel=\"nofollow noopener\" target=\"_blank\">Neuk\u00f6lln<\/a> mit Kosten in H\u00f6he von etwa 35.000 Euro. \u00abDiese Mittel stehen im Bezirkshaushalt nicht zur Verf\u00fcgung.\u00bb\n<\/p>\n<p class=\"paragraph article__item\">Zum G\u00f6rlitzer Park wurde festgestellt: \u00abDas Wildurinieren f\u00fchrte dar\u00fcber hinaus zu Sch\u00e4den an der Natur, die nicht abschlie\u00dfend zu beziffern sind.\u00bb Die Sch\u00e4den im Schlesischen Busch und Treptower Park seien teilweise betr\u00e4chtlich. Durch die erhebliche \u00dcbernutzung der Fl\u00e4chen seien Rasenfl\u00e4chen zerst\u00f6rt und Str\u00e4ucher abgebrochen worden. Ein Baum sei dauerhaft besch\u00e4digt worden.\u00a0\n<\/p>\n<p class=\"paragraph article__item\">Dazu komme starke Verm\u00fcllung sowie wildes Urinieren. \u00abDies belastet die Vegetation und wird insbesondere in Verbindung mit trockenem Wetter weitere zus\u00e4tzliche Sch\u00e4den verursachen.\u00bb Au\u00dferdem wurden eine Baustelle und Abgrenzungen durch Poller und Ketten teilweise zerst\u00f6rt.\n<\/p>\n<p class=\"paragraph article__item\">\u00a9 dpa-infocom, dpa:260605-930-176606\/1<\/p>\n","protected":false},"excerpt":{"rendered":"Die linken Demonstrationen am 1. Mai, die zum Teil als Technopartys in einigen Parks stattfanden, haben starke Zerst\u00f6rungen&hellip;\n","protected":false},"author":2,"featured_media":1071301,"comment_status":"","ping_status":"","sticky":false,"template":"","format":"standard","meta":{"footnotes":"","_share_on_mastodon":"0"},"categories":[1825],"tags":[1941,1939,296,1937,507,710,29,30,1924,7568,1940,526,15,1938,130934,11482],"class_list":["post-1071300","post","type-post","status-publish","format-standard","has-post-thumbnail","category-berlin","tag-aktuelle-nachrichten-aus-berlin","tag-aktuelle-news-aus-berlin","tag-berlin","tag-berlin-news","tag-demonstration","tag-demonstrationen","tag-deutschland","tag-germany","tag-goerlitzer-park","tag-kreuzberg","tag-nachrichten-aus-berlin","tag-neukoelln","tag-news","tag-news-aus-berlin","tag-technoparty","tag-treptower-park"],"share_on_mastodon":{"url":"https:\/\/pubeurope.com\/@de\/116696470733333557","error":""},"_links":{"self":[{"href":"https:\/\/www.europesays.com\/de\/wp-json\/wp\/v2\/posts\/1071300","targetHints":{"allow":["GET"]}}],"collection":[{"href":"https:\/\/www.europesays.com\/de\/wp-json\/wp\/v2\/posts"}],"about":[{"href":"https:\/\/www.europesays.com\/de\/wp-json\/wp\/v2\/types\/post"}],"author":[{"embeddable":true,"href":"https:\/\/www.europesays.com\/de\/wp-json\/wp\/v2\/users\/2"}],"replies":[{"embeddable":true,"href":"https:\/\/www.europesays.com\/de\/wp-json\/wp\/v2\/comments?post=1071300"}],"version-history":[{"count":0,"href":"https:\/\/www.europesays.com\/de\/wp-json\/wp\/v2\/posts\/1071300\/revisions"}],"wp:featuredmedia":[{"embeddable":true,"href":"https:\/\/www.europesays.com\/de\/wp-json\/wp\/v2\/media\/1071301"}],"wp:attachment":[{"href":"https:\/\/www.europesays.com\/de\/wp-json\/wp\/v2\/media?parent=1071300"}],"wp:term":[{"taxonomy":"category","embeddable":true,"href":"https:\/\/www.europesays.com\/de\/wp-json\/wp\/v2\/categories?post=1071300"},{"taxonomy":"post_tag","embeddable":true,"href":"https:\/\/www.europesays.com\/de\/wp-json\/wp\/v2\/tags?post=1071300"}],"curies":[{"name":"wp","href":"https:\/\/api.w.org\/{rel}","templated":true}]}}