{"id":1071320,"date":"2026-06-05T08:18:13","date_gmt":"2026-06-05T08:18:13","guid":{"rendered":"https:\/\/www.europesays.com\/de\/1071320\/"},"modified":"2026-06-05T08:18:13","modified_gmt":"2026-06-05T08:18:13","slug":"protest-ist-blau-die-politische-seite-des-erlanger-comic-salons","status":"publish","type":"post","link":"https:\/\/www.europesays.com\/de\/1071320\/","title":{"rendered":"Protest ist blau: Die politische Seite des Erlanger Comic-Salons"},"content":{"rendered":"<p>Wenn der Nebensitzer im Klassenzimmer pl\u00f6tzlich wegbleibt<\/p>\n<p>Zahllose Zeichnerinnen und Zeichner beteiligen sich an der Aktion, deren einzige Vorgabe es ist, die Comics in eisblau zu verfassen. &#8222;Auf Instagram oder anderen Kan\u00e4len werden in den USA sehr viele Comics ver\u00f6ffentlicht&#8220;, sagt Lars von T\u00f6rne. &#8222;Einige dieser Posts haben eine Million Klicks bekommen.&#8220; Er steht bald vor der schwierigen Wahl, welche davon er f\u00fcr den Comic-Salon ausw\u00e4hlen soll. <\/p>\n<p>&#8222;Wir haben uns f\u00fcr 30 Comics von 20 K\u00fcnstlerinnen und K\u00fcnstlern entschieden. Es geht zum einen darum, wie es den Menschen vor Ort geht, die von den Polizeiaktionen betroffen sind.&#8220; In einem anderen Kapitel zeigt die Ausstellung die Gegenwehr der Menschen in Minneapolis. Dazu kommen Comics, die sich mit den Hintergr\u00fcnden besch\u00e4ftigen. &#8222;Jeder Comic ist in einem anderen Stil verfasst. Es sind Profi-Zeichner dabei, aber auch eine 13-j\u00e4hrige Sch\u00fclerin.&#8220; Die Jugendliche hat im Comic verarbeitet, dass Mitsch\u00fclerinnen und -sch\u00fcler pl\u00f6tzlich nicht mehr im Klassenzimmer sind, weil sie abgeschoben wurden. <\/p>\n<p>Comics \u2013 ein etabliertes literarisches Genre<\/p>\n<p>Der 22. Internationale Comic-Salon Erlangen ist ein vier Tage dauerndes Festival mit 30 Locations, die sich bis zum 7. Juni \u00fcber das Erlanger Zentrum verteilen. Darunter eine gewaltige Comic- und Manga-Messe, Signierstunden, Workshops und Lesungen. Vor allem ist es aber auch ein Treffen einer Szene, die in Deutschland w\u00e4chst. Der Comic steht l\u00e4ngst nicht mehr in der Schmuddelecke, sondern ist ein Genre, das viel mehr kann als nur zu unterhalten \u2013 zum Beispiel mit eindr\u00fccklichen Bildern wirkungsvoll protestieren. <\/p>\n","protected":false},"excerpt":{"rendered":"Wenn der Nebensitzer im Klassenzimmer pl\u00f6tzlich wegbleibt Zahllose Zeichnerinnen und Zeichner beteiligen sich an der Aktion, deren einzige&hellip;\n","protected":false},"author":2,"featured_media":1071321,"comment_status":"","ping_status":"","sticky":false,"template":"","format":"standard","meta":{"footnotes":"","_share_on_mastodon":"0"},"categories":[155],"tags":[2076,228154,2395,29,106,214,4346,30,2229,67,4156,4330,215],"class_list":["post-1071320","post","type-post","status-publish","format-standard","has-post-thumbnail","category-unterhaltung","tag-ausstellung","tag-comic-salon","tag-comics","tag-deutschland","tag-donald-trump","tag-entertainment","tag-erlangen","tag-germany","tag-ice","tag-manga","tag-mittelfranken","tag-protest","tag-unterhaltung"],"share_on_mastodon":{"url":"https:\/\/pubeurope.com\/@de\/116696521630739421","error":""},"_links":{"self":[{"href":"https:\/\/www.europesays.com\/de\/wp-json\/wp\/v2\/posts\/1071320","targetHints":{"allow":["GET"]}}],"collection":[{"href":"https:\/\/www.europesays.com\/de\/wp-json\/wp\/v2\/posts"}],"about":[{"href":"https:\/\/www.europesays.com\/de\/wp-json\/wp\/v2\/types\/post"}],"author":[{"embeddable":true,"href":"https:\/\/www.europesays.com\/de\/wp-json\/wp\/v2\/users\/2"}],"replies":[{"embeddable":true,"href":"https:\/\/www.europesays.com\/de\/wp-json\/wp\/v2\/comments?post=1071320"}],"version-history":[{"count":0,"href":"https:\/\/www.europesays.com\/de\/wp-json\/wp\/v2\/posts\/1071320\/revisions"}],"wp:featuredmedia":[{"embeddable":true,"href":"https:\/\/www.europesays.com\/de\/wp-json\/wp\/v2\/media\/1071321"}],"wp:attachment":[{"href":"https:\/\/www.europesays.com\/de\/wp-json\/wp\/v2\/media?parent=1071320"}],"wp:term":[{"taxonomy":"category","embeddable":true,"href":"https:\/\/www.europesays.com\/de\/wp-json\/wp\/v2\/categories?post=1071320"},{"taxonomy":"post_tag","embeddable":true,"href":"https:\/\/www.europesays.com\/de\/wp-json\/wp\/v2\/tags?post=1071320"}],"curies":[{"name":"wp","href":"https:\/\/api.w.org\/{rel}","templated":true}]}}