{"id":1071569,"date":"2026-06-05T10:37:24","date_gmt":"2026-06-05T10:37:24","guid":{"rendered":"https:\/\/www.europesays.com\/de\/1071569\/"},"modified":"2026-06-05T10:37:24","modified_gmt":"2026-06-05T10:37:24","slug":"unfallserie-in-stuttgart-ost-abbiegeverbot-fuer-lastwagen-soll-gefahrenstelle-beseitigen","status":"publish","type":"post","link":"https:\/\/www.europesays.com\/de\/1071569\/","title":{"rendered":"Unfallserie in Stuttgart-Ost: Abbiegeverbot f\u00fcr Lastwagen soll Gefahrenstelle beseitigen"},"content":{"rendered":"<p>\t\t\t\t\t\t\t\t\t\t\t\t\t\t\t\t\t\t\t\t\t\t\t\t\t\t\t\t      \t\t            \t\t             \t\t\t\t   \t\t\t\t\t   <img decoding=\"async\" id=\"article-image\" fetchpriority=\"high\" alt=\"Unfallserie in Stuttgart-Ost: Abbiegeverbot f\u00fcr Lastwagen soll Gefahrenstelle beseitigen\" onclick=\"var pA=document.createElement('a');pA.setAttribute('href','https:\/\/www.stuttgarter-nachrichten.de\/gallery.unfallserie-in-stuttgart-ost-abbiegeverbot-fuer-lastwagen-soll-gefahrenstelle-beseitigen.24bfd8c0-51b2-4917-9a6c-9f6e2a683e09.html'),pA.click();\" title=\"Unfallserie in Stuttgart-Ost: Abbiegeverbot f\u00fcr Lastwagen soll Gefahrenstelle beseitigen\" src=\"https:\/\/www.europesays.com\/de\/wp-content\/uploads\/2026\/06\/media.media.07e99766-95b4-4065-bfc5-5f3006b59573.16x9_700.jpg\" data-linkto=\"https:\/\/www.stuttgarter-nachrichten.de\/gallery.unfallserie-in-stuttgart-ost-abbiegeverbot-fuer-lastwagen-soll-gefahrenstelle-beseitigen.24bfd8c0-51b2-4917-9a6c-9f6e2a683e09.html\"\/>\t\t\t\t\t\t\t\t\t\t\t\t\t\t\t\t\t\t\t\t\t\t\t\tLastwagen, die l\u00e4nger als zw\u00f6lf Meter sind, d\u00fcrfen an der Kreuzung Villastra\u00dfe\/Neckarstra\u00dfe nicht mehr rechts abbiegen.\u00a0Foto: Steegm\u00fcller (2), alf Cycling\t\t\t<\/p>\n<p>Sattelschlepper d\u00fcrfen seit Mitte Mai nicht mehr von der Villastra\u00dfe nach rechts in die Neckarstra\u00dfe abbiegen. Trotz des Verbots blieb bereits ein Lastwagen am dortigen Geb\u00e4ude stecken.<\/p>\n<p> Seit rund einem Jahr ereignen sich an einer Kreuzung im Stuttgarter Osten regelm\u00e4\u00dfig <a href=\"https:\/\/www.stuttgarter-nachrichten.de\/thema\/Unfall\" title=\"Unf\u00e4lle\" class=\"art_thema\" rel=\"nofollow noopener\" target=\"_blank\">Unf\u00e4lle<\/a> mit einem \u00e4hnlichen Hergang: Lastwagenfahrer sch\u00e4tzen beim Rechtsabbiegen aus der Villastra\u00dfe in die Neckarstra\u00dfe den Kurvenradius falsch ein, geraten auf den Gehweg und streifen das dortige Geb\u00e4ude. Mehrmals fuhren sie sich sogar fest \u2013 zuletzt blieb am Dienstag, 26. Mai, ein 54 Jahre alter Mann aus dem Augsburger Raum mit seinem Sattelschlepper stecken, das Fahrzeug musste von der <a href=\"https:\/\/www.stuttgarter-nachrichten.de\/thema\/Feuerwehr\" title=\"Feuerwehr\" class=\"art_thema\" rel=\"nofollow noopener\" target=\"_blank\">Feuerwehr<\/a> befreit werden. Der Radladen Alf Cycling, Mieter im Eckhaus, hatte sich daraufhin mit einem <a href=\"https:\/\/www.stuttgarter-nachrichten.de\/thema\/Instagram\" title=\"Instagram\" class=\"art_thema\" rel=\"nofollow noopener\" target=\"_blank\">Instagram<\/a>-Video <a href=\"https:\/\/www.stuttgarter-nachrichten.de\/inhalt.gefahrenstelle-in-stuttgart-ost-wieder-lastwagen-unfall-radladen-richtet-appell-an-ob-nopper.5b00d7fe-8cb8-4ca5-a5fe-fcb8ee9cf859.html\" target=\"_blank\" rel=\"nofollow noopener\">an Oberb\u00fcrgermeister Frank Nopper<\/a> gewandt und Ma\u00dfnahmen gefordert, bevor etwas Schlimmeres passiert.<\/p>\n<p>Beschilderung wurde eine Woche vor dem Unfall angebracht <\/p>\n<p>Wie sich nun herausstellt, gilt dort jedoch bereits seit dem 19. Mai ein Lkw-Rechtsabbiegeverbot, das der Fahrer \u00fcbersehen oder missachtet hat. Nach unserer j\u00fcngsten Berichterstattung teilte uns die Pressestelle mit, dass die Beschilderung eine Woche vor dem letzten Unfall angebracht worden ist. Zuvor lie\u00df sie eine entsprechende Anfrage mehrere Tage unbeantwortet.<\/p>\n<p>Laut Verwaltung d\u00fcrfen Lastwagen \u00fcber zw\u00f6lf Meter L\u00e4nge nicht mehr von der Villastra\u00dfe nach rechts in die Neckarstra\u00dfe abbiegen. Mit der Ma\u00dfnahme sollen \u201eschwierige Situationen, die mit langen und gro\u00dfen Fahrzeugen entstanden sind\u201c, verhindert werden. Denn sie m\u00fcssen vor dem SWR-Funkhaus nach links in die Kuhnstra\u00dfe fahren und dabei auf der Schleife zur Neckarstra\u00dfe zweimal die Gleise \u00fcberqueren. Die Linkskurve sei gr\u00f6\u00dfer und besser befahrbar, sagt Stadtsprecherin Frederike Myhsok. Um mehr Platz auf der Schleife zu schaffen, wurde auf H\u00f6he des japanischen Gartens die schraffierte Fl\u00e4che erweitert.<\/p>\n<p>  <img decoding=\"async\" loading=\"lazy\" src=\"https:\/\/www.europesays.com\/de\/wp-content\/uploads\/2026\/06\/media.media.db7a4ace-1d65-4f62-ad55-cb5a2a15b98b.original1024.media.jpeg\"\/>     Dieses Schild steht in der Villastra\u00dfe, rund 80 Meter unterhalb der Kreuzung.       <\/p>\n<p> Die neue Route<a href=\"https:\/\/www.stuttgarter-nachrichten.de\/inhalt.navigation-in-stuttgart-warum-strassensperrungen-teils-verzoegert-bei-google-maps-landen.2cdac6d2-6178-463d-aa08-e77d3fd7abca.html\" target=\"_blank\" rel=\"nofollow noopener\"> ist noch nicht in Lkw-Navigationssystemen hinterlegt, die Verkehrspolizei<\/a> will die Informationen jedoch zeitnah an das Innenministerium weitergeben und somit den Navi-Herstellern zur Verf\u00fcgung stellen. Rund 80 Meter vor der Kreuzung weist in der Villastra\u00dfe zun\u00e4chst ein rundes, blaues Schild mit wei\u00dfem Pfeil darauf hin, dass Lastwagen an der n\u00e4chsten Einm\u00fcndung nach links abbiegen m\u00fcssen. Auf halber Strecke wurde zudem ein bestehendes wei\u00dfes Schild mit einem roten Lkw-Verbotszeichen erweitert. Es wurde direkt auf dem Pfeil angebracht, der in Richtung Neckartor, St\u00f6ckach, zum Karl-Olga-Krankenhaus und zum SWR zeigt. \u201eWeitere bauliche Eingriffe sind derzeit nicht geplant\u201c, sagt Frederike Myhsok. \u201e\u00c4nderungen an der Gr\u00f6\u00dfe der Kurve w\u00fcrden sich auf den gesamten Kreuzungsbereich auswirken. Zudem ist der Gehweg dort bereits relativ schmal und w\u00fcrde durch zus\u00e4tzliche Einbauten weiter eingeschr\u00e4nkt.\u201c <\/p>\n<p>Schon bevor die Stadt <a href=\"https:\/\/www.stuttgarter-nachrichten.de\/thema\/Stuttgart\" title=\"Stuttgart\" class=\"art_thema\" rel=\"nofollow noopener\" target=\"_blank\">Stuttgart<\/a> das Verbot erlassen hatte, \u00e4u\u00dferte Fabian Armbruster, Gesch\u00e4ftsf\u00fchrer des Radladens Alf Cycling,<a href=\"https:\/\/www.stuttgarter-nachrichten.de\/inhalt.unfallserie-in-stuttgart-ost-lastwagen-rammen-hauswand-radladen-chef-fordert-massnahmen.863aab22-d761-47b2-b108-3b84f6e9cc3e.html\" target=\"_blank\" rel=\"nofollow noopener\"> Zweifel an der Ma\u00dfnahme.<\/a> Der Unfall vom 26. Mai \u2013 nur eine Woche nach Anbringung der Beschilderung \u2013 scheint seine Skepsis zu best\u00e4tigen. Er forderte stattdessen bauliche Ver\u00e4nderungen. \u201eVielleicht eine Bake oder einen Poller hinstellen? Irgendwie muss die Ecke gesch\u00fctzt werden\u201c, so der 37-J\u00e4hrige, der sich nicht nur um seine Kundschaft sorgt. \u201eAuf dem Gehweg halten sich viele Fu\u00dfg\u00e4nger auf, Kinder auf dem Schulweg. Langfristig w\u00fcrden wir uns eine st\u00e4dtebauliche Umgestaltung w\u00fcnschen. Es ist f\u00fcr uns in keiner Weise nachvollziehbar, warum diese kleine Stichstra\u00dfe zwischen Neckar- und Cannstatter Stra\u00dfe vierspurig sein muss.\u201c<\/p>\n","protected":false},"excerpt":{"rendered":"Lastwagen, die l\u00e4nger als zw\u00f6lf Meter sind, d\u00fcrfen an der Kreuzung Villastra\u00dfe\/Neckarstra\u00dfe nicht mehr rechts abbiegen.\u00a0Foto: Steegm\u00fcller (2),&hellip;\n","protected":false},"author":2,"featured_media":1071570,"comment_status":"","ping_status":"","sticky":false,"template":"","format":"standard","meta":{"footnotes":"","_share_on_mastodon":"0"},"categories":[1830],"tags":[126619,1634,101616,3364,29,985,30,128148,228196,1441,15389,1284,3793,218082],"class_list":["post-1071569","post","type-post","status-publish","format-standard","has-post-thumbnail","category-stuttgart","tag-alf","tag-baden-wuerttemberg","tag-beschilderung","tag-de","tag-deutschland","tag-feuerwehr","tag-germany","tag-neckarstrasse","tag-rechtsabbiegeverbot","tag-stuttgart","tag-stuttgart-ost","tag-unfall","tag-unfallstelle","tag-villastrasse"],"share_on_mastodon":{"url":"https:\/\/pubeurope.com\/@de\/116697069635657042","error":""},"_links":{"self":[{"href":"https:\/\/www.europesays.com\/de\/wp-json\/wp\/v2\/posts\/1071569","targetHints":{"allow":["GET"]}}],"collection":[{"href":"https:\/\/www.europesays.com\/de\/wp-json\/wp\/v2\/posts"}],"about":[{"href":"https:\/\/www.europesays.com\/de\/wp-json\/wp\/v2\/types\/post"}],"author":[{"embeddable":true,"href":"https:\/\/www.europesays.com\/de\/wp-json\/wp\/v2\/users\/2"}],"replies":[{"embeddable":true,"href":"https:\/\/www.europesays.com\/de\/wp-json\/wp\/v2\/comments?post=1071569"}],"version-history":[{"count":0,"href":"https:\/\/www.europesays.com\/de\/wp-json\/wp\/v2\/posts\/1071569\/revisions"}],"wp:featuredmedia":[{"embeddable":true,"href":"https:\/\/www.europesays.com\/de\/wp-json\/wp\/v2\/media\/1071570"}],"wp:attachment":[{"href":"https:\/\/www.europesays.com\/de\/wp-json\/wp\/v2\/media?parent=1071569"}],"wp:term":[{"taxonomy":"category","embeddable":true,"href":"https:\/\/www.europesays.com\/de\/wp-json\/wp\/v2\/categories?post=1071569"},{"taxonomy":"post_tag","embeddable":true,"href":"https:\/\/www.europesays.com\/de\/wp-json\/wp\/v2\/tags?post=1071569"}],"curies":[{"name":"wp","href":"https:\/\/api.w.org\/{rel}","templated":true}]}}