{"id":1071640,"date":"2026-06-05T11:16:16","date_gmt":"2026-06-05T11:16:16","guid":{"rendered":"https:\/\/www.europesays.com\/de\/1071640\/"},"modified":"2026-06-05T11:16:16","modified_gmt":"2026-06-05T11:16:16","slug":"einbruch-rheinstetten-taeter-durchwuehlen-wohnung-und-stehlen-bargeld","status":"publish","type":"post","link":"https:\/\/www.europesays.com\/de\/1071640\/","title":{"rendered":"Einbruch Rheinstetten: T\u00e4ter durchw\u00fchlen Wohnung und stehlen Bargeld"},"content":{"rendered":"<p class=\"mb-6 text-xs md:text-m lg:text-l font-serif group-[.font-sans]:font-sans \">\n    Laut Polizeibericht brachen bislang unbekannte T\u00e4ter am Donnerstag, 4. Juni 2026, in der Zeit zwischen 6.30 Uhr und 16 Uhr in ein Mehrfamilienhaus in der Schillerstra\u00dfe in Neuburgweier ein. Die T\u00e4ter gelangten offenbar unbemerkt in das Innere des Geb\u00e4udes.\n  <\/p>\n<p>            Einbruch in Neuburgweier: T\u00e4ter durchw\u00fchlen Wohnung im Obergeschoss<\/p>\n<p class=\"mb-6 text-xs md:text-m lg:text-l font-serif group-[.font-sans]:font-sans \">\n    Aus dem Inneren des Geb\u00e4udes verschafften sich die Einbrecher gewaltsam Zutritt zu einer Wohnung im 2. Obergeschoss. Dort durchw\u00fchlten sie mehrere R\u00e4ume und entwendeten Bargeld sowie diverse Bankkarten. Die genaue H\u00f6he des entstandenen Sach- und Diebstahlschadens ist noch Gegenstand der laufenden polizeilichen Ermittlungen und kann derzeit nicht beziffert werden.\n  <\/p>\n<p class=\"mb-6 text-xs md:text-m lg:text-l font-serif group-[.font-sans]:font-sans \">\n    Hinweisgeber k\u00f6nnen sich telefonisch bei der Kriminalpolizei unter <a href=\"https:\/\/www.ka-news.de\/baden-wuerttemberg\/blaulicht\/tel:07216665555\" rel=\"nofollow noopener\" target=\"_blank\" class=\"underline \">0721\/666-5555<\/a> melden.\n  <\/p>\n<p class=\"mb-6 text-xs md:text-m lg:text-l font-serif group-[.font-sans]:font-sans \">\n    Quelle: Polizei<a href=\"https:\/\/www.presseportal.de\/blaulicht\/pm\/110972\/6288616\" rel=\"nofollow noopener\" target=\"_blank\" class=\"underline \">pr\u00e4sidium Karlsruhe. Hinwei<\/a>s: Diese Meldung wurde unterst\u00fctzt von KI erstellt.\n  <\/p>\n","protected":false},"excerpt":{"rendered":"Laut Polizeibericht brachen bislang unbekannte T\u00e4ter am Donnerstag, 4. Juni 2026, in der Zeit zwischen 6.30 Uhr und&hellip;\n","protected":false},"author":2,"featured_media":1071641,"comment_status":"","ping_status":"","sticky":false,"template":"","format":"standard","meta":{"footnotes":"","_share_on_mastodon":"0"},"categories":[1844],"tags":[1634,37813,3364,29,51596,30,8903,983,1256,153946,92858,121,36116,1428],"class_list":["post-1071640","post","type-post","status-publish","format-standard","has-post-thumbnail","category-karlsruhe","tag-baden-wuerttemberg","tag-bankkarte","tag-de","tag-deutschland","tag-fronleichnam","tag-germany","tag-karlsruhe","tag-kripo","tag-kuenstliche-intelligenz","tag-neuburgweier","tag-obergeschoss","tag-polizei","tag-polizeibericht","tag-rheinstetten"],"share_on_mastodon":{"url":"https:\/\/pubeurope.com\/@de\/116697221874268995","error":""},"_links":{"self":[{"href":"https:\/\/www.europesays.com\/de\/wp-json\/wp\/v2\/posts\/1071640","targetHints":{"allow":["GET"]}}],"collection":[{"href":"https:\/\/www.europesays.com\/de\/wp-json\/wp\/v2\/posts"}],"about":[{"href":"https:\/\/www.europesays.com\/de\/wp-json\/wp\/v2\/types\/post"}],"author":[{"embeddable":true,"href":"https:\/\/www.europesays.com\/de\/wp-json\/wp\/v2\/users\/2"}],"replies":[{"embeddable":true,"href":"https:\/\/www.europesays.com\/de\/wp-json\/wp\/v2\/comments?post=1071640"}],"version-history":[{"count":0,"href":"https:\/\/www.europesays.com\/de\/wp-json\/wp\/v2\/posts\/1071640\/revisions"}],"wp:featuredmedia":[{"embeddable":true,"href":"https:\/\/www.europesays.com\/de\/wp-json\/wp\/v2\/media\/1071641"}],"wp:attachment":[{"href":"https:\/\/www.europesays.com\/de\/wp-json\/wp\/v2\/media?parent=1071640"}],"wp:term":[{"taxonomy":"category","embeddable":true,"href":"https:\/\/www.europesays.com\/de\/wp-json\/wp\/v2\/categories?post=1071640"},{"taxonomy":"post_tag","embeddable":true,"href":"https:\/\/www.europesays.com\/de\/wp-json\/wp\/v2\/tags?post=1071640"}],"curies":[{"name":"wp","href":"https:\/\/api.w.org\/{rel}","templated":true}]}}