{"id":1071661,"date":"2026-06-05T11:29:18","date_gmt":"2026-06-05T11:29:18","guid":{"rendered":"https:\/\/www.europesays.com\/de\/1071661\/"},"modified":"2026-06-05T11:29:18","modified_gmt":"2026-06-05T11:29:18","slug":"ukraine-krieg-seedrohne-explodiert-im-hafen-von-rumaenischer-stadt-am-schwarzen-meer","status":"publish","type":"post","link":"https:\/\/www.europesays.com\/de\/1071661\/","title":{"rendered":"Ukraine-Krieg: Seedrohne explodiert im Hafen von rum\u00e4nischer Stadt am Schwarzen Meer"},"content":{"rendered":"<p>Das rum\u00e4nische Verteidigungsministerium meldet eine Explosion in der rum\u00e4nischen Schwarzmeerstadt Konstanza. Zugleich wurden im Asowschen Meer zwei Frachtschiffe angegriffen, wobei nach Angaben aus Baku f\u00fcnf aserbaidschanische Seeleute ums Leben kamen.<\/p>\n<p class=\"is-first-paragraph\" data-external=\"Article.FirstParagraph\">Im Hafen der rum\u00e4nischen Schwarzmeerstadt Konstanza ist am Freitag eine Seedrohne explodiert. Durch die Detonation, die sich gegen 10.30 Uhr (Ortszeit, 9.30 MESZ) im zivilen Teil des Hafens ereignet habe, sei niemand zu Schaden gekommen, teilte das rum\u00e4nische Verteidigungsministerium mit. <\/p>\n<p>Nach der Explosion wurden an der K\u00fcste drei weitere unbemannte Boote entdeckt, berichtete das Nachrichtenportal Digi24 unter Berufung auf Insider. \u00dcber die Herkunft der Seedrohne und der weiteren Boote gibt es bislang keine Angaben.<\/p>\n<p><a class=\"is-link c-block-items__link c-link--rich-text-renderer\" href=\"https:\/\/www.welt.de\/politik\/ausland\/article6a198b8d914c87cfaf077b1d\/drohneneinschlag-in-rumaenien-putin-schaltet-sich-ein-medwedjew-droht-europaeern.html\" data-internal-tracking-enabled=\"true\" data-internal-tracking=\"{&quot;action&quot;:&quot;click&quot;,&quot;label&quot;:&quot;link&quot;,&quot;name&quot;:&quot;Inline Element&quot;,&quot;data&quot;:{&quot;source&quot;:&quot;&quot;,&quot;target&quot;:&quot;https:\/\/www.welt.de\/politik\/ausland\/article6a198b8d914c87cfaf077b1d\/drohneneinschlag-in-rumaenien-putin-schaltet-sich-ein-medwedjew-droht-europaeern.html&quot;,&quot;trackingName&quot;:&quot;&quot;,&quot;trackingLabel&quot;:&quot;&quot;}}\" rel=\"nofollow noopener\" target=\"_blank\">Erst vergangene Woche war in Rum\u00e4nien in der N\u00e4he der Grenze zur Ukraine eine Drohne eingeschlagen<\/a>. Bei dem Vorfall gab es zwei Verletzte. Rum\u00e4nischen Angaben zufolge hatte es sich bei der Drohne um ein russisches Fabrikat gehandelt. Moskau hatte die Angaben in Zweifel gezogen.<\/p>\n<p>F\u00fcnf Tote bei Drohnenangriff auf zwei Frachter<\/p>\n<p>Au\u00dferdem wurden im Asowschen Meer zwei Frachtschiffe mit Drohnen angegriffen. Dabei wurden nach Angaben der Regierung in Aserbaidschan f\u00fcnf Aserbaidschaner get\u00f6tet. Drei weitere Aserbaidschaner seien verletzt worden, erkl\u00e4rte das Au\u00dfenministerium in Baku am Freitag unter Berufung auf eine Mitteilung aus Russland. <\/p>\n<p>Laut russischen Staatsmedien machte der russische Vize-Au\u00dfenminister Michail Galusin die Ukraine f\u00fcr den Angriff verantwortlich. \u201eWir wissen sehr genau, wer Drohnen \u2013 sowohl Luft- als auch Seedrohnen \u2013 einsetzt, um friedliche zivile Schiffe in den Gew\u00e4ssern des Schwarzen Meeres und des Mittelmeers anzugreifen\u201c, sagte Galusin demnach.<\/p>\n<p>Wie das Au\u00dfenministerium in Baku weiter mitteilte, befanden sich auf den beiden Frachtschiffen insgesamt 25 aserbaidschanische Besatzungsmitglieder. Es handele sich jedoch nicht um Schiffe des aserbaidschanischen Staates. <\/p>\n<p>Der Kommandeur der Drohnenstreitkr\u00e4fte der ukrainischen Armee, Robert Browdi, erkl\u00e4rte im Onlinedienst Telegram, in der Nacht zum Freitag \u201ef\u00fcnf Schiffe getroffen zu haben, die sich illegal in den H\u00e4fen von Mariupol und Berdjansk\u201c in von Russland besetztem ukrainischem Gebiet aufgehalten h\u00e4tten. Er gab jedoch nicht an, ob es sich dabei um die Schiffe handelte, auf denen die aserbaidschanischen Staatsb\u00fcrger get\u00f6tet wurden. Russische und ukrainische Angriffe auf zivile H\u00e4fen und Schiffe nehmen seit dem vergangenen Jahr zu.<\/p>\n<p>AFP\/Reuters\/ll<\/p>\n","protected":false},"excerpt":{"rendered":"Das rum\u00e4nische Verteidigungsministerium meldet eine Explosion in der rum\u00e4nischen Schwarzmeerstadt Konstanza. Zugleich wurden im Asowschen Meer zwei Frachtschiffe&hellip;\n","protected":false},"author":2,"featured_media":1071662,"comment_status":"","ping_status":"","sticky":false,"template":"","format":"standard","meta":{"footnotes":"","_share_on_mastodon":"0"},"categories":[4012],"tags":[331,332,4542,13,14,15,110,12024,115,12,45,317],"class_list":["post-1071661","post","type-post","status-publish","format-standard","has-post-thumbnail","category-ukraine","tag-aktuelle-nachrichten","tag-aktuelle-news","tag-aserbaidschan","tag-headlines","tag-nachrichten","tag-news","tag-newsteam","tag-rumaenien","tag-russland-ukraine-krieg-24-2-2022","tag-schlagzeilen","tag-texttospeech","tag-ukraine"],"share_on_mastodon":{"url":"https:\/\/pubeurope.com\/@de\/116697272638687444","error":""},"_links":{"self":[{"href":"https:\/\/www.europesays.com\/de\/wp-json\/wp\/v2\/posts\/1071661","targetHints":{"allow":["GET"]}}],"collection":[{"href":"https:\/\/www.europesays.com\/de\/wp-json\/wp\/v2\/posts"}],"about":[{"href":"https:\/\/www.europesays.com\/de\/wp-json\/wp\/v2\/types\/post"}],"author":[{"embeddable":true,"href":"https:\/\/www.europesays.com\/de\/wp-json\/wp\/v2\/users\/2"}],"replies":[{"embeddable":true,"href":"https:\/\/www.europesays.com\/de\/wp-json\/wp\/v2\/comments?post=1071661"}],"version-history":[{"count":0,"href":"https:\/\/www.europesays.com\/de\/wp-json\/wp\/v2\/posts\/1071661\/revisions"}],"wp:featuredmedia":[{"embeddable":true,"href":"https:\/\/www.europesays.com\/de\/wp-json\/wp\/v2\/media\/1071662"}],"wp:attachment":[{"href":"https:\/\/www.europesays.com\/de\/wp-json\/wp\/v2\/media?parent=1071661"}],"wp:term":[{"taxonomy":"category","embeddable":true,"href":"https:\/\/www.europesays.com\/de\/wp-json\/wp\/v2\/categories?post=1071661"},{"taxonomy":"post_tag","embeddable":true,"href":"https:\/\/www.europesays.com\/de\/wp-json\/wp\/v2\/tags?post=1071661"}],"curies":[{"name":"wp","href":"https:\/\/api.w.org\/{rel}","templated":true}]}}