{"id":1071713,"date":"2026-06-05T11:58:15","date_gmt":"2026-06-05T11:58:15","guid":{"rendered":"https:\/\/www.europesays.com\/de\/1071713\/"},"modified":"2026-06-05T11:58:15","modified_gmt":"2026-06-05T11:58:15","slug":"kliniken-in-baden-wuerttemberg-protestieren-gegen-finanzierungsplaene","status":"publish","type":"post","link":"https:\/\/www.europesays.com\/de\/1071713\/","title":{"rendered":"Kliniken in Baden-W\u00fcrttemberg protestieren gegen Finanzierungspl\u00e4ne"},"content":{"rendered":"<p class=\"opener\">Zahlreiche Krankenh\u00e4user in Baden-W\u00fcrttemberg protestieren am 12. Juni gegen geplante Finanzierungsregelungen. Sie warnen vor Einschnitten in der Versorgung.<\/p>\n<p>Mit einem landesweiten Aktionstag wollen zahlreiche Kliniken am 12. Juni auf ihre angespannte finanzielle Situation aufmerksam machen. Unter dem Motto \u201eKein Geld. Keine Versorgung. Wir sind f\u00fcr Sie da. Solange wir noch k\u00f6nnen.\u201c werden nach Angaben der Baden-W\u00fcrttembergischen Krankenhausgesellschaft (BWKG) vielerorts die Haupteing\u00e4nge der Krankenh\u00e4user f\u00fcr zwei Stunden symbolisch geschlossen.<\/p>\n<p>Hintergrund ist die Kritik der BWKG am geplanten Beitragssatzstabilisierungsgesetz. Nach Angaben des Verbands k\u00f6nnten den Krankenh\u00e4usern im Land dadurch im kommenden Jahr bis zu 1,7 Milliarden Euro fehlen. F\u00fcr das Jahr 2026 rechnet die BWKG bereits mit einem Defizit von rund 880 Millionen Euro.<\/p>\n<p>BWKG warnt vor Folgen f\u00fcr die Versorgung<\/p>\n<p>BWKG-Vorstandsvorsitzender Heiner Scheffold warnt, dass die geplanten Regelungen die Existenz vieler Krankenh\u00e4user gef\u00e4hrden k\u00f6nnten. Nach Einsch\u00e4tzung der Krankenhausgesellschaft k\u00f6nnten Leistungsk\u00fcrzungen, Personalabbau und Klinikschlie\u00dfungen die Folge sein. Auch der Aufbau krisenresilienter Strukturen w\u00fcrde dadurch erschwert.<\/p>\n<p>Die BWKG verweist darauf, dass Baden-W\u00fcrttemberg bereits \u00fcber eine vergleichsweise effiziente Krankenhausstruktur mit weniger Kliniken und weniger Betten je Einwohner als andere Bundesl\u00e4nder verf\u00fcge. Deshalb fordert der Verband einen strukturorientierten Zuschlag f\u00fcr L\u00e4nder, die den Strukturwandel im Krankenhausbereich vorantreiben.<\/p>\n<p>Kritik an Personalregelungen und B\u00fcrokratie<\/p>\n<p>Kritisch bewertet die Krankenhausgesellschaft zudem geplante \u00c4nderungen beim Pflegebudget sowie die vorgesehene Finanzierung von Tarifsteigerungen. Wer Personalvorgaben und Tarifentlohnung verlange, m\u00fcsse nach Ansicht der BWKG auch die dadurch entstehenden Kosten vollst\u00e4ndig finanzieren.<\/p>\n<p>Dar\u00fcber hinaus fordert der Verband einen st\u00e4rkeren B\u00fcrokratieabbau. Zus\u00e4tzliche Pr\u00fcfungen durch den Medizinischen Dienst w\u00fcrden nach Einsch\u00e4tzung der BWKG dazu f\u00fchren, dass Kliniken mehr Ressourcen f\u00fcr Verwaltung und weniger f\u00fcr die Patientenversorgung aufwenden m\u00fcssten.<\/p>\n<p>Mit dem Aktionstag wollen die Krankenh\u00e4user nach eigenen Angaben auf die aus ihrer Sicht drohenden Auswirkungen der Gesetzespl\u00e4ne aufmerksam machen und f\u00fcr eine verl\u00e4ssliche Finanzierung der station\u00e4ren Versorgung werben.<\/p>\n<p class=\"has-small-font-size\">(Quelle: BWKG Baden-W\u00fcrttembergische Krankenhausgesellschaft e.V.)<\/p>\n<p>Dieser Beitrag wurde unter Mitwirkung eines KI-Systems erstellt und von der Redaktion gepr\u00fcft.<\/p>\n","protected":false},"excerpt":{"rendered":"Zahlreiche Krankenh\u00e4user in Baden-W\u00fcrttemberg protestieren am 12. Juni gegen geplante Finanzierungsregelungen. Sie warnen vor Einschnitten in der Versorgung.&hellip;\n","protected":false},"author":2,"featured_media":1071714,"comment_status":"","ping_status":"","sticky":false,"template":"","format":"standard","meta":{"footnotes":"","_share_on_mastodon":"0"},"categories":[1830],"tags":[1634,76610,3364,29,29151,30,141,4612,290,20069,19718,3263,26645,14345,9221,11680,70834,1441,48137,43287],"class_list":["post-1071713","post","type-post","status-publish","format-standard","has-post-thumbnail","category-stuttgart","tag-baden-wuerttemberg","tag-biberach","tag-de","tag-deutschland","tag-friedrichshafen","tag-germany","tag-gesundheit","tag-gesundheitspolitik","tag-gesundheitswesen","tag-klinik","tag-konstanz","tag-krankenhaus","tag-lindau","tag-nachbarschaft","tag-pflege","tag-ravensburg","tag-sigmaringen","tag-stuttgart","tag-tuttlingen","tag-ueberregional"],"share_on_mastodon":{"url":"https:\/\/pubeurope.com\/@de\/116697386914123743","error":""},"_links":{"self":[{"href":"https:\/\/www.europesays.com\/de\/wp-json\/wp\/v2\/posts\/1071713","targetHints":{"allow":["GET"]}}],"collection":[{"href":"https:\/\/www.europesays.com\/de\/wp-json\/wp\/v2\/posts"}],"about":[{"href":"https:\/\/www.europesays.com\/de\/wp-json\/wp\/v2\/types\/post"}],"author":[{"embeddable":true,"href":"https:\/\/www.europesays.com\/de\/wp-json\/wp\/v2\/users\/2"}],"replies":[{"embeddable":true,"href":"https:\/\/www.europesays.com\/de\/wp-json\/wp\/v2\/comments?post=1071713"}],"version-history":[{"count":0,"href":"https:\/\/www.europesays.com\/de\/wp-json\/wp\/v2\/posts\/1071713\/revisions"}],"wp:featuredmedia":[{"embeddable":true,"href":"https:\/\/www.europesays.com\/de\/wp-json\/wp\/v2\/media\/1071714"}],"wp:attachment":[{"href":"https:\/\/www.europesays.com\/de\/wp-json\/wp\/v2\/media?parent=1071713"}],"wp:term":[{"taxonomy":"category","embeddable":true,"href":"https:\/\/www.europesays.com\/de\/wp-json\/wp\/v2\/categories?post=1071713"},{"taxonomy":"post_tag","embeddable":true,"href":"https:\/\/www.europesays.com\/de\/wp-json\/wp\/v2\/tags?post=1071713"}],"curies":[{"name":"wp","href":"https:\/\/api.w.org\/{rel}","templated":true}]}}