{"id":1071745,"date":"2026-06-05T12:14:15","date_gmt":"2026-06-05T12:14:15","guid":{"rendered":"https:\/\/www.europesays.com\/de\/1071745\/"},"modified":"2026-06-05T12:14:15","modified_gmt":"2026-06-05T12:14:15","slug":"philipp-plein-strafbefehl-gegen-exfreundin-lucia-bild-erklaert-was-dahinter-steckt-unterhaltung","status":"publish","type":"post","link":"https:\/\/www.europesays.com\/de\/1071745\/","title":{"rendered":"Philipp Plein: Strafbefehl gegen Exfreundin Lucia! BILD erkl\u00e4rt, was dahinter steckt | Unterhaltung"},"content":{"rendered":"<p>Neue Eskalation im Rosenkrieg um den Modestar Philipp Plein: Seine Ex-Partnerin Lucia Bartoli ist in der Schweiz per Strafbefehl verurteilt worden. Plein und sie trennten sich im Fr\u00fchjahr 2023 nach rund f\u00fcnf Jahren Liebe. Seit einigen Monaten liefern sich beide einen \u00f6ffentlichen Rosenkrieg. In dem ging es zuerst um die gemeinsamen S\u00f6hne Rocket und Rouge. <\/p>\n<p><b>BILD liegt das amtliche Dokument vor. Welche Ausgaben die Ermittler genau auflisten, welche Vorw\u00fcrfe zus\u00e4tzlich erhoben werden und welche finanziellen Folgen jetzt auf Bartoli zukommen, lesen Sie mit BILDplus.<\/b><\/p>\n","protected":false},"excerpt":{"rendered":"Neue Eskalation im Rosenkrieg um den Modestar Philipp Plein: Seine Ex-Partnerin Lucia Bartoli ist in der Schweiz per&hellip;\n","protected":false},"author":2,"featured_media":1071746,"comment_status":"","ping_status":"","sticky":false,"template":"","format":"standard","meta":{"footnotes":"","_share_on_mastodon":"0"},"categories":[1776],"tags":[1290,1801,354,29,214,30,228216,1802,18709,215],"class_list":["post-1071745","post","type-post","status-publish","format-standard","has-post-thumbnail","category-prominente","tag-baby","tag-celebrities","tag-designer","tag-deutschland","tag-entertainment","tag-germany","tag-plein-philipp","tag-prominente","tag-sorgerecht","tag-unterhaltung"],"share_on_mastodon":{"url":"https:\/\/pubeurope.com\/@de\/116697449755301006","error":""},"_links":{"self":[{"href":"https:\/\/www.europesays.com\/de\/wp-json\/wp\/v2\/posts\/1071745","targetHints":{"allow":["GET"]}}],"collection":[{"href":"https:\/\/www.europesays.com\/de\/wp-json\/wp\/v2\/posts"}],"about":[{"href":"https:\/\/www.europesays.com\/de\/wp-json\/wp\/v2\/types\/post"}],"author":[{"embeddable":true,"href":"https:\/\/www.europesays.com\/de\/wp-json\/wp\/v2\/users\/2"}],"replies":[{"embeddable":true,"href":"https:\/\/www.europesays.com\/de\/wp-json\/wp\/v2\/comments?post=1071745"}],"version-history":[{"count":0,"href":"https:\/\/www.europesays.com\/de\/wp-json\/wp\/v2\/posts\/1071745\/revisions"}],"wp:featuredmedia":[{"embeddable":true,"href":"https:\/\/www.europesays.com\/de\/wp-json\/wp\/v2\/media\/1071746"}],"wp:attachment":[{"href":"https:\/\/www.europesays.com\/de\/wp-json\/wp\/v2\/media?parent=1071745"}],"wp:term":[{"taxonomy":"category","embeddable":true,"href":"https:\/\/www.europesays.com\/de\/wp-json\/wp\/v2\/categories?post=1071745"},{"taxonomy":"post_tag","embeddable":true,"href":"https:\/\/www.europesays.com\/de\/wp-json\/wp\/v2\/tags?post=1071745"}],"curies":[{"name":"wp","href":"https:\/\/api.w.org\/{rel}","templated":true}]}}