{"id":1071778,"date":"2026-06-05T12:34:13","date_gmt":"2026-06-05T12:34:13","guid":{"rendered":"https:\/\/www.europesays.com\/de\/1071778\/"},"modified":"2026-06-05T12:34:13","modified_gmt":"2026-06-05T12:34:13","slug":"sperrung-auf-theodor-heuss-strasse-in-moenchengladbach-fuer-brueckenbau","status":"publish","type":"post","link":"https:\/\/www.europesays.com\/de\/1071778\/","title":{"rendered":"Sperrung auf Theodor-Heuss-Stra\u00dfe in M\u00f6nchengladbach f\u00fcr Br\u00fcckenbau"},"content":{"rendered":"<p class=\"text_ohne_einzug richtext text-em-55 !leading-serif mx-6 desktop:mx-0\">Es ist sp\u00e4ter Nachmittag. Auf der Theodor-Heuss-Stra\u00dfe staut sich um diese Uhrzeit normalerweise der Verkehr. Doch an diesem Tag vor einem Feiertag sind viele Menschen schon verreist. Deshalb kommen die Fahrzeuge in beide Richtungen nur am neuen Engpass ins Stocken: Auf dem Abschnitt zwischen Hof- und Fliethstra\u00dfe ist die Trasse, die eine der am st\u00e4rksten befahrenen der Stadt ist, seit Anfang der Woche nur noch einspurig. Das macht alles noch etwas un\u00fcbersichtlicher.<\/p>\n<p class=\"richtext text-em-55 !leading-serif mx-6 desktop:mx-0\">Und dann ist auch noch Schulschluss in einer der benachbarten Einrichtungen: Jugendliche laufen von der Volksgartenstra\u00dfe kommend \u00fcber die Gleise und dann \u00fcber die ungesicherte Theodor-Heuss-Stra\u00dfe. Es ist eine Situation, wie sie t\u00e4glich sehr oft zu beobachten ist \u2013 und die deutlich macht, weshalb es richtig ist, dass diese Baustelle eingerichtet ist: f\u00fcr den Bau einer Behelfsbr\u00fccke \u00fcber die Hauptverkehrsachse.<\/p>\n","protected":false},"excerpt":{"rendered":"Es ist sp\u00e4ter Nachmittag. Auf der Theodor-Heuss-Stra\u00dfe staut sich um diese Uhrzeit normalerweise der Verkehr. Doch an diesem&hellip;\n","protected":false},"author":2,"featured_media":1071779,"comment_status":"","ping_status":"","sticky":false,"template":"","format":"standard","meta":{"footnotes":"","_share_on_mastodon":"0"},"categories":[1849],"tags":[75930,91418,3364,29,188590,548,663,3934,30,13,27897,12992,4455,14,15,1209,12,27751,18688,228220,601,44813],"class_list":["post-1071778","post","type-post","status-publish","format-standard","has-post-thumbnail","category-moenchengladbach","tag-behelfsbruecke","tag-beobachten","tag-de","tag-deutschland","tag-erliegen","tag-eu","tag-europa","tag-europe","tag-germany","tag-headlines","tag-heuss","tag-monats","tag-moenchengladbach","tag-nachrichten","tag-news","tag-nordrhein-westfalen","tag-schlagzeilen","tag-spuren","tag-theodor","tag-verbindungsachse","tag-verkehr","tag-wichtigen"],"share_on_mastodon":{"url":"https:\/\/pubeurope.com\/@de\/116697528236988611","error":""},"_links":{"self":[{"href":"https:\/\/www.europesays.com\/de\/wp-json\/wp\/v2\/posts\/1071778","targetHints":{"allow":["GET"]}}],"collection":[{"href":"https:\/\/www.europesays.com\/de\/wp-json\/wp\/v2\/posts"}],"about":[{"href":"https:\/\/www.europesays.com\/de\/wp-json\/wp\/v2\/types\/post"}],"author":[{"embeddable":true,"href":"https:\/\/www.europesays.com\/de\/wp-json\/wp\/v2\/users\/2"}],"replies":[{"embeddable":true,"href":"https:\/\/www.europesays.com\/de\/wp-json\/wp\/v2\/comments?post=1071778"}],"version-history":[{"count":0,"href":"https:\/\/www.europesays.com\/de\/wp-json\/wp\/v2\/posts\/1071778\/revisions"}],"wp:featuredmedia":[{"embeddable":true,"href":"https:\/\/www.europesays.com\/de\/wp-json\/wp\/v2\/media\/1071779"}],"wp:attachment":[{"href":"https:\/\/www.europesays.com\/de\/wp-json\/wp\/v2\/media?parent=1071778"}],"wp:term":[{"taxonomy":"category","embeddable":true,"href":"https:\/\/www.europesays.com\/de\/wp-json\/wp\/v2\/categories?post=1071778"},{"taxonomy":"post_tag","embeddable":true,"href":"https:\/\/www.europesays.com\/de\/wp-json\/wp\/v2\/tags?post=1071778"}],"curies":[{"name":"wp","href":"https:\/\/api.w.org\/{rel}","templated":true}]}}