{"id":1071905,"date":"2026-06-05T13:50:19","date_gmt":"2026-06-05T13:50:19","guid":{"rendered":"https:\/\/www.europesays.com\/de\/1071905\/"},"modified":"2026-06-05T13:50:19","modified_gmt":"2026-06-05T13:50:19","slug":"hitze-krankmeldungen-steigen-ab-30-grad-studie-zeigt-klare-zahlen","status":"publish","type":"post","link":"https:\/\/www.europesays.com\/de\/1071905\/","title":{"rendered":"Hitze: Krankmeldungen steigen ab 30 Grad \u2013 Studie zeigt klare Zahlen"},"content":{"rendered":"<p>Vier Branchen besonders betroffen <\/p>\n<p>Extremwetter treibt Krankmeldungen nach oben<\/p>\n<p>05.06.2026 &#8211; 14:38 UhrLesedauer: 2 Min.<\/p>\n<p><a href=\"#focus-0\" class=\"transition-colors duration-200 block text-current relative\" data-sctrack=\"FocusGalleryImage.Reference\"><img fetchpriority=\"high\" data-testid=\"Opener.Image\"   loading=\"eager\" src=\"https:\/\/www.europesays.com\/de\/wp-content\/uploads\/2026\/06\/schwitzen-im-home-office-hitzewellen-fuehren-bei-den-firmen-zu-vielen-fehltagen.jpg\" alt=\"Schwitzen im Home Office: Hitzewellen f\u00fchren bei den Firmen zu vielen Fehltagen.\" title=\"Schwitzen im Home Office: Hitzewellen f\u00fchren bei den Firmen zu vielen Fehltagen.\" width=\"6716\" height=\"3778\" class=\"bg-[url:var(--lqipURL)] bg-cover bg-center flex h-full w-full max-w-full\" style=\"--lqipURL:url('https:\/\/images.t-online.de\/2026\/06\/aIyZklvXCE5N\/0x350:6716x3778\/fit-in\/150x0\/filters:blur(25)\/schwitzen-im-home-office-hitzewellen-fuehren-bei-den-firmen-zu-vielen-fehltagen.jpg')\" decoding=\"async\"\/><img loading=\"lazy\" src=\"https:\/\/www.t-online.de\/s\/paper\/_next\/static\/media\/zoom-in.f7dae02f.svg\" alt=\"Vergr\u00f6\u00dfern des Bildes\" title=\"Vergr\u00f6\u00dfern des Bildes\" class=\"block h-[calc(var(--height)_\/_16_*_1rem)] w-[calc(var(--width)_\/_16_*_1rem)] max-w-none absolute bottom-8 right-8 rounded-4 bg-snow p-8\" style=\"--width:32;--height:32\" decoding=\"async\"\/><\/a><\/p>\n<p>Schwitzen im Home Office: Hitzewellen f\u00fchren bei den Firmen zu vielen Fehltagen. (Quelle: IMAGO \/ Wolfgang Maria Weber\/imago)<\/p>\n<p><img loading=\"lazy\" src=\"https:\/\/www.t-online.de\/s\/paper\/_next\/static\/media\/audio-volume.6689034c.svg\" alt=\"\" title=\"\" class=\"block h-[calc(var(--height)_\/_16_*_1rem)] w-[calc(var(--width)_\/_16_*_1rem)] max-w-none group-hover:brightness-0 group-hover:invert\" style=\"--width:16;--height:16\" decoding=\"async\"\/>Vorlesen<\/p>\n<p>Aktuelle Zeit:0:00Gesamtdauer:0:00<\/p>\n<p>1x<\/p>\n<p class=\"text-center\">Jetzt neu bei t-online:<\/p>\n<p class=\"text-center\">Schriftgr\u00f6\u00dfe anpassen!<\/p>\n<p><img loading=\"lazy\" src=\"https:\/\/www.t-online.de\/s\/paper\/_next\/static\/media\/font-sizes.32942e33.svg\" alt=\"\" title=\"\" class=\"block h-[calc(var(--height)_\/_16_*_1rem)] w-[calc(var(--width)_\/_16_*_1rem)] max-w-none group-hover:hidden group-aria-expanded:hidden\" style=\"--width:16;--height:16\" decoding=\"async\"\/><img loading=\"lazy\" src=\"https:\/\/www.t-online.de\/s\/paper\/_next\/static\/media\/font-sizes-dark-mode.e382645c.svg\" alt=\"\" title=\"\" class=\"block h-[calc(var(--height)_\/_16_*_1rem)] w-[calc(var(--width)_\/_16_*_1rem)] max-w-none hidden group-hover:block group-aria-expanded:block\" style=\"--width:16;--height:16\" decoding=\"async\"\/><img loading=\"lazy\" src=\"https:\/\/www.t-online.de\/s\/paper\/_next\/static\/media\/sharing-menu-icon.1eb71368.svg\" alt=\"\" title=\"\" class=\"block h-[calc(var(--height)_\/_16_*_1rem)] w-[calc(var(--width)_\/_16_*_1rem)] max-w-none group-hover:brightness-0 group-hover:invert\" style=\"--width:16;--height:16\" decoding=\"async\"\/>Artikel teilen<\/p>\n<p class=\"font-bold text-18 leading-17 user-text-lg:text-22 user-text-xl:text-24\">Der Sommer ist da \u2013 und mit ihm die Aussicht auf hohe Temperaturen. Eine neue Studie zeigt nun, warum lange Hitzewellen viele Unternehmen teuer zu stehen kommen.<\/p>\n<p class=\"text-18 leading-17 user-text-lg:text-22 user-text-xl:text-24\">W\u00e4hrend ein hei\u00dfer Tag bei vielen Menschen f\u00fcr Freude sorgt, d\u00fcrften Arbeitgeber Hitzetage eher mit Sorge betrachten. Denn sobald das Thermometer die 30-Grad-Marke \u00fcberspringt, steigen in den Firmen die Krankmeldungen. Das zeigt eine Studie des Potsdam-Instituts f\u00fcr Klimafolgenforschung auf Basis von Abrechnungsdaten von rund 9,7 Millionen AOK-Versicherten.<\/p>\n<p class=\"text-18 leading-17 user-text-lg:text-22 user-text-xl:text-24\">Der Studie zufolge f\u00fchrt bereits schon ein einzelner Hitzetag zu einem Anstieg der Krankmeldungen um 3,5 Prozent. Je l\u00e4nger die Hitzebelastung anh\u00e4lt, desto mehr Angestellte melden sich nicht arbeitsf\u00e4hig. So betr\u00e4gt der Anstieg der Krankmeldungen am dritten aufeinanderfolgenden Hitzetag bereits 5,0 Prozent. Nach sieben Hitzetagen verdreifacht er sich schlie\u00dflich auf etwa 10,8 Prozent.<\/p>\n<p>Drei Tage Hitze kosten \u00fcber 30 Millionen Euro<\/p>\n<p class=\"text-18 leading-17 user-text-lg:text-22 user-text-xl:text-24\">Da die Firmen im Krankheitsfall weiter den Lohn ihrer Mitarbeiter zahlen m\u00fcssen, entstehen ihnen hohe Kosten. Die Studienautoren bezifferten den wirtschaftlichen Schaden einer dreit\u00e4gigen <a class=\"transition-colors duration-200 cursor-pointer text-inherit no-underline text-salemsfur md:hover:text-magenta md:hover:border-magenta md:focus:text-magenta border-current border-b border-solid break-words\" data-tracking=\"{&quot;action&quot;:&quot;click&quot;,&quot;category&quot;:&quot;intextLink&quot;,&quot;label&quot;:&quot;\/themen\/hitzewelle\/&quot;}\" href=\"https:\/\/www.t-online.de\/themen\/hitzewelle\/\" data-sctrack=\"BodyAnchor\" rel=\"nofollow noopener\" target=\"_blank\">Hitzewelle<\/a> auf rund 32 Millionen Euro. Hinzu kommen weitere negative, jedoch schwer bezifferbare Effekte. Dazu geh\u00f6rt etwa die geringere Produktivit\u00e4t der Arbeitnehmer, die trotz Hitze am Arbeitsplatz erschienen.<\/p>\n<p class=\"text-18 leading-17 user-text-lg:text-22 user-text-xl:text-24\">Eine Hitzewelle hat zudem offenbar auch Langzeiteffekte. So registrierten die Forscher nach einer mindestens drei Tage dauernden Hitzewelle auch in den folgenden vier Jahren gestiegene Ausgaben f\u00fcr Arbeitsausf\u00e4lle. &#8222;Die Langzeit-Analyse auf Basis der AOK-Daten belegt damit, dass sich Hitzewellen auch l\u00e4ngerfristig negativ auf die Gesundheit der Besch\u00e4ftigten auswirken&#8220;, betonte Carola Reimann, Vorstandsvorsitzende des AOK-Bundesverbands.<\/p>\n<p>Nicht jeder Beruf gleicherma\u00dfen betroffen<\/p>\n<p class=\"text-18 leading-17 user-text-lg:text-22 user-text-xl:text-24\">Allerdings zeigt die Analyse auch, dass nicht alle Berufsgruppen gleicherma\u00dfen gesundheitlich unter der Hitze leiden. Unter den insgesamt 36 betrachteten Berufsgruppen stellten die Forscher das h\u00f6chste Risiko f\u00fcr hitzebedingte Arbeitsausf\u00e4lle vor allem in den folgenden Branchen fest:<\/p>\n<ul class=\"text-18 leading-17 block pl-24 *:pb-16 *:before:inline-block *:before:size-8 *:before:bg-magenta *:before:-ml-[20px] *:before:mb-2 *:before:mr-12 *:before:mt-0\">\n<li>Transport und Logistik<\/li>\n<li>Fertigung<\/li>\n<li>Landwirtschaft<\/li>\n<li>Bauwesen<\/li>\n<\/ul>\n<p class=\"text-18 leading-17 user-text-lg:text-22 user-text-xl:text-24\">Das alles sind k\u00f6rperlich anstrengende Berufe, mit viel Arbeit im Freien, nur geringen M\u00f6glichkeiten zur flexiblen Anpassung der Arbeitszeiten sowie mit geringem Einkommen. &#8222;Das unterstreicht, dass Hitze ohnehin benachteiligte Bev\u00f6lkerungsgruppen auch in der Arbeitswelt am st\u00e4rksten beeintr\u00e4chtigt&#8220;, so Studienautorin Hannah Heiliger.<\/p>\n<p class=\"text-18 leading-17 user-text-lg:text-22 user-text-xl:text-24\">Am wenigsten betroffen waren hingegen Besch\u00e4ftigte in der Informationstechnologie, im Bildungsbereich sowie im Rechts- und Verwaltungswesen. Allerdings steigen auch in diesen Berufsgruppen bei Hitze die Krankmeldungen.<\/p>\n<p>Was Arbeitgeber machen k\u00f6nnen<\/p>\n<p class=\"text-18 leading-17 user-text-lg:text-22 user-text-xl:text-24\">AOK-Vorsitzende Reimann betonte die Notwendigkeit von Schutzma\u00dfnahmen in den Firmen, wie k\u00fchlere Arbeitsr\u00e4ume oder mehr Flexibilit\u00e4t bei den Arbeitszeiten. In Richtung Politik forderte sie Entwicklung, Umsetzung und Anpassung von Hitzeaktionspl\u00e4nen.<\/p>\n<p class=\"text-18 leading-17 user-text-lg:text-22 user-text-xl:text-24\">Hitzeperioden werden auch in Deutschland zu einem immer gr\u00f6\u00dferen Problem. In Deutschland hat sich die Zahl der Hitzetage nach Angaben des Versichererverbands GDV im Vergleich zu den 1950er-Jahren fast verdreifacht. Im vergangenen Jahr gab es laut <a class=\"transition-colors duration-200 cursor-pointer text-inherit no-underline text-salemsfur md:hover:text-magenta md:hover:border-magenta md:focus:text-magenta border-current border-b border-solid break-words\" data-tracking=\"{&quot;action&quot;:&quot;click&quot;,&quot;category&quot;:&quot;intextLink&quot;,&quot;label&quot;:&quot;\/themen\/umweltbundesamt\/&quot;}\" href=\"https:\/\/www.t-online.de\/themen\/umweltbundesamt\/\" data-sctrack=\"BodyAnchor\" rel=\"nofollow noopener\" target=\"_blank\">Umweltbundesamt<\/a> gemittelt \u00fcber die Fl\u00e4che Deutschlands insgesamt 11,1 Tage mit Temperaturen \u00fcber 30 Grad. Rekordjahr ist bislang 2018 mit 20 Hitzetagen.<\/p>\n","protected":false},"excerpt":{"rendered":"Vier Branchen besonders betroffen Extremwetter treibt Krankmeldungen nach oben 05.06.2026 &#8211; 14:38 UhrLesedauer: 2 Min. Schwitzen im Home&hellip;\n","protected":false},"author":2,"featured_media":1071906,"comment_status":"","ping_status":"","sticky":false,"template":"","format":"standard","meta":{"footnotes":"","_share_on_mastodon":"0"},"categories":[134],"tags":[27849,629,628,175,83416,170,169,29,30,60973,18113,54162,171,174,173,172],"class_list":["post-1071905","post","type-post","status-publish","format-standard","has-post-thumbnail","category-unternehmen-maerkte","tag-aok","tag-arbeitgeber","tag-arbeitnehmer","tag-business","tag-carola-reimann","tag-companies","tag-companies-markets","tag-deutschland","tag-germany","tag-hitzetag","tag-hitzewelle","tag-krankmeldung","tag-markets","tag-maerkte","tag-unternehmen","tag-unternehmen-maerkte"],"share_on_mastodon":{"url":"https:\/\/pubeurope.com\/@de\/116697828924522814","error":""},"_links":{"self":[{"href":"https:\/\/www.europesays.com\/de\/wp-json\/wp\/v2\/posts\/1071905","targetHints":{"allow":["GET"]}}],"collection":[{"href":"https:\/\/www.europesays.com\/de\/wp-json\/wp\/v2\/posts"}],"about":[{"href":"https:\/\/www.europesays.com\/de\/wp-json\/wp\/v2\/types\/post"}],"author":[{"embeddable":true,"href":"https:\/\/www.europesays.com\/de\/wp-json\/wp\/v2\/users\/2"}],"replies":[{"embeddable":true,"href":"https:\/\/www.europesays.com\/de\/wp-json\/wp\/v2\/comments?post=1071905"}],"version-history":[{"count":0,"href":"https:\/\/www.europesays.com\/de\/wp-json\/wp\/v2\/posts\/1071905\/revisions"}],"wp:featuredmedia":[{"embeddable":true,"href":"https:\/\/www.europesays.com\/de\/wp-json\/wp\/v2\/media\/1071906"}],"wp:attachment":[{"href":"https:\/\/www.europesays.com\/de\/wp-json\/wp\/v2\/media?parent=1071905"}],"wp:term":[{"taxonomy":"category","embeddable":true,"href":"https:\/\/www.europesays.com\/de\/wp-json\/wp\/v2\/categories?post=1071905"},{"taxonomy":"post_tag","embeddable":true,"href":"https:\/\/www.europesays.com\/de\/wp-json\/wp\/v2\/tags?post=1071905"}],"curies":[{"name":"wp","href":"https:\/\/api.w.org\/{rel}","templated":true}]}}