{"id":1072091,"date":"2026-06-05T15:30:25","date_gmt":"2026-06-05T15:30:25","guid":{"rendered":"https:\/\/www.europesays.com\/de\/1072091\/"},"modified":"2026-06-05T15:30:25","modified_gmt":"2026-06-05T15:30:25","slug":"oliver-kirch-will-arminia-bielefeld-in-der-zweiten-liga-etablieren","status":"publish","type":"post","link":"https:\/\/www.europesays.com\/de\/1072091\/","title":{"rendered":"Oliver Kirch will Arminia Bielefeld in der zweiten Liga etablieren"},"content":{"rendered":"<p>Bei Arminia Bielefeld wurde der neue Trainer Oliver Kirch vorgestellt. Es gehe darum, sich in der Liga zu etablieren, sagte Kirch.<\/p>\n<p>Verankerung in der zweiten Bundesliga<\/p>\n<p>Dabei spielte Kirch darauf an, dass Arminia erst vor einem Jahr in die zweite Bundesliga aufgestiegen ist. Kirch will mit Bielefeld den eingeschlagenen Weg fortsetzen.<\/p>\n<p>Sportliche Karriere von Oliver Kirch<\/p>\n<p>Der 43-J\u00e4hrige spielte in seiner Karriere unter anderem f\u00fcr Arminia und den SC Verl. Zuletzt trainierte Kirch die U23 von Borussia M\u00f6nchengladbach in der Regionalliga.<\/p>\n","protected":false},"excerpt":{"rendered":"Bei Arminia Bielefeld wurde der neue Trainer Oliver Kirch vorgestellt. Es gehe darum, sich in der Liga zu&hellip;\n","protected":false},"author":2,"featured_media":1072092,"comment_status":"","ping_status":"","sticky":false,"template":"","format":"standard","meta":{"footnotes":"","_share_on_mastodon":"0"},"categories":[1841],"tags":[2368,1605,299,3364,29,347,30,1209,151797],"class_list":["post-1072091","post","type-post","status-publish","format-standard","has-post-thumbnail","category-bielefeld","tag-arminia-bielefeld","tag-bielefeld","tag-bundesliga","tag-de","tag-deutschland","tag-fussball","tag-germany","tag-nordrhein-westfalen","tag-oliver-kirch"],"share_on_mastodon":{"url":"","error":""},"_links":{"self":[{"href":"https:\/\/www.europesays.com\/de\/wp-json\/wp\/v2\/posts\/1072091","targetHints":{"allow":["GET"]}}],"collection":[{"href":"https:\/\/www.europesays.com\/de\/wp-json\/wp\/v2\/posts"}],"about":[{"href":"https:\/\/www.europesays.com\/de\/wp-json\/wp\/v2\/types\/post"}],"author":[{"embeddable":true,"href":"https:\/\/www.europesays.com\/de\/wp-json\/wp\/v2\/users\/2"}],"replies":[{"embeddable":true,"href":"https:\/\/www.europesays.com\/de\/wp-json\/wp\/v2\/comments?post=1072091"}],"version-history":[{"count":0,"href":"https:\/\/www.europesays.com\/de\/wp-json\/wp\/v2\/posts\/1072091\/revisions"}],"wp:featuredmedia":[{"embeddable":true,"href":"https:\/\/www.europesays.com\/de\/wp-json\/wp\/v2\/media\/1072092"}],"wp:attachment":[{"href":"https:\/\/www.europesays.com\/de\/wp-json\/wp\/v2\/media?parent=1072091"}],"wp:term":[{"taxonomy":"category","embeddable":true,"href":"https:\/\/www.europesays.com\/de\/wp-json\/wp\/v2\/categories?post=1072091"},{"taxonomy":"post_tag","embeddable":true,"href":"https:\/\/www.europesays.com\/de\/wp-json\/wp\/v2\/tags?post=1072091"}],"curies":[{"name":"wp","href":"https:\/\/api.w.org\/{rel}","templated":true}]}}